
{"id":921,"date":"2021-11-28T16:02:01","date_gmt":"2021-11-28T16:02:01","guid":{"rendered":"http:\/\/reveeveille.net\/lamontagnetranquille\/?p=921"},"modified":"2024-02-28T15:38:48","modified_gmt":"2024-02-28T15:38:48","slug":"boucle-au-buet-une-balade-pour-se-mettre-en-forme","status":"publish","type":"post","link":"https:\/\/www.reveeveille.net\/lamontagnetranquille\/boucle-au-buet-une-balade-pour-se-mettre-en-forme\/","title":{"rendered":"Boucle au Buet, une balade pour se mettre en forme"},"content":{"rendered":"\n<p>Le Buet, avec ses 3086 m\u00e8tres, ne peut pas vraiment \u00eatre class\u00e9 dans la cat\u00e9gorie \u00ab\u00a0Haute montagne\u00a0\u00bb. La voie normale ne n\u00e9cessite pas d&rsquo;utiliser les mains, et pour peu qu&rsquo;on n&rsquo;y monte pas trop t\u00f4t en saison, aucun \u00e9quipement d&rsquo;alpinisme n&rsquo;y est n\u00e9cessaire. Mais il peut constituer une excellente balade de mise en forme et d&rsquo;acclimatation \u00e0 l&rsquo;altitude avant d&rsquo;aller se frotter \u00e0 des sommets plus \u00e9lev\u00e9s. C&rsquo;est dans cet esprit que je l&rsquo;ai abord\u00e9 plusieurs fois, et je ne l&rsquo;ai pas regrett\u00e9.<\/p>\n\n\n\n<figure class=\"wp-block-image\"><img decoding=\"async\" src=\"http:\/\/www.reveeveille.net\/photos\/2020\/0713_glaciers_du_tour_et_du_trient_manon\/20200713_glaciers_du_tour_et_du_trient_manon_23.jpg\" alt=\"\"\/><figcaption>Le Buet, de profil, vu depuis les abords du glacier du Tour<\/figcaption><\/figure>\n\n\n\n<p>J&rsquo;entendais parler de ce sommet depuis des d\u00e9cennies, depuis que j&rsquo;\u00e9tais tout petit en fait, sans trop comprendre pourquoi il \u00e9tait si populaire. En y allant, j&rsquo;ai compris. Il constitue l&rsquo;un des plus fabuleux belv\u00e9d\u00e8res qui soient pour contempler le massif du Mont-Blanc. Plus impressionnant encore que depuis les aiguilles rouges, pr\u00e9cis\u00e9ment parce que, d\u00e9passant ces m\u00eames aiguilles de quelques dizaines de m\u00e8tres, il permet d&#8217;embrasser dans le m\u00eame regard le boss et ce magnifique massif secondaire. De l\u00e0 haut, en particulier, vous pourrez d\u00e9tailler la plupart des vall\u00e9es secondaires et des glaciers du nord du massif du Mont-Blanc : Argenti\u00e8re, Tour, Trient&#8230; de quoi pr\u00e9parer de visu vos balades des jours suivants.<\/p>\n\n\n\n<div class=\"wp-block-image\"><figure class=\"aligncenter\"><img decoding=\"async\" src=\"http:\/\/www.reveeveille.net\/photos\/2020\/0713_glaciers_du_tour_et_du_trient_manon\/20200713_glaciers_du_tour_et_du_trient_manon_12.jpg\" alt=\"\"\/><figcaption>Au col des corbeaux<\/figcaption><\/figure><\/div>\n\n\n\n<p>Le Buet a \u00e9galement vu s&rsquo;\u00e9crire sur ses flancs les pr\u00e9mices de l&rsquo;alpinisme : De Saussure s&rsquo;y est aventur\u00e9 avant de se lancer \u00e0 l&rsquo;assaut du toit de l&rsquo;Europe ! Depuis, il est consid\u00e9r\u00e9, \u00e0 juste titre \u00e0 mon avis, comme un \u00ab\u00a0Grand\u00a0\u00bb petit sommet, \u00e0 tel point qu&rsquo;on l&rsquo;appelle \u00ab\u00a0Le Mont Blanc des Dames\u00a0\u00bb. Il y a sur ces pentes un petit parfin de mythologie alpine, bien agr\u00e9able et attirant.<\/p>\n\n\n\n<p>Autre fait surprenant, l&rsquo;enneigement est important vu l&rsquo;altitude modeste, sur le versant sud autant que dans les combes nord-ouest et sur l&rsquo;ar\u00eate nord. Il sera souvent n\u00e9cessaire de traverser des n\u00e9v\u00e9s, jusque tr\u00e8s tard dans la saison. Un bon point de plus pour l&rsquo;ambiance \u00ab\u00a0haute montagne\u00a0\u00bb.<\/p>\n\n\n\n<figure class=\"wp-block-image\"><img decoding=\"async\" src=\"http:\/\/www.reveeveille.net\/photos\/2020\/0713_glaciers_du_tour_et_du_trient_manon\/20200713_glaciers_du_tour_et_du_trient_manon_10.jpg\" alt=\"\"\/><figcaption>Bouquetins dans la mont\u00e9e de Tr\u00e9-les-eaux<\/figcaption><\/figure>\n\n\n\n<p>Pour toutes ces raisons tr\u00e8s valables, le Buet est fr\u00e9quent\u00e9 \u00e0 l\u2019extr\u00eame, c&rsquo;est peu de le dire. Par beau temps la voie normale ressemble \u00e0 une procession religieuse. Faire l&rsquo;aller-retour par cet itin\u00e9raire est donc carr\u00e9ment dommage, sachant que plusieurs \u00ab\u00a0portes de derri\u00e8re\u00a0\u00bb magnifiques et quasiment d\u00e9sertes permettent d&rsquo;acc\u00e9der au sommet en toute tranquillit\u00e9. Je vous sugg\u00e8re de monter par le val de Tr\u00e9-les-eaux ou par le col de la Terrasse, et de ne faire que la redescente par cette fameuse voie normale si courue.<\/p>\n\n\n\n<p>C&rsquo;est alors une magnifique boucle qui peut se faire avec la tente en 2, voire 3 jours pour \u00eatre vraiment tranquilles. Si vous arrivez de la vie citadine, cela&nbsp; vous permettra de faire la coupure en douceur en divisant l&rsquo;effort par deux, et de vous reposer un peu avant de passer \u00e0 des choses plus s\u00e9rieuses. Cela vous permettra \u00e9galement de passer une premi\u00e8re nuit \u00e0 plus de 2600 m\u00e8tres, premier pas non n\u00e9gligeable dans votre acclimatation \u00e0 l&rsquo;altitude.<\/p>\n\n\n\n<h2 class=\"wp-block-heading\">L&rsquo;itin\u00e9raire<\/h2>\n\n\n\n<p>Quel que soit l&rsquo;itin\u00e9raire choisi, la boucle prend son d\u00e9part au minuscule lieu-dit \u00ab\u00a0Le Buet\u00a0\u00bb, en versant nord du col des Montets. Il y a l\u00e0 un arr\u00eat de la ligne de train qui relie Chamonix \u00e0 la Suisse, vous pourrez donc vous passer de v\u00e9hicule.<\/p>\n\n\n\n<p>Les mont\u00e9es par  le val de Tr\u00e9-les-eaux ou par le refuge de Loriaz ont ceci en commun de pr\u00e9senter par moment des passages l\u00e9g\u00e8rement escarp\u00e9s et peu trac\u00e9s, donnant l&rsquo;impression d&rsquo;\u00eatre en marche d&rsquo;approche d&rsquo;un sommet de haute montagne.<\/p>\n\n\n\n<h4 class=\"wp-block-heading\">La mont\u00e9e par Tr\u00e9-les-eaux<\/h4>\n\n\n\n<p>Attention, par Tr\u00e9-les-eaux, \u00e0 partir du lac (c\u00f4te 2259), le chemin passe en rive droite d&rsquo;un ravin, comme indiqu\u00e9 sur la carte, mais sur le terrain ce n&rsquo;est pas une \u00e9vidence, soyez attentifs. Une ligne de cairns peu marqu\u00e9s permet finalement d&rsquo;atteindre le Col des corbeaux\u00a0\u00bb. Les environs du col pr\u00e9sentent de magnifiques spots pour camper, par exemple sur de beaux replats sous le point c\u00f4t\u00e9 2602.<\/p>\n\n\n\n<figure class=\"wp-block-image\"><img decoding=\"async\" src=\"http:\/\/www.reveeveille.net\/photos\/2020\/0713_glaciers_du_tour_et_du_trient_manon\/20200713_glaciers_du_tour_et_du_trient_manon_09.jpg\" alt=\"\"\/><figcaption>Charmant petit spot de camping<\/figcaption><\/figure>\n\n\n\n<div class=\"wp-block-image\"><figure class=\"aligncenter\"><img decoding=\"async\" src=\"http:\/\/www.reveeveille.net\/photos\/2016\/0805_le_buet_marc\/20160805_le_buet_marc_02.jpg\" alt=\"\"\/><figcaption>Camp au col des cordeaux<\/figcaption><\/figure><\/div>\n\n\n\n<h4 class=\"wp-block-heading\">La mont\u00e9e par le col de la Terrasse<\/h4>\n\n\n\n<p>Rien de sp\u00e9cial ici, sauf qu&rsquo;en d\u00e9but de saison (juillet), il peut y avoir beaucoup de neige sous le col. Les pentes assez raides peuvent imposer d&rsquo;utiliser les crampons en d\u00e9but de journ\u00e9e lorsque la neige est dure.<\/p>\n\n\n\n<p class=\"has-text-align-center\">***<\/p>\n\n\n\n<p>Par l&rsquo;un ou l&rsquo;autre des itin\u00e9raires, l&rsquo;ensemble de la mont\u00e9e jusqu&rsquo;\u00e0 la cr\u00e8te \u00e0 2600 m\u00e8tres, au pas tranquille du randonneur un peu charg\u00e9 et pas encore tr\u00e8s en forme, pourra prendre 5 \u00e0 6 heures (1300 m\u00e8tres de d\u00e9nivel\u00e9). Je vous sugg\u00e8re de vous poser par l\u00e0 (quelque part entre le col de la Terrasse et le col des corbeaux).<\/p>\n\n\n\n<h4 class=\"wp-block-heading\">La mont\u00e9e au sommet du Buet<\/h4>\n\n\n\n<p>Le lendemain, il va s&rsquo;agir de suivre la tr\u00e8s longue ar\u00eate qui m\u00e8ne au sommet. Elle d\u00e9marre par un premier tron\u00e7on orient\u00e9 nord-ouest qui rejoint le \u00ab\u00a0col du vieux\u00a0\u00bb (2572 m). Ce tron\u00e7on pr\u00e9sente un passage un peu d\u00e9licat au franchissement (par la gauche) de la \u00ab\u00a0pointe \u00e0 corbeau\u00a0\u00bb. Les pentes y sont parfois raides, le sol instable, et les traces peu pr\u00e9sentes, voire invisibles. Il n&rsquo;y a pas grand monde qui passe par l\u00e0, c&rsquo;est certain. Si vous n&rsquo;avez pas encore le pied tr\u00e8s s\u00fbr, faites plut\u00f4t un large d\u00e9tour, depuis le col du Corbeau, par le col de la terrasse, puis une descente plein nord qui permet de rejoindre un tr\u00e8s bon sentier qui traverse loin sous l&rsquo;ar\u00eate jusqu&rsquo;au m\u00eame col vieux.<\/p>\n\n\n\n<figure class=\"wp-block-image\"><img decoding=\"async\" src=\"http:\/\/www.reveeveille.net\/photos\/2016\/0805_le_buet_marc\/20160805_le_buet_marc_03.jpg\" alt=\"\"\/><figcaption>L&rsquo;interminable et magnifique ar\u00eate <\/figcaption><\/figure>\n\n\n\n<p>La mont\u00e9e vers le sommet Nord-est du \u00ab\u00a0Cheval Blanc\u00a0\u00bb est relativement facile. Les quelques barres rocheuses situ\u00e9es sous le sommet peuvent impressionner un peu vues d&rsquo;en bas mais elles sont tr\u00e8s raisonnables, et \u00e9quip\u00e9es de quelques c\u00e2bles dans les sections les plus raides. Que du plaisir.<\/p>\n\n\n\n<div class=\"wp-block-image\"><figure class=\"aligncenter is-resized\"><img loading=\"lazy\" decoding=\"async\" src=\"http:\/\/www.reveeveille.net\/photos\/2016\/0805_le_buet_marc\/20160805_le_buet_marc_06.jpg\" alt=\"\" width=\"580\" height=\"303\"\/><figcaption>L&rsquo;interminable et magnifique ar\u00eate<\/figcaption><\/figure><\/div>\n\n\n\n<p>A partir de l\u00e0, cap au sud-est par une tr\u00e8s longue et tr\u00e8s vaste ar\u00eate. Croupe large, sol tout de pierres, on s&rsquo;y croirait un peu sur la lune. Le contournement par la gauche de la pointe du Gen\u00e9vrier se fait souvent dans la neige.<\/p>\n\n\n\n<p>A partir du col (2808 m), la pente se redresse fortement en un \u00e9peron impressionnant (et vaguement inqui\u00e9tant) de loin,&nbsp; mais qui s&rsquo;adoucit au fur et \u00e0 mesure que l&rsquo;on en approche. Son franchissement se fait finalement sans probl\u00e8me, l\u00e0 encore des c\u00e2bles facilitent les choses dans les passages un peu raides.<\/p>\n\n\n\n<figure class=\"wp-block-image\"><img decoding=\"async\" src=\"http:\/\/www.reveeveille.net\/photos\/2016\/0805_le_buet_marc\/20160805_le_buet_marc_07.jpg\" alt=\"\"\/><figcaption>Le ressaut<\/figcaption><\/figure>\n\n\n\n<div class=\"wp-block-image\"><figure class=\"aligncenter\"><img decoding=\"async\" src=\"http:\/\/www.reveeveille.net\/photos\/2016\/0805_le_buet_marc\/20160805_le_buet_marc_08.jpg\" alt=\"\"\/><figcaption>Tout proche du sommet<\/figcaption><\/figure><\/div>\n\n\n\n<p>Au sommet du ressaut, une derni\u00e8re ar\u00eate plein sud permet de rejoindre le Buet.<\/p>\n\n\n\n<figure class=\"wp-block-image\"><img decoding=\"async\" src=\"http:\/\/www.reveeveille.net\/photos\/2016\/0805_le_buet_marc\/20160805_le_buet_marc_09.jpg\" alt=\"\"\/><figcaption>Au sommet, vue vers les Aiguilles rouges et le Mont Blanc<\/figcaption><\/figure>\n\n\n\n<p>Du col des corbeaux au Buet, je vous sugg\u00e8re de compter 3 heures au moins, il y a de la distance, et l&rsquo;on se plait aussi \u00e0 fl\u00e2ner un peu sur l&rsquo;itin\u00e9raire, vraiment tr\u00e8s agr\u00e9able, singulier et diversifi\u00e9.<\/p>\n\n\n\n<p>Au sommet du Buet, vous retrouverez la foule, un chemin tr\u00e8s bien trac\u00e9 et balis\u00e9, que j&rsquo;ai trouv\u00e9 assez peu int\u00e9ressant. Je me demande bien pourquoi il y a si peu de monde sur cette ar\u00eate nord ?<\/p>\n\n\n\n<figure class=\"wp-block-image\"><img decoding=\"async\" src=\"http:\/\/www.reveeveille.net\/photos\/2016\/0805_le_buet_marc\/20160805_le_buet_marc_10.jpg\" alt=\"\"\/><figcaption>La voie normale, pour la redescente. Tr\u00e8s enneig\u00e9e, m\u00eame en ao\u00fbt !<\/figcaption><\/figure>\n","protected":false},"excerpt":{"rendered":"<p>Le Buet, avec ses 3086 m\u00e8tres, ne peut pas vraiment \u00eatre class\u00e9 dans la cat\u00e9gorie \u00ab\u00a0Haute montagne\u00a0\u00bb. La voie normale ne n\u00e9cessite pas d&rsquo;utiliser les mains, et pour peu qu&rsquo;on&hellip; <\/p>\n","protected":false},"author":1,"featured_media":1529,"comment_status":"closed","ping_status":"open","sticky":false,"template":"","format":"standard","meta":{"footnotes":""},"categories":[25,12],"tags":[],"class_list":["post-921","post","type-post","status-publish","format-standard","has-post-thumbnail","hentry","category-acclimatation","category-mont-blanc"],"_links":{"self":[{"href":"https:\/\/www.reveeveille.net\/lamontagnetranquille\/wp-json\/wp\/v2\/posts\/921","targetHints":{"allow":["GET"]}}],"collection":[{"href":"https:\/\/www.reveeveille.net\/lamontagnetranquille\/wp-json\/wp\/v2\/posts"}],"about":[{"href":"https:\/\/www.reveeveille.net\/lamontagnetranquille\/wp-json\/wp\/v2\/types\/post"}],"author":[{"embeddable":true,"href":"https:\/\/www.reveeveille.net\/lamontagnetranquille\/wp-json\/wp\/v2\/users\/1"}],"replies":[{"embeddable":true,"href":"https:\/\/www.reveeveille.net\/lamontagnetranquille\/wp-json\/wp\/v2\/comments?post=921"}],"version-history":[{"count":13,"href":"https:\/\/www.reveeveille.net\/lamontagnetranquille\/wp-json\/wp\/v2\/posts\/921\/revisions"}],"predecessor-version":[{"id":1292,"href":"https:\/\/www.reveeveille.net\/lamontagnetranquille\/wp-json\/wp\/v2\/posts\/921\/revisions\/1292"}],"wp:featuredmedia":[{"embeddable":true,"href":"https:\/\/www.reveeveille.net\/lamontagnetranquille\/wp-json\/wp\/v2\/media\/1529"}],"wp:attachment":[{"href":"https:\/\/www.reveeveille.net\/lamontagnetranquille\/wp-json\/wp\/v2\/media?parent=921"}],"wp:term":[{"taxonomy":"category","embeddable":true,"href":"https:\/\/www.reveeveille.net\/lamontagnetranquille\/wp-json\/wp\/v2\/categories?post=921"},{"taxonomy":"post_tag","embeddable":true,"href":"https:\/\/www.reveeveille.net\/lamontagnetranquille\/wp-json\/wp\/v2\/tags?post=921"}],"curies":[{"name":"wp","href":"https:\/\/api.w.org\/{rel}","templated":true}]}}