
{"id":741,"date":"2021-11-28T16:02:38","date_gmt":"2021-11-28T16:02:38","guid":{"rendered":"http:\/\/reveeveille.net\/lamontagnetranquille\/?p=741"},"modified":"2021-11-28T16:02:42","modified_gmt":"2021-11-28T16:02:42","slug":"le-glacier-du-tour","status":"publish","type":"post","link":"https:\/\/www.reveeveille.net\/lamontagnetranquille\/le-glacier-du-tour\/","title":{"rendered":"Tour, Trient, Saleina&#8230; un univers d&rsquo;altitude infini"},"content":{"rendered":"\n<p>Pas facile d&rsquo;exister \u00e0 l&rsquo;ombre du Boss, le Mont-Blanc&#8230; il m&rsquo;a fallu pr\u00e8s de 35 ans pour prendre le temps d&rsquo;aller reconna\u00eetre ces immenses \u00e9tendues glac\u00e9es du nord du massif, tout entier attir\u00e9 que j&rsquo;\u00e9tais par les grands 4000 du sud. J&rsquo;en suis fort aise, car il est peu d&rsquo;endroits en France qui soient aussi appropri\u00e9s \u00e0 la pratique de l&rsquo;immersion douce en haute montagne. <\/p>\n\n\n\n<p>Pour r\u00e9sumer, voil\u00e0 trois vastes bassins glaciaires (glacier du Tour, Glacier du Trient, glacier de Saleina) \u00e0 peine s\u00e9par\u00e9s par des lignes de cr\u00eates rocheuses qui les d\u00e9passent de peu et m\u00e9nagent de nombreux passages de l&rsquo;un \u00e0 l&rsquo;autre. Chacun de ces bassins glaciaires est facilement accessible depuis le bas, par au moins 2 itin\u00e9raires de mont\u00e9e &#8211; mais souvent plus.<\/p>\n\n\n\n<p>De nombreux sommets tr\u00e8s faciles, et quelques-uns un peu plus techniques, s&rsquo;\u00e9gr\u00e8nent le long des cr\u00eates, \u00e0 des altitudes moyennes (3200 \u00e0 3600 m\u00e8tres).<\/p>\n\n\n\n<p>Tout ceci construit un terrain d&rsquo;aventure infini, qu&rsquo;il est possible de parcourir dans tous les sens sans jamais repasser deux fois par le m\u00eame endroit. Les objectifs peuvent \u00eatre red\u00e9finis au cours de la progression, au gr\u00e9 des envies, des possibilit\u00e9s, de la forme. Les pentes de neige, faibles presque partout, m\u00e9nagent de tr\u00e8s nombreux et confortables sites de bivouac.<\/p>\n\n\n\n<p>Aussi je ne vais pas vous proposer un itin\u00e9raire particulier, qui serait r\u00e9ducteur, mais un ensemble de possibilit\u00e9s, que j&rsquo;ai presque toutes test\u00e9es, et que vous pourrez m\u00e9langer pour composer votre propre programme.<\/p>\n\n\n\n<h2 class=\"wp-block-heading\">Le glacier du Tour<\/h2>\n\n\n\n<p>Si vous arrivez de France, c&rsquo;est probablement celui par lequel vous monterez, car c&rsquo;est le seul bassin qui donne de ce c\u00f4t\u00e9. J&rsquo;ai test\u00e9 quatre itin\u00e9raires diff\u00e9rents pour y monter :<\/p>\n\n\n\n<div class=\"wp-block-image\"><figure class=\"aligncenter\"><img decoding=\"async\" src=\"http:\/\/www.reveeveille.net\/photos\/2016\/0805_le_buet_marc\/20160805_le_buet_marc_04.jpg\" alt=\"\"\/><figcaption>Le glacier du Tour, depuis le col des Corbeaux. A droite, le Chardonnet, \u00e0 gauche la moraine qui monte vers le refuge Albert 1er<\/figcaption><\/figure><\/div>\n\n\n\n<p>Depuis le hameau du Tour, en vall\u00e9e de Chamonix, le plus couru consiste \u00e0 prendre la t\u00e9l\u00e9cabine de Charamillon puis le t\u00e9l\u00e9si\u00e8ge des Autannes et \u00e0 traverser \u00e0 l&rsquo;horizontale vers le refuge Albert 1er. Ne restent que 500 m\u00e8tres de d\u00e9nivel\u00e9 pour poser le pieds sur le glacier.<\/p>\n\n\n\n<figure class=\"wp-block-image\"><img decoding=\"async\" src=\"http:\/\/www.reveeveille.net\/photos\/2020\/0713_glaciers_du_tour_et_du_trient_manon\/20200713_glaciers_du_tour_et_du_trient_manon_02.jpg\" alt=\"\"\/><figcaption>La mont\u00e9e \u00ab\u00a0classique\u00a0\u00bb vers le refuge<\/figcaption><\/figure>\n\n\n\n<p>C&rsquo;est bourr\u00e9 de monde, je suis pas fan&#8230; Il y a aussi un sentier bien raide qui monte tout droit du Tour au refuge, en empruntant une moraine ac\u00e9r\u00e9e. Beaucoup moins de monde&#8230; mais on reste sur l&rsquo;acc\u00e8s d&rsquo;Albert 1er.<\/p>\n\n\n\n<div class=\"wp-block-image\"><figure class=\"aligncenter\"><img decoding=\"async\" src=\"http:\/\/www.reveeveille.net\/photos\/2020\/0713_glaciers_du_tour_et_du_trient_manon\/20200713_glaciers_du_tour_et_du_trient_manon_33.jpg\" alt=\"\"\/><figcaption>Sur la moraine d&rsquo;Albert 1er, tr\u00e8s haut au dessus du hameau du Tour<\/figcaption><\/figure><\/div>\n\n\n\n<p>Pour trouver l&rsquo;\u00e9vasion, mieux vaut privil\u00e9gier la rive gauche de la vall\u00e9e. Du tour, prendre le sentier de la \u00ab\u00a0Montagne de P\u00e9clerey\u00a0\u00bb. A un petit col c\u00f4t\u00e9 1967 m\u00e8tres, prendre \u00e0 gauche une petite sente qui retraverse tout le versant \u00e0 l&rsquo;horizontale en direction du glacier. Peu apr\u00e8s le ruisseau du Plagnard, une trace remonte la moraine.<\/p>\n\n\n\n<figure class=\"wp-block-image\"><img decoding=\"async\" src=\"http:\/\/www.reveeveille.net\/photos\/2020\/0713_glaciers_du_tour_et_du_trient_manon\/20200713_glaciers_du_tour_et_du_trient_manon_13.jpg\" alt=\"\"\/><figcaption>La d\u00e9licieuse mont\u00e9e vers P\u00e9clerey<\/figcaption><\/figure>\n\n\n\n<div class=\"wp-block-image\"><figure class=\"aligncenter\"><img decoding=\"async\" src=\"http:\/\/www.reveeveille.net\/photos\/2020\/0713_glaciers_du_tour_et_du_trient_manon\/20200713_glaciers_du_tour_et_du_trient_manon_14.jpg\" alt=\"\"\/><figcaption>La mont\u00e9e bien raide de la moraine au dessus de P\u00e9clerey. Au fond, le hameau du Tour<\/figcaption><\/figure><\/div>\n\n\n\n<p>Vers 2500 m\u00e8tres choisir \u00e0 vue son itin\u00e9raire, par la cr\u00eate de gauche, le n\u00e9v\u00e9 de la combe&#8230; \u00e7a passe partout. C&rsquo;est sauvage, vide d&rsquo;humains et silencieux, quel contraste avec le chemin d&rsquo;en face !<\/p>\n\n\n\n<figure class=\"wp-block-image\"><img decoding=\"async\" src=\"http:\/\/www.reveeveille.net\/photos\/2020\/0713_glaciers_du_tour_et_du_trient_manon\/20200713_glaciers_du_tour_et_du_trient_manon_15.jpg\" alt=\"\"\/><figcaption>Ici, il faut choisir son itin\u00e9raire : l&rsquo;ar\u00eate du fonds ? Celle d&rsquo;avant ? Le vallon entre les deux ? Tout est possible, tout est agr\u00e9able !<\/figcaption><\/figure>\n\n\n\n<p>A 2700 m\u00e8tres on rejoint le glacier, il est facile et grandiose de dormir sur la neige<\/p>\n\n\n\n<figure class=\"wp-block-image\"><img decoding=\"async\" src=\"http:\/\/www.reveeveille.net\/photos\/2020\/0713_glaciers_du_tour_et_du_trient_manon\/20200713_glaciers_du_tour_et_du_trient_manon_16.jpg\" alt=\"\"\/><figcaption>Le camp au sommet de la mont\u00e9e de P\u00e9clerey<\/figcaption><\/figure>\n\n\n\n<p>Autre acc\u00e8s, que je n&rsquo;ai pas parcouru mais qui est faisable, depuis le glacier d&rsquo;Argenti\u00e8re et le col du Passon. La fin est raide et un peu instable, mais facile. On prend alors pied sur le glacier \u00e0 3000 m\u00e8tres d&rsquo;altitude.<\/p>\n\n\n\n<figure class=\"wp-block-image\"><img decoding=\"async\" src=\"http:\/\/www.reveeveille.net\/photos\/2020\/0713_glaciers_du_tour_et_du_trient_manon\/20200713_glaciers_du_tour_et_du_trient_manon_20.jpg\" alt=\"\"\/><figcaption>Ca y est, on est sur le glacier, tout le bassin appara\u00eet<\/figcaption><\/figure>\n\n\n\n<p>Une fois sur le glacier du tour, les possibilit\u00e9s sont nombreuses, m\u00eame pour des gaillard.e.s charg\u00e9.e.s. T\u00eate blanche et la petite fourche sont les sommets les plus accessibles. L&rsquo;aiguille du Tour n\u00e9cessite de traverser le col du Tour ou le col sup\u00e9rieur du Tour, tous deux relativement faciles, avec tout de m\u00eame un peu de rocher pour le premier et de pente raide pour le second.<\/p>\n\n\n\n<figure class=\"wp-block-image\"><img decoding=\"async\" src=\"http:\/\/www.reveeveille.net\/photos\/2020\/0713_glaciers_du_tour_et_du_trient_manon\/20200713_glaciers_du_tour_et_du_trient_manon_24.jpg\" alt=\"\"\/><figcaption>Redescente d&rsquo;une des ar\u00eates de l&rsquo;Aiguille du Chardonnet<\/figcaption><\/figure>\n\n\n\n<p>Plusieurs autres sommets s&rsquo;offrent au grimpeur, mais ils sortent de la sph\u00e8re de la randonn\u00e9e glaciaire : Grande fourche, Aiguille du Chardonnet&#8230; A d\u00e9guster sans les sacs au d\u00e9part d&rsquo;un camp bien plac\u00e9.<\/p>\n\n\n\n<p>Depuis le bassin du tout, de nombreux cols permettent de transiter vers les bassins voisins : les deux cols susnomm\u00e8s (Tour et sup\u00e9rieur du Tour) sont les plus fr\u00e9quent\u00e9s, mais le Col du Midi des Grands et le point c\u00f4t\u00e9 3094, juste \u00e0 l&rsquo;aplomb du refuge Albert 1er, sont \u00e9galement des passages faciles et agr\u00e9ables vers le Trient et le glacier des Grands.<\/p>\n\n\n\n<div class=\"wp-block-image\"><figure class=\"aligncenter\"><img decoding=\"async\" src=\"http:\/\/www.reveeveille.net\/photos\/2020\/0713_glaciers_du_tour_et_du_trient_manon\/20200713_glaciers_du_tour_et_du_trient_manon_25.jpg\" alt=\"\"\/><figcaption>Petit couloir d&rsquo;acc\u00e8s au col du Tour<\/figcaption><\/figure><\/div>\n\n\n\n<p>Restent la fen\u00eatre du Tour, vers le glacier de Saleina, le col Blanc, vers le Trient, un peu plus raides, qui n\u00e9cessiteront peut-\u00eatre un rappel&#8230;<\/p>\n\n\n\n<div class=\"wp-block-image\"><figure class=\"aligncenter\"><img decoding=\"async\" src=\"http:\/\/www.reveeveille.net\/photos\/2020\/0713_glaciers_du_tour_et_du_trient_manon\/20200713_glaciers_du_tour_et_du_trient_manon_29.jpg\" alt=\"\"\/><figcaption>Glacier du Tour depuis le col du m\u00eame nom<\/figcaption><\/figure><\/div>\n\n\n\n<h2 class=\"wp-block-heading\">Glacier du Trient &#8211; Glacier des grands<\/h2>\n\n\n\n<p>Pour je ne sais quelle raison, ce tr\u00e8s vaste ensemble glaciaire respire un parfum d&rsquo;ailleurs. On est ici en Suisse, mais ceci explique-t-il cela ? Les pentes sont d\u00e9bonnaires, la pointe d&rsquo;Orny (qui est plut\u00f4t une sorte de plateau) \u00e9merge de la glace au centre du bassin et donne une impression sereine, avec sa \u00ab\u00a0cabane\u00a0\u00bb de 128 places. C&rsquo;est depuis celle-ci qu&rsquo;arrivent une grande partie des ascensionnistes de l&rsquo;Aiguille du tour, sommet le plus fr\u00e9quent\u00e9 des environs. Les traces interminables, presque rectilignes, qui traversent le glacier peu pentu \u00e9voquent des caravanes dans le d\u00e9sert&#8230;<\/p>\n\n\n\n<div class=\"wp-block-image\"><figure class=\"aligncenter\"><img decoding=\"async\" src=\"http:\/\/www.reveeveille.net\/photos\/2016\/0805_le_buet_marc\/20160805_le_buet_marc_05.jpg\" alt=\"\"\/><figcaption>L&rsquo;aiguille du Tour au centre, et le glacier des Grands \u00e0 gauche, vus depuis le Buet<\/figcaption><\/figure><\/div>\n\n\n\n<p>L&rsquo;acc\u00e8s \u00e0 ce bassin se fait essentiellement depuis Champex en Suisse, par le glacier d&rsquo;Orny ou le val d&rsquo;Arpette, ou depuis le col de la Forclaz (Suisse \u00e9galement) par Col des Ecandies et le Chaux de Vesevey. Mais il existe depuis la France une possibilit\u00e9 int\u00e9ressante que je crois tr\u00e8s peu fr\u00e9quent\u00e9e et qui est magnifique (bien que longue !). Depuis le col de Balme (auquel vous pouvez quasiment monter en t\u00e9l\u00e9ph\u00e9rique si cela vous chante), la variante dite \u00ab\u00a0Arpette\u00a0\u00bb du GR du tour du mont-Blanc, tr\u00e8s peu fr\u00e9quent\u00e9e, permet de rejoindre par une longue horizontale (ou presque) vers l&rsquo;est le Chalet des Grands Dessus.<\/p>\n\n\n\n<figure class=\"wp-block-image\"><img decoding=\"async\" src=\"http:\/\/www.reveeveille.net\/photos\/2020\/0713_glaciers_du_tour_et_du_trient_manon\/20200713_glaciers_du_tour_et_du_trient_manon_08.jpg\" alt=\"\"\/><\/figure>\n\n\n\n<p>A partir de l\u00e0, une sente remonte un long vallon en direction du (quasiment disparu) glacier des Bron. Au del\u00e0 de 220 m\u00e8tres le sentier se perd et il faut proc\u00e9der \u00e0 vue, mais il n&rsquo;y a pas de difficult\u00e9s particuli\u00e8res \u00e0 rejoindre le petit col situ\u00e9 au pieds de la \u00ab\u00a0Croix de Bron\u00a0\u00bb (2898 m).<\/p>\n\n\n\n<figure class=\"wp-block-image\"><img decoding=\"async\" src=\"http:\/\/www.reveeveille.net\/photos\/2020\/0713_glaciers_du_tour_et_du_trient_manon\/20200713_glaciers_du_tour_et_du_trient_manon_05.jpg\" alt=\"\"\/><figcaption>Col de la Croix de Bron<\/figcaption><\/figure>\n\n\n\n<p>A partir de cet endroit on est sur le glacier des grands, dont la partie sup\u00e9rieure est peu pentue et permet de progresser facilement et agr\u00e9ablement jusqu&rsquo;au glacier du Trient en longeant les cr\u00eates rocheuses (qui sont d&rsquo;ailleurs presque toutes de faible difficult\u00e9 technique si vous pr\u00e9f\u00e9rez le rocher). On passe ainsi devant le point cot\u00e9 3094 d\u00e9j\u00e0 \u00e9voqu\u00e9 pr\u00e9c\u00e9demment qui permet de redescendre en 1\/2 heure au refuge Albert 1er, on peut ensuite envisager l&rsquo;ascension de l&rsquo;Aiguille du Tour en arrivant de ce c\u00f4t\u00e9 inhabituel&#8230;<\/p>\n\n\n\n<div class=\"wp-block-image\"><figure class=\"aligncenter\"><img decoding=\"async\" src=\"http:\/\/www.reveeveille.net\/photos\/2020\/0713_glaciers_du_tour_et_du_trient_manon\/20200713_glaciers_du_tour_et_du_trient_manon_03.jpg\" alt=\"\"\/><figcaption>Camp au col du point c\u00f4t\u00e9 3094<\/figcaption><\/figure><\/div>\n\n\n\n<figure class=\"wp-block-image\"><img decoding=\"async\" src=\"http:\/\/www.reveeveille.net\/photos\/2020\/0713_glaciers_du_tour_et_du_trient_manon\/20200713_glaciers_du_tour_et_du_trient_manon_27.jpg\" alt=\"\"\/><figcaption>Mont\u00e9e vers l&rsquo;aiguille du Tour<\/figcaption><\/figure>\n\n\n\n<p>Une fois sur le glacier du Trient on a acc\u00e8s \u00e0 tout un univers de sommets nouveaux et diff\u00e9rents, comme les aiguilles dor\u00e9es qui pr\u00e9sentent une ou deux ascensions faciles (AD) et beaucoup d&rsquo;ascensions plus difficiles. On pourra bien s\u00fbr rejoindre le glacier du tour par les nombreux cols dont il a \u00e9t\u00e9 question pr\u00e9c\u00e9demment, ou bien partir vers le bassin du Saleina, par la Fen\u00eatre de Saleina. Ce passage est facile tr\u00e8s t\u00f4t en saison, mais il faudra s&rsquo;en m\u00e9fier lorsque la neige se fait plus rare : la rimaye peut \u00eatre m\u00e9chante, et les pierres pourraient siffler \u00e0 vos oreilles. Un ou deux rappels seront tr\u00e8s utiles.<\/p>\n\n\n\n<figure class=\"wp-block-image\"><img decoding=\"async\" src=\"http:\/\/www.reveeveille.net\/photos\/2020\/0713_glaciers_du_tour_et_du_trient_manon\/20200713_glaciers_du_tour_et_du_trient_manon_28.jpg\" alt=\"\"\/><figcaption>e glacier du Trient, avec au fonds l&rsquo;Aiguille du Chardonnet et l&rsquo;aiguille d&rsquo;Argenti\u00e8re<\/figcaption><\/figure>\n\n\n\n<figure class=\"wp-block-image\"><img decoding=\"async\" src=\"http:\/\/www.reveeveille.net\/photos\/2020\/0713_glaciers_du_tour_et_du_trient_manon\/20200713_glaciers_du_tour_et_du_trient_manon_32.jpg\" alt=\"\"\/><figcaption>Aiguille du Tour, depuis la fen\u00eatre de Saleina<\/figcaption><\/figure>\n\n\n\n<h2 class=\"wp-block-heading\">Le bassin de Saleina<\/h2>\n\n\n\n<p>Je ne connais qu&rsquo;\u00e0 peine ce bassin, dont je n&rsquo;ai parcouru rapidement que le tron\u00e7on d&rsquo;itin\u00e9raire qui va de la fen\u00eatre de Saleina au col du Chardonnet. Je ne peux gu\u00e8re vous en d\u00e9voiler les secrets, mais il m&rsquo;est fugitivement apparu comme sauvage et complexe, aussi je m&#8217;empresserai, une prochaine fois, de retourner vers lui et de lui consacrer un temps sp\u00e9cial. Toute le massif de la Grande Lui, en particulier, m&rsquo;appara\u00eet comme complexe et riche de possibilit\u00e9s d&rsquo;errances. On verra&#8230;<\/p>\n\n\n\n<figure class=\"wp-block-image\"><img decoding=\"async\" src=\"http:\/\/www.reveeveille.net\/photos\/2020\/0713_glaciers_du_tour_et_du_trient_manon\/20200713_glaciers_du_tour_et_du_trient_manon_30.jpg\" alt=\"\"\/><figcaption>Camp \u00e0 la fen\u00eatre de Saleina<\/figcaption><\/figure>\n\n\n\n<p>Sachez au moins que le col du Chardonnet constitue le seul passage accessible \u00e0 des personnes charg\u00e9es pour transiter vers le glacier d&rsquo;Argenti\u00e8re, avec les m\u00eames r\u00e9serves que la fen\u00eatre de Saleina. Privil\u00e9gier le d\u00e9but de saison donc.<\/p>\n\n\n\n<div class=\"wp-block-image\"><figure class=\"aligncenter\"><img decoding=\"async\" src=\"http:\/\/www.reveeveille.net\/photos\/2020\/0713_glaciers_du_tour_et_du_trient_manon\/20200713_glaciers_du_tour_et_du_trient_manon_31.jpg\" alt=\"\"\/><figcaption>Bassin sup\u00e9rieur du glacier de Saleina<\/figcaption><\/figure><\/div>\n\n\n\n<p class=\"has-text-align-center\">*<\/p>\n\n\n\n<p>En combinant plusieurs des possibilit\u00e9s que je vous ai d\u00e9crites, vous pouvez vos programmer sans probl\u00e8me un sacr\u00e9 beau s\u00e9jour en altitude, sur 2, 3, 4 ou m\u00eame 5 jours dans les altitudes. Allez, je ne r\u00e9siste pas \u00e0 vous en sugg\u00e9rer un, qu&rsquo;il me ferait plaisir de tester un de ces jours :<\/p>\n\n\n\n<p>D\u00e9part du Tour, mont\u00e9e au col de Balme. Variante \u00ab\u00a0Arpette\u00a0\u00bb du GR du tour du mont-Blanc. Mont\u00e9e au glacier de Bron, puis direction l&rsquo;aiguille du Tour, par la neige ou la cr\u00eate rocheuse ou les deux. Travers\u00e9e du col du Tour, direction T\u00eate Blanche, puis la petite fourche. Descente de la fen\u00eatre du Tour sur le glacier de Saleina, passage du col du Chardonnet vers le glacier d&rsquo;Argenti\u00e8re. (Option : ascension de l&rsquo;aiguille d&rsquo;Argenti\u00e8re par le glacier du milieu). remont\u00e9e au col du Passon, redescente au Tour par la montagne de P\u00e9clerey.<\/p>\n\n\n\n<p>Excellent s\u00e9jour les amis !<\/p>\n\n\n\n<figure class=\"wp-block-image\"><img decoding=\"async\" src=\"http:\/\/www.reveeveille.net\/photos\/2020\/0713_glaciers_du_tour_et_du_trient_manon\/20200713_glaciers_du_tour_et_du_trient_manon_19.jpg\" alt=\"\"\/><\/figure>\n\n\n\n<figure class=\"wp-block-image\"><img decoding=\"async\" src=\"http:\/\/www.reveeveille.net\/photos\/2020\/0713_glaciers_du_tour_et_du_trient_manon\/20200713_glaciers_du_tour_et_du_trient_manon_22.jpg\" alt=\"\"\/><\/figure>\n\n\n\n<figure class=\"wp-block-image\"><img decoding=\"async\" src=\"http:\/\/www.reveeveille.net\/photos\/2020\/0713_glaciers_du_tour_et_du_trient_manon\/20200713_glaciers_du_tour_et_du_trient_manon_21.jpg\" alt=\"\"\/><\/figure>\n","protected":false},"excerpt":{"rendered":"<p>Pas facile d&rsquo;exister \u00e0 l&rsquo;ombre du Boss, le Mont-Blanc&#8230; il m&rsquo;a fallu pr\u00e8s de 35 ans pour prendre le temps d&rsquo;aller reconna\u00eetre ces immenses \u00e9tendues glac\u00e9es du nord du massif,&hellip; <\/p>\n","protected":false},"author":1,"featured_media":1530,"comment_status":"closed","ping_status":"open","sticky":false,"template":"","format":"standard","meta":{"footnotes":""},"categories":[6,12],"tags":[],"class_list":["post-741","post","type-post","status-publish","format-standard","has-post-thumbnail","hentry","category-itineraires","category-mont-blanc"],"_links":{"self":[{"href":"https:\/\/www.reveeveille.net\/lamontagnetranquille\/wp-json\/wp\/v2\/posts\/741","targetHints":{"allow":["GET"]}}],"collection":[{"href":"https:\/\/www.reveeveille.net\/lamontagnetranquille\/wp-json\/wp\/v2\/posts"}],"about":[{"href":"https:\/\/www.reveeveille.net\/lamontagnetranquille\/wp-json\/wp\/v2\/types\/post"}],"author":[{"embeddable":true,"href":"https:\/\/www.reveeveille.net\/lamontagnetranquille\/wp-json\/wp\/v2\/users\/1"}],"replies":[{"embeddable":true,"href":"https:\/\/www.reveeveille.net\/lamontagnetranquille\/wp-json\/wp\/v2\/comments?post=741"}],"version-history":[{"count":9,"href":"https:\/\/www.reveeveille.net\/lamontagnetranquille\/wp-json\/wp\/v2\/posts\/741\/revisions"}],"predecessor-version":[{"id":1296,"href":"https:\/\/www.reveeveille.net\/lamontagnetranquille\/wp-json\/wp\/v2\/posts\/741\/revisions\/1296"}],"wp:featuredmedia":[{"embeddable":true,"href":"https:\/\/www.reveeveille.net\/lamontagnetranquille\/wp-json\/wp\/v2\/media\/1530"}],"wp:attachment":[{"href":"https:\/\/www.reveeveille.net\/lamontagnetranquille\/wp-json\/wp\/v2\/media?parent=741"}],"wp:term":[{"taxonomy":"category","embeddable":true,"href":"https:\/\/www.reveeveille.net\/lamontagnetranquille\/wp-json\/wp\/v2\/categories?post=741"},{"taxonomy":"post_tag","embeddable":true,"href":"https:\/\/www.reveeveille.net\/lamontagnetranquille\/wp-json\/wp\/v2\/tags?post=741"}],"curies":[{"name":"wp","href":"https:\/\/api.w.org\/{rel}","templated":true}]}}