
{"id":737,"date":"2024-01-31T09:22:59","date_gmt":"2024-01-31T09:22:59","guid":{"rendered":"http:\/\/reveeveille.net\/lamontagnetranquille\/?p=737"},"modified":"2024-01-31T09:36:45","modified_gmt":"2024-01-31T09:36:45","slug":"boucle-de-4-jours-au-coolidge","status":"publish","type":"post","link":"https:\/\/www.reveeveille.net\/lamontagnetranquille\/boucle-de-4-jours-au-coolidge\/","title":{"rendered":"Boucle de 4 jours au Coolidge"},"content":{"rendered":"\n<p>Le Coolidge est un des grands classiques faciles du massif de l&rsquo;Oisans. Il se fait sans peine en deux journ\u00e9es \u00e0 partir de la B\u00e9rarde en faisant \u00e9tape au refuge Temple-\u00e9crins, mais comme d&rsquo;habitude, j&rsquo;ai pr\u00e9f\u00e9r\u00e9 en faire une boucle de 3 ou 4 jours avec la tente, pour profiter vraiment de l&rsquo;ambiance d&rsquo;altitude qui r\u00e8gne l\u00e0-haut.<\/p>\n\n\n\n<h2 class=\"wp-block-heading\">1er jour : mont\u00e9e au glacier noir<\/h2>\n\n\n\n<p>Depuis le pr\u00e9 de Madame Carle, prendre le sentier qui monte vers le glacier noir, sur le fil d&rsquo;une interminable moraine. Prenez votre mal en patience, en l&rsquo;absence de tout virage sur 400 m\u00e8tres de d\u00e9nivel\u00e9, cette section de la balade est un peu monotone. <\/p>\n\n\n<div class=\"wp-block-image\">\n<figure class=\"aligncenter\"><img decoding=\"async\" src=\"http:\/\/www.reveeveille.net\/photos\/2007\/0706_oisan\/20070706_oisan_10.jpg\" alt=\"\"\/><figcaption class=\"wp-element-caption\"> L&rsquo;interminable moraine du glacier noir <\/figcaption><\/figure>\n<\/div>\n\n<div class=\"wp-block-image\">\n<figure class=\"aligncenter\"><img decoding=\"async\" src=\"http:\/\/www.reveeveille.net\/photos\/2004\/0918_balade_ecrins\/20040918_balade_ecrins_108.jpg\" alt=\"\"\/><figcaption class=\"wp-element-caption\">La moraine en question, ici vue depuis la descente des agneaux<\/figcaption><\/figure>\n<\/div>\n\n\n<p>Vers 2450 m\u00e8tres d&rsquo;altitude, \u00e0 la s\u00e9paration des deux branches du glacier, traverser \u00e0 gauche pour s&rsquo;engager dans la branche de gauche. Le paysage de ce cirque mithique, au pied des grandes faces de l&rsquo;Ailefroide, prend un tour tr\u00e8s aust\u00e8re, grandiose.<\/p>\n\n\n<div class=\"wp-block-image\">\n<figure class=\"aligncenter\"><img decoding=\"async\" src=\"http:\/\/www.reveeveille.net\/photos\/2007\/0706_oisan\/20070706_oisan_12.jpg\" alt=\"\"\/><figcaption class=\"wp-element-caption\">Sous Ailefroide<\/figcaption><\/figure>\n<\/div>\n\n\n<div class=\"wp-block-columns is-layout-flex wp-container-core-columns-is-layout-9d6595d7 wp-block-columns-is-layout-flex\">\n<div class=\"wp-block-column is-layout-flow wp-block-column-is-layout-flow\"><div class=\"wp-block-image\">\n<figure class=\"aligncenter\"><img decoding=\"async\" src=\"http:\/\/www.reveeveille.net\/photos\/2007\/0706_oisan\/20070706_oisan_15.jpg\" alt=\"\"\/><figcaption class=\"wp-element-caption\">Travers\u00e9e vers la branche sud du glacier<\/figcaption><\/figure>\n<\/div><\/div>\n\n\n\n<div class=\"wp-block-column is-layout-flow wp-block-column-is-layout-flow\"><div class=\"wp-block-image\">\n<figure class=\"aligncenter\"><img decoding=\"async\" src=\"http:\/\/www.reveeveille.net\/photos\/2007\/0706_oisan\/20070706_oisan_24.jpg\" alt=\"\"\/><figcaption class=\"wp-element-caption\">Camp sur un n\u00e9v\u00e9<\/figcaption><\/figure>\n<\/div><\/div>\n<\/div>\n\n\n\n<p>L&rsquo;univers est ici tr\u00e8s min\u00e9ral. Le glacier est presque totalement couvert de cailloux, et en fin d&rsquo;\u00e9t\u00e9 il faudra monter assez haut pour trouver des n\u00e9v\u00e9s qui permettront d&rsquo;installer un camp confortable.<\/p>\n\n\n\n<h2 class=\"wp-block-heading\">2\u00e8me jour : mont\u00e9e au col de la Temple<\/h2>\n\n\n\n<p>Le cheminement n&rsquo;est pas \u00e9vident \u00e0 trouver pour l&rsquo;acc\u00e8s au col de la Temple depuis ce versant. La preuve, nous ne l&rsquo;avons pas trouv\u00e9 cette fois-ci et nous sommes retrouv\u00e9s dans des pentes beaucoup plus fortes que ce que l&rsquo;on nous avait d\u00e9crit. Quelques heures plus tard, nous avons crois\u00e9 un groupe de randonneurs du 3\u00e8 \u00e2ge qui avaient franchi le passage d\u00e9cord\u00e9s, les mains dans les poches, ce qui nous a permis de comprendre notre erreur. Cherchez bien les cairns avant de vous engager !<\/p>\n\n\n<div class=\"wp-block-image\">\n<figure class=\"aligncenter\"><img decoding=\"async\" src=\"http:\/\/www.reveeveille.net\/photos\/2007\/0706_oisan\/20070706_oisan_31.jpg\" alt=\"\"\/><figcaption class=\"wp-element-caption\">Petite erreur d&rsquo;itin\u00e9raire dans la mont\u00e9e au col de la temple : oblig\u00e9s de sortir la corde, qui normalement n&rsquo;est pas n\u00e9cessaire<\/figcaption><\/figure>\n<\/div>\n\n\n<p>Le col de la temple, assez ac\u00e9r\u00e9 et facilement venteux, n&rsquo;est pas appropri\u00e9 pour camper. Posez plut\u00f4t la tente \u00e0 la sortie de l&rsquo;\u00e9peron, pr\u00e8s de l&rsquo;ancienne cabane de la Temple, sur un beau replat en face des faces vertigineuses de l&rsquo;Ailefroide, quelques centaines de m\u00e8tres avant le col proprement dit).<\/p>\n\n\n<div class=\"wp-block-image\">\n<figure class=\"aligncenter\"><img decoding=\"async\" src=\"http:\/\/www.reveeveille.net\/photos\/2007\/0706_oisan\/20070706_oisan_54.jpg\" alt=\"\"\/><figcaption class=\"wp-element-caption\"> Camp sous le col de la Temple<\/figcaption><\/figure>\n<\/div>\n\n\n<h2 class=\"wp-block-heading\">3\u00e8me jour : ascension du Coolidge.<\/h2>\n\n\n\n<p>Pour atteindre le sommet du Coolidge depuis le camp, il ne restera que quelques centaines de m\u00e8tres de d\u00e9nivel\u00e9, \u00e0 partir du col de la temple ou directement par un couloir de neige bien visible au dessus du camp, qui est plus direct et \u00e9vite la travers\u00e9e rocheuse du d\u00e9but.<\/p>\n\n\n<div class=\"wp-block-image\">\n<figure class=\"aligncenter\"><img decoding=\"async\" src=\"http:\/\/www.reveeveille.net\/photos\/2007\/0706_oisan\/20070706_oisan_67.jpg\" alt=\"\"\/><figcaption class=\"wp-element-caption\">Le col de la Temple<\/figcaption><\/figure>\n<\/div>\n\n<div class=\"wp-block-image\">\n<figure class=\"aligncenter\"><img decoding=\"async\" src=\"http:\/\/www.reveeveille.net\/photos\/2007\/0706_oisan\/20070706_oisan_41.jpg\" alt=\"\"\/><figcaption class=\"wp-element-caption\">La mont\u00e9e vers le Coolidge<\/figcaption><\/figure>\n<\/div>\n\n<div class=\"wp-block-image\">\n<figure class=\"aligncenter\"><img decoding=\"async\" src=\"http:\/\/www.reveeveille.net\/photos\/2007\/0706_oisan\/20070706_oisan_45.jpg\" alt=\"\"\/><figcaption class=\"wp-element-caption\">Ca se g\u00e2te<\/figcaption><\/figure>\n<\/div>\n\n\n<h2 class=\"wp-block-heading\">4\u00e8me jour : redescente<\/h2>\n\n\n\n<p>Soit par le m\u00eame chemin, mais ce sera plus diversifi\u00e9 de redescendre de l&rsquo;autre c\u00f4t\u00e9 du col, en versant ouest, vers la B\u00e9rarde.<\/p>\n\n\n\n<figure class=\"wp-block-image\"><img decoding=\"async\" src=\"http:\/\/www.reveeveille.net\/photos\/2007\/0706_oisan\/20070706_oisan_71.jpg\" alt=\"\"\/><\/figure>\n\n\n<div class=\"wp-block-image\">\n<figure class=\"aligncenter\"><img decoding=\"async\" src=\"http:\/\/www.reveeveille.net\/photos\/2007\/0706_oisan\/20070706_oisan_79.jpg\" alt=\"\"\/><figcaption class=\"wp-element-caption\">Redescente par l&rsquo;itin\u00e9raire le plus classique, avec les Bans en toile de fonds. Retrouver la verdure est toujours aussi agr\u00e9able.<\/figcaption><\/figure>\n<\/div>","protected":false},"excerpt":{"rendered":"<p>Le Coolidge est un des grands classiques faciles du massif de l&rsquo;Oisans. Il se fait sans peine en deux journ\u00e9es \u00e0 partir de la B\u00e9rarde en faisant \u00e9tape au refuge&hellip; <\/p>\n","protected":false},"author":1,"featured_media":1459,"comment_status":"closed","ping_status":"open","sticky":false,"template":"","format":"standard","meta":{"footnotes":""},"categories":[6,14],"tags":[],"class_list":["post-737","post","type-post","status-publish","format-standard","has-post-thumbnail","hentry","category-itineraires","category-oisans"],"_links":{"self":[{"href":"https:\/\/www.reveeveille.net\/lamontagnetranquille\/wp-json\/wp\/v2\/posts\/737","targetHints":{"allow":["GET"]}}],"collection":[{"href":"https:\/\/www.reveeveille.net\/lamontagnetranquille\/wp-json\/wp\/v2\/posts"}],"about":[{"href":"https:\/\/www.reveeveille.net\/lamontagnetranquille\/wp-json\/wp\/v2\/types\/post"}],"author":[{"embeddable":true,"href":"https:\/\/www.reveeveille.net\/lamontagnetranquille\/wp-json\/wp\/v2\/users\/1"}],"replies":[{"embeddable":true,"href":"https:\/\/www.reveeveille.net\/lamontagnetranquille\/wp-json\/wp\/v2\/comments?post=737"}],"version-history":[{"count":6,"href":"https:\/\/www.reveeveille.net\/lamontagnetranquille\/wp-json\/wp\/v2\/posts\/737\/revisions"}],"predecessor-version":[{"id":1616,"href":"https:\/\/www.reveeveille.net\/lamontagnetranquille\/wp-json\/wp\/v2\/posts\/737\/revisions\/1616"}],"wp:featuredmedia":[{"embeddable":true,"href":"https:\/\/www.reveeveille.net\/lamontagnetranquille\/wp-json\/wp\/v2\/media\/1459"}],"wp:attachment":[{"href":"https:\/\/www.reveeveille.net\/lamontagnetranquille\/wp-json\/wp\/v2\/media?parent=737"}],"wp:term":[{"taxonomy":"category","embeddable":true,"href":"https:\/\/www.reveeveille.net\/lamontagnetranquille\/wp-json\/wp\/v2\/categories?post=737"},{"taxonomy":"post_tag","embeddable":true,"href":"https:\/\/www.reveeveille.net\/lamontagnetranquille\/wp-json\/wp\/v2\/tags?post=737"}],"curies":[{"name":"wp","href":"https:\/\/api.w.org\/{rel}","templated":true}]}}