
{"id":731,"date":"2021-11-28T12:14:15","date_gmt":"2021-11-28T12:14:15","guid":{"rendered":"http:\/\/reveeveille.net\/lamontagnetranquille\/?p=731"},"modified":"2021-11-28T12:14:17","modified_gmt":"2021-11-28T12:14:17","slug":"le-mont-blanc-par-la-mer-de-glace","status":"publish","type":"post","link":"https:\/\/www.reveeveille.net\/lamontagnetranquille\/le-mont-blanc-par-la-mer-de-glace\/","title":{"rendered":"Le Mont Blanc par la mer de Glace"},"content":{"rendered":"\n<p>Cet itin\u00e9raire est grandiose, et de grande ampleur (il repr\u00e9sente plus de 30 km de long !), tout en restant techniquement facile. On s&rsquo;y sent plus comme en exp\u00e9dition lointaine : la remont\u00e9e de la mer de glace fait penser aux interminables approches des grands sommets des Andes ou de l&rsquo;Himalaya. Les sommets mythiques du massif se d\u00e9voilent peu \u00e0 peu, au cours de cette approche lente. Le Boss lui m\u00eame n&rsquo;appara\u00eetra finalement qu&rsquo;au dernier moment, toujours cach\u00e9 par ses satellites, ce qui \u00e9vite le d\u00e9couragement d&rsquo;un sommet trop lointain.<\/p>\n\n\n\n<p>Autre avantage non n\u00e9gligeable de cet itin\u00e9raire : il est tr\u00e8s peu parcouru, et m\u00eame d\u00e9sert, en fait, jusqu&rsquo;au col du midi. C&rsquo;est tellement rare dans le massif du Mont Blanc que cela m\u00e9rite d\u00e9j\u00e0 le d\u00e9tour en tant que tel !!!<\/p>\n\n\n\n<p>Le r\u00e9cit correspondant s&rsquo;appelle \u00ab\u00a0<a href=\"http:\/\/www.reveeveille.net\/gestion\/un_ecrit.aspx.idecrit=561\">Un mont-blanc r\u00e9ussi<\/a>\u00ab\u00a0.<\/p>\n\n\n\n<p>Massif : Mont-Blanc. Carte IGN TOP 25 \u00ab\u00a0Saint Gervais les Bains &#8211; Massif du Mont-Blanc\u00a0\u00bb&nbsp; 3531 ET.<\/p>\n\n\n\n<p>Dur\u00e9e : l&rsquo;itin\u00e9raire peut se parcourir en 3 \u00e0 6 jours selon votre pr\u00e9paration : si vous arrivez directement de la plaine et de votre vie ordinaire, prenez 5 jours tels que d\u00e9crits ci-dessous, cela vous permettra de vous mettre en forme et de vous acclimater \u00e0 l&rsquo;altitude au fur et \u00e0 mesure de la mont\u00e9e. Si vous avez fait des s\u00e9jours en altitude et des d\u00e9nivel\u00e9es importantes dans les jours pr\u00e9c\u00e9dents, vous arriverez sans trop de mal \u00e0 condenser les 4 premi\u00e8res journ\u00e9es en deux journ\u00e9es d&rsquo;ascension (jusqu&rsquo;\u00e0 la nuit au col du Mont maudit). Il vous restera ensuite une journ\u00e9e pour aller au sommet et redescendre.<\/p>\n\n\n\n<p>Acc\u00e8s : Aller \u00e0 la gare de Chamonix (je pense que vous trouverez sans plus de pr\u00e9cision !). Prendre le train du Montenvers.<\/p>\n\n\n\n<h2 class=\"wp-block-heading\">Premi\u00e8re journ\u00e9e : Montenvers (1900 m) &#8211; refuge du requin (2500 m)<\/h2>\n\n\n\n<p>Du Montenvers, suivre l&rsquo;acc\u00e8s classique au refuge du requin : descendre sur la mer de glace par les \u00e9chelles (attention, avec beaucoup de poids sur le dos \u00e7a n&rsquo;est pas si facile !), remonter la mer de glace jusqu&rsquo;aux barres rocheuses situ\u00e9es sous le refuge, et remonter les \u00e9chelles qui donnent acc\u00e8s au refuge (fatigue garantie pour ce premier jour !).<\/p>\n\n\n\n<figure class=\"wp-block-image\"><img decoding=\"async\" src=\"http:\/\/www.reveeveille.net\/photos\/2002\/0915_mont_blanc\/20020915_mont_blanc_mer_de_glace.jpg\" alt=\"\"\/><figcaption>Sa majest\u00e9 la mer de glace<\/figcaption><\/figure>\n\n\n\n<h2 class=\"wp-block-heading\">Deuxi\u00e8me journ\u00e9e : Refuge du requin (2500 m) &#8211; Glacier du g\u00e9ant (3000 m)<\/h2>\n\n\n\n<p>Du refuge, le meilleur cheminement pour traverser les s\u00e9racs du g\u00e9ant est clairement lisible, prenez le temps de l&rsquo;\u00e9tudier avant de vous lancer, tout n&rsquo;en ira que mieux ensuite. Ces derni\u00e8res ann\u00e9es le r\u00e9chauffement climatique a beaucoup chang\u00e9 l&rsquo;endroit : la portion de glacier situ\u00e9e sous le petit rognon a enti\u00e8rement fondu, laissant place \u00e0 des bandes de rochers nus. Tout va bien, ils sont faciles \u00e0 traverser. La derni\u00e8re fois que j&rsquo;y suis pass\u00e9 (ao\u00fbt 2019) une bande de neige entre rocher et glacier constituait un passage tr\u00e8s simple pour acc\u00e9der au plateau glaciaire&#8230; A voir comment cela \u00e9voluera, mais il est probable que d&rsquo;ici quelques ann\u00e9es on pourra poser le pieds sur le plateau sup\u00e9rieur du glacier sans avoir mis le pied dans la neige depuis le refuge du Requin.<\/p>\n\n\n\n<figure class=\"wp-block-image\"><img decoding=\"async\" src=\"http:\/\/www.reveeveille.net\/photos\/2002\/0915_mont_blanc\/20020915_mont_blanc_seracs.jpg\" alt=\"\"\/><figcaption>Reconnaissance vers les s\u00e9racs du G\u00e9ant<\/figcaption><\/figure>\n\n\n\n<p>Une fois la barre de s\u00e9racs pass\u00e9e, progressez \u00e0 votre bon plaisir dans la \u00ab\u00a0b\u00e9di\u00e8re\u00a0\u00bb, cette vaste cuvette neigeuse agr\u00e9able et facile.<\/p>\n\n\n\n<figure class=\"wp-block-image\"><img decoding=\"async\" src=\"http:\/\/www.reveeveille.net\/photos\/2019\/0730_oisan_et_mont_blanc_raphael_aurelien\/20190730_oisan_et_mont_blanc_raphael_aurelien_09.jpg\" alt=\"\"\/><\/figure>\n\n\n\n<p>Remontez les pentes de neige un peu plus raides qui lui font suite et arr\u00eatez-vous quand vous avez envie&#8230; et quand vous trouvez du terrain \u00e0 peu pr\u00e8s plat. C&rsquo;est le cas par exemple vers 2950 au dessus d&rsquo;un petit couloir de neige tranquille. Il est \u00e9galement possible de monter directement jusqu&rsquo;au col du midi mais je conseille de faire une petite \u00e9tape dans le coin, o\u00f9 on est encore tranquilles, et de dormir l\u00e0 pour commencer \u00e0 s&rsquo;acclimater tout doucement.<\/p>\n\n\n\n<figure class=\"wp-block-image\"><img decoding=\"async\" src=\"http:\/\/www.reveeveille.net\/photos\/2019\/0730_oisan_et_mont_blanc_raphael_aurelien\/20190730_oisan_et_mont_blanc_raphael_aurelien_10.jpg\" alt=\"\"\/><\/figure>\n\n\n\n<h3 class=\"wp-block-heading\">Troisi\u00e8me journ\u00e9e : Glacier du G\u00e9ant (3000 m) &#8211; Col du Midi (3500 m)<\/h3>\n\n\n\n<p>Journ\u00e9e facile : remonter \u00e0 vue les pentes de neige peu raides et s&rsquo;installer ou on veut sur l&rsquo;immense plateau neigeux du col du midi. Petite ascension digestive possible : la pointe Lachenal, toute proche et \u00e0 3650. Ceux qui font l&rsquo;ascension en 3 jours continueront jusqu&rsquo;au col du Mont Maudit.<\/p>\n\n\n\n<figure class=\"wp-block-image\"><img decoding=\"async\" src=\"http:\/\/www.reveeveille.net\/photos\/2002\/0915_mont_blanc\/20020915_mont_blanc_camp_1.jpg\" alt=\"\"\/><figcaption>Le camp du col du midi<\/figcaption><\/figure>\n\n\n\n<h2 class=\"wp-block-heading\">Quatri\u00e8me journ\u00e9e : Col du midi (3500 m) &#8211; Ar\u00eate du Mont-Blanc du Tacul (4100 m).<\/h2>\n\n\n\n<p>On rejoint ici un tron\u00e7on d&rsquo;itin\u00e9raire tr\u00e8s fr\u00e9quent\u00e9 du massif : la voie normale du Mont-Blanc du Tacul, et la voie dite \u00ab\u00a0des trois monts\u00a0\u00bb vers le Mont Blanc. Vous pourrez vous contenter de suivre la trace, g\u00e9n\u00e9ralement bonne, pour rejoindre le col du Mont Maudit ou je vous conseille de poser le camp.<\/p>\n\n\n\n<figure class=\"wp-block-image\"><img decoding=\"async\" src=\"https:\/\/lh3.googleusercontent.com\/2l3uyW842oiInScEToW6W49Aqb5AYiskANYyXpqI3rBL7at9pU3iJZzm24clveQYzlhMnQLU27PCfDyjYyhirCMtJa5rETKIqHHJs2vJmrMQUbku0uONbACpTkdCn1MDcFrO4JJ89YTkiq0_V_5mn4Ah-ggbEQcWYN3Hw4o6s-WepqjL_kPDTO2SbwJfi3WHpWx1q_hHaOD74TdP9rNwggeL_oLUbbePKCCnZG9UIYTUDeZlqAIH8ZXtVIYXTJ-S_-u5MQgwG2f54cjGO9ZUf2OZ4Uhtd00zBqbF7f9u2_5s3M-CVm8HvfHGIUzp_PvRwV4SSNuTbbeu6mrVE4a5m2IVrLLBjRo6zPnVveK0uP7Fb7o4dW6BHv2DoKZJsNHMLBT3z1oX2L4-gy5pIUvostcjY9qvkwx6kq83kO0JW9AXlryNdKZj91lB0yuB7wvwUGQOPNWYJrbz38ee6AX-UPNz7Z4ZfElvEsE265BgCgYuogjBW_jjMS2a9Yt_TguHGjFLisYkq2Wie-nteOHE-XyGKTTKOi8x4NXCLiqNw4NixKF8oVSTm9jRx6GXQcWzDp-amrsmEn6pSv9hg6H5FJoTKXeucSO7wRaq1hq-gTrsnF8dXYNm-nZFwdk4OFrS5vLuIGwy-Or0JO8aw5oEvUz5TxM1l3vU84iO6X-3iKXcxcS5PbRBow=w1280-h661-no\" alt=\"\"\/><figcaption>Camp au col du Mont Maudit<\/figcaption><\/figure>\n\n\n\n<p>Attention, \u00e0 4100, il faut \u00eatre correctement acclimat\u00e9 pour bien dormir (jetez un \u0153il sur l&rsquo;article \u00ab\u00a0<a href=\"https:\/\/www.reveeveille.net\/lamontagnetranquille\/index.php\/laltitude-et-ses-effets\/\">L&rsquo;altitude et ses effets<\/a>\u00ab\u00a0). Vue grandiose sur les sommets italiens et les pr\u00e9alpes fran\u00e7aises. Possibilit\u00e9 d&rsquo;aller faire l&rsquo;ascension du Mont-Blanc du Tacul en petite balade (100 m de d\u00e9nivel\u00e9 !).<\/p>\n\n\n\n<div class=\"wp-block-image\"><figure class=\"aligncenter\"><img decoding=\"async\" src=\"http:\/\/www.reveeveille.net\/photos\/2002\/0915_mont_blanc\/20020915_mont_blanc_sa_majeste.jpg\" alt=\"\"\/><figcaption>Du Tacul, le Mont-Blanc para\u00eet encore bien loin<\/figcaption><\/figure><\/div>\n\n\n\n<h2 class=\"wp-block-heading\">Cinqui\u00e8me journ\u00e9e. Ar\u00eate du Tacul (4100 m) &#8211; Pointe Bayeux au d\u00f4me du go\u00fbter (4250 m).<\/h2>\n\n\n\n<p>La derni\u00e8re partie de l&rsquo;ascension se fait en suivant la voie classique de travers\u00e9e des 3 Monts. Le passage de la rimaye du Mont Maudit (pente de glace un peu raide) avec 25 kilos sur le dos n&rsquo;est pas de tout repos, d&rsquo;autant qu&rsquo;il y a g\u00e9n\u00e9ralement pas mal de monde.<\/p>\n\n\n\n<p>Il est \u00e9galement possible de monter \u00e0 gauche dans les pentes raides puis l&rsquo;ar\u00eate qui rejoignent le sommet du Mont Maudit. L\u00e0 encore, le poids du sac ne facilite pas les choses, mais c&rsquo;est faisable sans trop de probl\u00e8me. La redescente du Mont Maudit au col de la Brenva est facile.<\/p>\n\n\n\n<figure class=\"wp-block-image\"><img decoding=\"async\" src=\"http:\/\/www.reveeveille.net\/photos\/2019\/0730_oisan_et_mont_blanc_raphael_aurelien\/20190730_oisan_et_mont_blanc_raphael_aurelien_11.jpg\" alt=\"\"\/><figcaption>La face nord du Mont Maudit, par lequel se fait la redescente vers le col de la Brenva. L&rsquo;itin\u00e9raire le plus parcouru, dont les traces sont visibles sur la photo, passe par le centre de la face et la pente de neige qui coupe l&rsquo;ar\u00eate rocheuse de gauche. La variante par le sommet, \u00e0 gauche, est un peu plus longue et engag\u00e9e, mais magnifique.<\/figcaption><\/figure>\n\n\n\n<p>Reste la derni\u00e8re mont\u00e9e, classique, le mur de la c\u00f4te et la face. C&rsquo;est une section facile mais un peu long et monotone \u00e0 mon go\u00fbt.<\/p>\n\n\n\n<div class=\"wp-block-image\"><figure class=\"aligncenter\"><img decoding=\"async\" src=\"http:\/\/www.reveeveille.net\/photos\/2002\/0915_mont_blanc\/20020915_mont_blanc_corniche_de_la_brenva.jpg\" alt=\"\"\/><figcaption>Les corniches du col de la brenva<\/figcaption><\/figure><\/div>\n\n\n\n<p>Si vous avez avanc\u00e9 tranquillement, peut-\u00eatre arrivez-vous au somment largement apr\u00e8s le d\u00e9part des derniers ascensionnistes (vers 16 ou 17 heures, par exemple), ce qui permettra de profiter tranquillement.<\/p>\n\n\n\n<p>La redescente peut se faire par la voie normale, ou les grands Mulets. La logique d&rsquo;une travers\u00e9e interminable pourrait faire choisir la voie normale italienne et le glacier de Miage (je n&rsquo;ai jamais fait cet encha\u00eenement \u00e0 la descente).<\/p>\n\n\n\n<figure class=\"wp-block-image\"><img decoding=\"async\" src=\"http:\/\/www.reveeveille.net\/photos\/2019\/0730_oisan_et_mont_blanc_raphael_aurelien\/20190730_oisan_et_mont_blanc_raphael_aurelien_12.jpg\" alt=\"\"\/><\/figure>\n\n\n\n<p>Quelque soit votre choix il sera difficile de redescendre jusqu&rsquo;\u00e0 la civilisation dans cette m\u00eame journ\u00e9e, aussi je vous donne un conseil : au d\u00f4me du go\u00fbter, filez plein nord sur un petit kilom\u00e8tre vers la pointe Bayeux, replat neigeux \u00e0 l&rsquo;\u00e9cart de l&rsquo;itin\u00e9raire, \u00e0 peine marqu\u00e9 au dessus d&rsquo;une petite \u00e9mergence de rocher et posez-y le camp. Ce sera une belle occasion de profiter d&rsquo;une nuit de tranquillit\u00e9 en plus, dans une ambiance fantastique de tr\u00e8s haute montagne&#8230;<\/p>\n\n\n\n<h2 class=\"wp-block-heading\">Sixi\u00e8me journ\u00e9e : Pointe Bayeux au d\u00f4me du go\u00fbter (4250 m) &#8211; Redescente<\/h2>\n\n\n\n<p>RAS : emprunter l&rsquo;itin\u00e9raire classique de descente de la voie normale du Mont-Blanc, ou la voie des grands Mulets, \u00e0 vous de voir&#8230;<\/p>\n\n\n\n<figure class=\"wp-block-image\"><img decoding=\"async\" src=\"http:\/\/www.reveeveille.net\/photos\/2019\/0730_oisan_et_mont_blanc_raphael_aurelien\/20190730_oisan_et_mont_blanc_raphael_aurelien_13.jpg\" alt=\"\"\/><figcaption> L&rsquo;aiguille de Bionnassay, aper\u00e7ue depuis la descente du D\u00f4me du Go\u00fbter <\/figcaption><\/figure>\n\n\n\n<p>Vous y passerez au matin, apr\u00e8s que la caravane d&rsquo;ascensionnistes seront pass\u00e9s dans le sens de la mont\u00e9e, avec un peu de chance vous serez tranquilles&#8230;<\/p>\n\n\n\n<figure class=\"wp-block-image is-resized\"><img loading=\"lazy\" decoding=\"async\" src=\"http:\/\/www.reveeveille.net\/photos\/2019\/0730_oisan_et_mont_blanc_raphael_aurelien\/20190730_oisan_et_mont_blanc_raphael_aurelien_14.jpg\" alt=\"\" width=\"840\" height=\"394\"\/><figcaption>Le refuge du Go\u00fbter, sur son ar\u00eate solitaire<\/figcaption><\/figure>\n\n\n\n<figure class=\"wp-block-image\"><img decoding=\"async\" src=\"http:\/\/www.reveeveille.net\/photos\/1900\/0101_illustrations_montagne\/19000101_illustrations_montagne_04.jpg\" alt=\"\"\/><\/figure>\n","protected":false},"excerpt":{"rendered":"<p>Cet itin\u00e9raire est grandiose, et de grande ampleur (il repr\u00e9sente plus de 30 km de long !), tout en restant techniquement facile. On s&rsquo;y sent plus comme en exp\u00e9dition lointaine&hellip; <\/p>\n","protected":false},"author":1,"featured_media":1465,"comment_status":"closed","ping_status":"open","sticky":false,"template":"","format":"standard","meta":{"footnotes":""},"categories":[6,12],"tags":[],"class_list":["post-731","post","type-post","status-publish","format-standard","has-post-thumbnail","hentry","category-itineraires","category-mont-blanc"],"_links":{"self":[{"href":"https:\/\/www.reveeveille.net\/lamontagnetranquille\/wp-json\/wp\/v2\/posts\/731","targetHints":{"allow":["GET"]}}],"collection":[{"href":"https:\/\/www.reveeveille.net\/lamontagnetranquille\/wp-json\/wp\/v2\/posts"}],"about":[{"href":"https:\/\/www.reveeveille.net\/lamontagnetranquille\/wp-json\/wp\/v2\/types\/post"}],"author":[{"embeddable":true,"href":"https:\/\/www.reveeveille.net\/lamontagnetranquille\/wp-json\/wp\/v2\/users\/1"}],"replies":[{"embeddable":true,"href":"https:\/\/www.reveeveille.net\/lamontagnetranquille\/wp-json\/wp\/v2\/comments?post=731"}],"version-history":[{"count":16,"href":"https:\/\/www.reveeveille.net\/lamontagnetranquille\/wp-json\/wp\/v2\/posts\/731\/revisions"}],"predecessor-version":[{"id":1450,"href":"https:\/\/www.reveeveille.net\/lamontagnetranquille\/wp-json\/wp\/v2\/posts\/731\/revisions\/1450"}],"wp:featuredmedia":[{"embeddable":true,"href":"https:\/\/www.reveeveille.net\/lamontagnetranquille\/wp-json\/wp\/v2\/media\/1465"}],"wp:attachment":[{"href":"https:\/\/www.reveeveille.net\/lamontagnetranquille\/wp-json\/wp\/v2\/media?parent=731"}],"wp:term":[{"taxonomy":"category","embeddable":true,"href":"https:\/\/www.reveeveille.net\/lamontagnetranquille\/wp-json\/wp\/v2\/categories?post=731"},{"taxonomy":"post_tag","embeddable":true,"href":"https:\/\/www.reveeveille.net\/lamontagnetranquille\/wp-json\/wp\/v2\/tags?post=731"}],"curies":[{"name":"wp","href":"https:\/\/api.w.org\/{rel}","templated":true}]}}