
{"id":657,"date":"2021-12-11T17:38:06","date_gmt":"2021-12-11T17:38:06","guid":{"rendered":"http:\/\/reveeveille.net\/lamontagnetranquille\/?p=657"},"modified":"2021-12-11T17:38:08","modified_gmt":"2021-12-11T17:38:08","slug":"la-chair-de-ma-chair","status":"publish","type":"post","link":"https:\/\/www.reveeveille.net\/lamontagnetranquille\/la-chair-de-ma-chair\/","title":{"rendered":"La chair de ma chair"},"content":{"rendered":"\n<p>\u00catre seul, dans le silence. S&rsquo;impr\u00e9gner de l&rsquo;esprit du lieu. Se ressourcer.<\/p>\n\n\n\n<p>Ou bien&#8230; partager, vivre \u00e0 plusieurs ces moments.<\/p>\n\n\n\n<p>Entre les deux, mon c\u0153ur balance sans cesse. Bien souvent l&rsquo;envie de partage emporte le combat silencieux qui se fait en moi. Que restera t-il de tout \u00e7a si je suis seul \u00e0 le vivre ? Si personne ne SAIT que \u00e7a existe, que j&rsquo;y suis, \u00e0 quoi cela peut-il bien servir.<\/p>\n\n\n\n<p>Je sens bien que cette position ne tient pas. Que tout ce qui est v\u00e9cu ne peut \u00eatre perdu, que ce dont je me nourris ne peut m&rsquo;\u00eatre repris. Il y a forc\u00e9ment dans l&rsquo;envie de partage quelque chose qui tient \u00e0 l&rsquo;\u00e9go. Quelqu&rsquo;un doit savoir que j&rsquo;ai v\u00e9cu de belles choses&#8230; une sorte de fiert\u00e9 personnelle qui doit trouver \u00e0 s&rsquo;exprimer ?<\/p>\n\n\n\n<p>Dans la seconde d&rsquo;apr\u00e8s mon avis bascule une fois de plus comme une girouette. Non, le partage n&rsquo;est pas que \u00e7a. La pr\u00e9sence d&rsquo;un \u00eatre cher \u00e0 ses c\u00f4t\u00e9s, c&rsquo;est aussi et encore un enrichissement. Plaisir de voir son plaisir. Communication directe entre les \u00eatres, qui fait son chemin dans par d&rsquo;autres voies que la parole, et fait avancer la conception qu&rsquo;on a de l&rsquo;autre et du monde.<\/p>\n\n\n\n<p>Si la question se pose r\u00e9guli\u00e8rement de savoir \u00ab\u00a0avec qui\u00a0\u00bb je vais partir la prochaine fois, il est une envie secr\u00e8te qui, m\u00eame si elle n&rsquo;est pas consciente \u00e0 mon esprit depuis longtemps, y existe pourtant depuis toujours. C&rsquo;est le d\u00e9sir de partage avec mes enfants. Qu&rsquo;\u00e0 leur tour, ils en viennent \u00e0 aimer de toutes les fibres de leur corps ce milieu qui me fait tant de bien. Dans l&rsquo;existence ce d\u00e9sir, je le sais, interviennent de tr\u00e8s vieux souvenirs d&rsquo;enfance, de pierriers et de sommets parcourus en famille, moments de bonheur partag\u00e9s et constructifs. Monter la haut avec mes enfant, c&rsquo;est la promesse garantie de retrouver ces moments.<\/p>\n\n\n\n<p>Du moins l&rsquo;ais-je cru. Car les choses ne sont pas, h\u00e9las, aussi simples. Mes enfants sentent bien mon attachement \u00e0 la montagne. Ils le respectent, en sentent toute l&rsquo;importance pour moi. Ils m&rsquo;en parlent parfois, me questionnent (un peu). Mais ils ne sont pas tous r\u00e9ellement attir\u00e9s eux-m\u00eames.<\/p>\n\n\n\n<p>Hasard ? Force de la convention sociale ? Mes deux filles ne semblent pour le moment y accorder qu&rsquo;un int\u00e9r\u00eat intellectuel. Chez Nils, le gar\u00e7on, je sens l&rsquo;\u00e9veil progressif de quelque chose de plus profond, qui touche aux \u00e9motions et pas seulement \u00e0 la pens\u00e9e.<\/p>\n\n\n\n<p>Alors, j&rsquo;ai d\u00e9cid\u00e9 d&rsquo;accompagner cet \u00e9veil, en essayant de ne pas me laisser seulement emporter par mes envies \u00e0 moi, mais de rester \u00e0 l&rsquo;\u00e9coute de ce dont il aurait vraiment envie. Vers quoi cela ira-t-il, je n&rsquo;en ai aucune id\u00e9e. De temps \u00e0 autres, on fait ensemble un petit pas en avant&#8230; ou en arri\u00e8re quand je n&rsquo;ai pas \u00e9t\u00e9 assez respectueux.<\/p>\n\n\n\n<p>Voici la chronique d&rsquo;un partage&#8230;<\/p>\n\n\n\n<h2 class=\"wp-block-heading\">J&rsquo;irai plus jamais dormir dans la neige<\/h2>\n\n\n\n<p>\u00ab\u00a0J&rsquo;irais plus jamais dormir dans la neige\u00a0\u00bb. C&rsquo;est en scandant cette phrase entre deux sanglots d\u00e9sesp\u00e9r\u00e9s que Nils continue \u00e0 avancer face au vent glacial qui nous fouette le visage et nous aveugle \u00e0 moiti\u00e9.<\/p>\n\n\n\n<p>Moi qui aime par dessus tout dormir l\u00e0-haut, ne pas redescendre, j&rsquo;ai l&rsquo;impression d&rsquo;un immense g\u00e2chis, d&rsquo;avoir fait rater \u00e0 mon fils l&rsquo;entr\u00e9e dans le monde merveilleux de la montagne, d&rsquo;avoir r\u00e9duit \u00e0 n\u00e9ant, et pour longtemps, les premiers signes d&rsquo;int\u00e9r\u00eat qu&rsquo;il a commenc\u00e9 \u00e0 y porter depuis quelques mois.<\/p>\n\n\n\n<p>Mais surtout, pour le moment, j&rsquo;ai peur.<\/p>\n\n\n\n<p>Je croyais pourtant avoir tout pr\u00e9vu, tout pr\u00e9par\u00e9 pour que l&rsquo;aventure ne soit faite que de plaisir. Une m\u00e9t\u00e9o excellente, un mat\u00e9riel bien chaud, des livres, de quoi pr\u00e9parer \u00e0 Manon et Nils un bon repas chaud avec de choses qu&rsquo;ils aiment&#8230; une marche courte, dans un endroit bien connu et facile d&rsquo;acc\u00e8s : le Mont Loz\u00e8re; autant dire pas encore les aiguilles de Chamonix !<\/p>\n\n\n\n<p>Et c&rsquo;est vrai que tout avait bien commenc\u00e9. Pas un souffle d&rsquo;air en sortant de la voiture, les enfants enthousiastes qui partent en courant dans la neige, se jouant du sac \u00e0 dos pourtant d&rsquo;un bon volume, la mont\u00e9e tranquille et facile au soleil couchant&#8230;<\/p>\n\n\n\n<p>On avait choisi ensemble un coin qui nous plaisait \u00e0 tous, plat, recouvert d&rsquo;une \u00e9paisse couche de neige dans laquelle Nils et Manon s&rsquo;\u00e9taient pr\u00e9cipit\u00e9s pour fabriquer un igloo pendant que je montais la tente. Au coucher du soleil on s&rsquo;\u00e9tait tous mis au chaud, dans notre douillette montagne de duvets et de couettes.<\/p>\n\n\n\n<p>Apr\u00e8s avoir bien mang\u00e9 Manon et Nils avaient longuement jou\u00e9 avec la bu\u00e9e qui oscillait en bloc dans la tente lorsque l&rsquo;on remuait la toile, donnant une impression de monde vacillant.<\/p>\n\n\n\n<p>Bient\u00f4t de la glace avait commenc\u00e9 \u00e0 appara\u00eetre sur les parois (il faisait -20\u00b0 dehors), nouvelle source d&rsquo;amusements&#8230;<\/p>\n\n\n\n<p>Il y avait eu beaucoup de rires et de joie.<\/p>\n\n\n\n<p>Dans le silence de la tente, une fois mes deux petits diables endormis, d\u00e9j\u00e0 je pensais que c&rsquo;\u00e9tait gagn\u00e9, qu&rsquo;ils \u00e9taient conquis&#8230;<\/p>\n\n\n\n<p>Quelques heures plus tard, un \u00e9l\u00e9ment nouveau, impr\u00e9vu, \u00e9tait apparu : le vent s&rsquo;\u00e9tait lev\u00e9, puis j&rsquo;avais bient\u00f4t reconnu le bruit caract\u00e9ristique du gr\u00e9sil qui tombe sur la toile de tente. Je n&rsquo;\u00e9tais pas bien inquiet : on \u00e9tait si proche de la route, de la voiture&#8230; un petit kilom\u00e8tre de descente en longeant la lis\u00e8re de la for\u00eat, pas moyen de se perdre, 10 minutes au pas de course et on y serait. Pas inquiet, mais emb\u00eat\u00e9 : un voile sur le d\u00e9roulement id\u00e9al de cette premi\u00e8re exp\u00e9rience&#8230; et puis&#8230; quand m\u00eame, un questionnement qui commence \u00e0 m&rsquo;occuper l&rsquo;esprit : et si \u00e7a n&rsquo;\u00e9tait pas si facile que \u00e7a ? Me reviennent des souvenirs de fuite dans le mauvais temps&#8230; et ce sont de mauvais souvenirs. Comment des enfants vont-ils prendre \u00e7a ?<\/p>\n\n\n\n<p>Comme toujours, la r\u00e9apparition du jour avait chass\u00e9 ces sombres pens\u00e9es. Apr\u00e8s tout la situation n&rsquo;\u00e9tait pas si terrible. Une quinzaine de centim\u00e8tres de neige fra\u00eeche, un brouillard au travers duquel la vue porte \u00e0 plusieurs centaines de m\u00e8tres. Petit dej&rsquo; rapide, d\u00e9montage de la tente en laissant les enfants \u00e0 l&rsquo;int\u00e9rieur jusqu&rsquo;\u00e0 la derni\u00e8re seconde&#8230; pour l&rsquo;instant ils gardent le moral.<\/p>\n\n\n\n<p>Nous voil\u00e0 partis.<\/p>\n\n\n\n<p>A 200 m\u00e8tres du camp, la lisi\u00e8re de la for\u00eat fait un coude vers l&rsquo;est. Nous d\u00e9bouchons en plein vent. Il est tr\u00e8s fort, exactement face \u00e0 nous. Et glacial. Je connais bien cette sensation : le visage et les extr\u00e9mit\u00e9s se refroidissent tr\u00e8s vite, puis rapidement deviennent douloureux. Il n&rsquo;y a pas \u00e0 tergiverser dans ce cas de figure : il faut actionner, marcher \u00e0 pas forc\u00e9s, et se mettre \u00e0 l&rsquo;abri quand on s&rsquo;immobilise. Ce ne sont jamais des moments agr\u00e9ables, mais rien de plus&#8230;<\/p>\n\n\n\n<p>Seulement, l\u00e0 je suis avec des enfants. Qui n&rsquo;ont jamais connu \u00e7a. Inattentif, pensant qu&rsquo;ils me suivent, je pas devant. Je les entends dire qu&rsquo;il fait froid, que \u00e7a fait mal, je les encourage encore gaiement : \u00ab\u00a0Allez, on avance, vite\u00a0\u00bb. 20 secondes plus tard, je me retourne pour surveiller leur avanc\u00e9e et je comprends mon erreur. Manon est assise dans la neige, se tenant les yeux. Nils erre au hasard, la manche sur le visage, et il appelle.<\/p>\n\n\n\n<div class=\"wp-block-columns is-layout-flex wp-container-core-columns-is-layout-9d6595d7 wp-block-columns-is-layout-flex\">\n<div class=\"wp-block-column is-layout-flow wp-block-column-is-layout-flow\">\n<figure class=\"wp-block-image\"><img decoding=\"async\" src=\"http:\/\/www.reveeveille.net\/photos\/2005\/0205_camping_mont_lozere\/20050205_camping_mont_lozere_01.jpg\" alt=\"\"\/><figcaption>La tente est mont\u00e9e sous un ciel \u00e9clatant&#8230;<\/figcaption><\/figure>\n<\/div>\n\n\n\n<div class=\"wp-block-column is-layout-flow wp-block-column-is-layout-flow\">\n<figure class=\"wp-block-image\"><img decoding=\"async\" src=\"http:\/\/www.reveeveille.net\/photos\/2005\/0205_camping_mont_lozere\/20050205_camping_mont_lozere_02.jpg\" alt=\"\"\/><figcaption>&#8230;mais au matin, les nuages apportent un froid glacial<\/figcaption><\/figure>\n<\/div>\n<\/div>\n\n\n\n<p>En une seconde mon \u00e9tat d&rsquo;esprit bascule. Ils sont en difficult\u00e9. Il fait tellement froid qu&rsquo;une telle attitude va rapidement les mettre en danger. Mon sang ne fait qu&rsquo;un tour. Je remonte \u00e0 la course, je les prends par la main, les encourage. Ils pleurent. Je me f\u00e2che, j&rsquo;essaie de les r\u00e9chauffer, je les encourage \u00e0 nouveau. Je suis perdu, d\u00e9sempar\u00e9. Des images de mort m&rsquo;effleurent. Je ne sais pas comment r\u00e9agir. Finalement, on d\u00e9cide de se donner la main tous les 3. Ils avancent en aveugles, en se prot\u00e9geant le visage. Ils sentent qu&rsquo;il faut aller tr\u00e8s vite. Acc\u00e9l\u00e8rent le pas. Tout en continuant \u00e0 pleurer. Mais ils sont acteurs, ils ne se laissent plus faire.<\/p>\n\n\n\n<p>Voil\u00e0 la route, la voiture&#8230; prise dans une cong\u00e8re, heureusement petite, que je d\u00e9blaie facilement avec la pelle \u00e0 neige, pendant que les enfants se calment \u00e0 l&rsquo;int\u00e9rieur dans leurs duvets&#8230; Je travaille avec hargne, furieux contre moi-m\u00eame. Je sens encore dans mes membres l&rsquo;effet de l&rsquo;adr\u00e9naline qui m&rsquo;a secou\u00e9.<\/p>\n\n\n\n<p>C&rsquo;est un sacr\u00e9 avertissement.<\/p>\n\n\n\n<p>Sur la route du retour, tout pr\u00e8s de l\u00e0, le soleil r\u00e9appara\u00eet. L&rsquo;habitacle de la voiture chauffe au soleil du matin, la vie revient.<\/p>\n\n\n\n<h2 class=\"wp-block-heading\">Maintenant je suis un vrai alpiniste<\/h2>\n\n\n\n<p>Seconde exp\u00e9rience avec Nils.<\/p>\n\n\n\n<p>Nous voici dans les Pyr\u00e9n\u00e9es ari\u00e9geoises en avril. Du chalet on aper\u00e7oit les les montagnes printani\u00e8res encore charg\u00e9es de neige briller au soleil. Nils a maintenant 11 ans, et je sens, imperceptiblement, son int\u00e9r\u00eat s&rsquo;\u00e9veiller avec mes commentaires faussement innocents. Veut-il plaire a son papa ou ressent-il une r\u00e9elle attirance pour ces pentes que je lui montre du doigt ? Cette question ne re\u00e7oit pas encore de r\u00e9ponse claire, mais je d\u00e9cide de profiter de l&rsquo;occasion.<\/p>\n\n\n\n<p>Attention, Cette fois, je le sens, doit n&rsquo;\u00eatre que plaisir&#8230;&nbsp; Je r\u00e9ussis avec peine \u00e0 r\u00e9sister aux envies de grands sommets qui me tenaillent, et finis par choisir un sommet modeste, le Tarbesou (2300 m), en ne m&rsquo;abaissant tout de m\u00eame pas \u00e0 l&rsquo;envisager par sa voie normale. Une ar\u00eate courte et a\u00e9rienne se d\u00e9tache de l&rsquo;ant\u00e9cime et part vers le nord rejoindre la station d&rsquo;Ascou-Pailh\u00e8res, maintenant ferm\u00e9e. De quoi nous offrir de belles ambiances.<\/p>\n\n\n\n<p>Lever \u00e0 5 heures. Le silence de la maison encore endormie me replonge 30 ans en arri\u00e8re. Nous passions souvent nos vacances en montagne dans des maisons familiales, sortes de villages vacance bien pratiques pour les parents de familles nombreuses qui trouvaient l\u00e0 une respiration gr\u00e2ce aux activit\u00e9s propos\u00e9es aux enfants. Ca ne nous emp\u00eachait pas de vivre de beaux moments familiaux, notamment gr\u00e2ce aux \u00ab\u00a0sorties en montagnes\u00a0\u00bb. Chaque semaine, un guide emmenait les courageux vers un sommet du coin. On se levait au beau milieu de la nuit, et on convergeait furtivement vers la cuisine, dans laquelle avait \u00e9t\u00e9 pr\u00e9par\u00e9s et laiss\u00e9s \u00e0 notre intention des petits d\u00e9jeuners et des pique nique. Nous les enfants, on avait l&rsquo;impression de participer \u00e0 une op\u00e9ration secr\u00e8te, qui nous donnait une grande importance \u00e0 c\u00f4t\u00e9 de tous les enfants ordinaires qui dormaient dans leurs lits. On d\u00e9jeunait dans le silence dans le r\u00e9fectoire vide et sombre, puis on quittait la s\u00e9curit\u00e9 du b\u00e2timent pour entamer un long convoyage en voiture que nous faisions dans un semi sommeil, parfois r\u00e9veill\u00e9s par l&rsquo;\u00e9clat soudain du phare de la voiture suivante au sortir d&rsquo;une \u00e9pingle. Puis le moteur s&rsquo;arr\u00eatait. Des mouvements feutr\u00e9s se faisaient entendre dans l&rsquo;habitacle, les parents nous laissaient encore somnoler quelques minutes pendant la pr\u00e9paration des sacs. Il fallait enfin sortir dans le froid&#8230; m\u00e9lange de souffrance et de jouissance qui me laisse d&rsquo;\u00e9ternels souvenirs.<\/p>\n\n\n\n<p>Nils ressent-il des \u00e9motions analogues en mangeant sa tartine dans le silence de la cuisine ?<\/p>\n\n\n\n<p>Dans les premi\u00e8re pentes de neige dure, nous sortons les crampons. C&rsquo;est une premi\u00e8re pour lui, il se sent tout \u00e0 coup alpiniste pour de vrai. Utiliser ce mat\u00e9riel de sp\u00e9cialiste le motive, et il part comme une fus\u00e9e. De loin en loin, il se retourne fi\u00e8rement vers moi.<\/p>\n\n\n\n<p>Un peu plus haut, au sortir de la for\u00eat, nous prenons le temps de nous amuser dans une pente de neige plus raide. L&rsquo;itin\u00e9raire normal est un peu plus loin, mais l&rsquo;aspect technique de cette petite escapade ajoute encore au plaisir d&rsquo;\u00eatre l\u00e0.<\/p>\n\n\n\n<p>Nous voil\u00e0 sur l&rsquo;ar\u00eate, encore modeste et douce. Il n&rsquo;y a pas un souffle de vent, la neige porte bien, la vue se d\u00e9gage \u00e0 l&rsquo;infini. On s&rsquo;arr\u00eate toutes les 10 minutes pour se reposer et profiter. C&rsquo;est un rythme \u00e9trange pour moi, mais je me laisse faire et finalement j&rsquo;y prends go\u00fbt.<\/p>\n\n\n\n<p>Peu \u00e0 peu, l&rsquo;ar\u00eate s&rsquo;effile. Bient\u00f4t, nous nous encorderons, donnant d\u00e9finitivement \u00e0 Nils le sentiment d&rsquo;\u00eatre de vrais alpinistes.<\/p>\n\n\n\n<p>Nous n&rsquo;atteindrons finalement pas tout \u00e0 fait le sommet du Tarb\u00e9sou. Le temps presse, b\u00eatement j&rsquo;ai donn\u00e9 une heure de retour et nous voil\u00e0 pris de court. Une ant\u00e9cime locale nous sert de sommet de rechange, mais Nils est heureux, bien que l\u00e9g\u00e8rement impressionn\u00e9 tout de m\u00eame.<\/p>\n\n\n\n<p>La neige a maintenant molli, et la descente se fait en courant, glissant, s&rsquo;enfon\u00e7ant, sautant, tr\u00e9buchant, criant et riant.<\/p>\n\n\n\n<p>Arriv\u00e9 \u00e0 la voiture, Nils s&rsquo;\u00e9crie \u00ab\u00a0Ah, elle va regretter, Manon, quand je vais lui raconter comment on s&rsquo;est r\u00e9gal\u00e9s\u00a0\u00bb.<\/p>\n\n\n\n<p>C&rsquo;est gagn\u00e9 pour cette fois.<\/p>\n\n\n\n<p>Le r\u00e9sultat ne s&rsquo;est pas fait attendre. Le lendemain, Nils m&rsquo;a demand\u00e9 : \u00ab\u00a0Papa, la prochaine fois j&rsquo;aimerai que tu m&#8217;emm\u00e8ne sur les bords du Mont Blanc. On marcherait vers le sommet et on irait aussi haut qu&rsquo;on pourrait. D&rsquo;accord ?\u00a0\u00bb<\/p>\n\n\n\n<p>D&rsquo;accord, petit homme. Peut-\u00eatre pas d\u00e8s la prochaine fois, mais bient\u00f4t, je te le promets.<\/p>\n\n\n\n<div class=\"wp-block-columns is-layout-flex wp-container-core-columns-is-layout-9d6595d7 wp-block-columns-is-layout-flex\">\n<div class=\"wp-block-column is-layout-flow wp-block-column-is-layout-flow\">\n<figure class=\"wp-block-image\"><img decoding=\"async\" src=\"http:\/\/www.reveeveille.net\/photos\/2005\/0425_vacances_pyrenees\/20050425_vacances_pyrenees_au_bord_precipice.jpg\" alt=\"\"\/><\/figure>\n\n\n\n<figure class=\"wp-block-image\"><img decoding=\"async\" src=\"http:\/\/www.reveeveille.net\/photos\/2005\/0425_vacances_pyrenees\/20050425_vacances_pyrenees_redescente_courant.jpg\" alt=\"\"\/><\/figure>\n\n\n\n<figure class=\"wp-block-image\"><img decoding=\"async\" src=\"http:\/\/www.reveeveille.net\/photos\/2005\/0425_vacances_pyrenees\/20050425_vacances_pyrenees_pano_arete_tarbesou_reduit.jpg\" alt=\"\"\/><\/figure>\n<\/div>\n\n\n\n<div class=\"wp-block-column is-layout-flow wp-block-column-is-layout-flow\">\n<figure class=\"wp-block-image\"><img decoding=\"async\" src=\"http:\/\/www.reveeveille.net\/photos\/2005\/0425_vacances_pyrenees\/20050425_vacances_pyrenees_escalade_glaciaire.jpg\" alt=\"\"\/><\/figure>\n\n\n\n<figure class=\"wp-block-image\"><img decoding=\"async\" src=\"http:\/\/www.reveeveille.net\/photos\/2005\/0425_vacances_pyrenees\/20050425_vacances_pyrenees_cramponnage_pentes.jpg\" alt=\"\"\/><\/figure>\n\n\n\n<figure class=\"wp-block-image\"><img decoding=\"async\" src=\"http:\/\/www.reveeveille.net\/photos\/2005\/0425_vacances_pyrenees\/20050425_vacances_pyrenees_repos_herbe.jpg\" alt=\"\"\/><\/figure>\n<\/div>\n<\/div>\n\n\n\n<h2 class=\"wp-block-heading\">La famille dans les cr\u00eates<\/h2>\n\n\n\n<p>Cette fois l\u00e0 n&rsquo;est ni une balade en haute-montagne, ni une odyss\u00e9e dans la neige&#8230; Apr\u00e8s l&rsquo;\u00e9chec de la nuit dans la neige et le beau rattrapage de l&rsquo;ar\u00eate du Tarb\u00e9sou avec Nils, j&rsquo;ai eu envie de tenter quelque chose de diff\u00e9rent : une balade familiale itin\u00e9rante, sous tente, avec un challenge : que tout le monde s&rsquo;\u00e9clate, les amateurs de montagne (grosso-modo : les gar\u00e7ons) comme les autres. J&rsquo;avais aussi envie que \u00e7a ressemble un peu parfois \u00e0 de la haute montagne, ce qui impliquait de monter un peu en altitude. Mon id\u00e9e \u00e9tait la suivante : de bons moments en moyenne montagne donneront forc\u00e9ment envie \u00e0 tout le monde de pers\u00e9v\u00e9rer vers la haute&#8230;<\/p>\n\n\n\n<p>Les discussions pr\u00e9paratoires ont \u00e9t\u00e9 longues, difficiles. Manon, en pr\u00e9ado qui tient bien son r\u00f4le, souhaitait pouvoir emporter son ordinateur portable, parce que c&rsquo;est impossiiiiible de l\u00e2cher ses bloooogs plus de une journ\u00e9e, tu comprends il y a des dizaines de personnes qui les fr\u00e9quentent tous les jours et je peux pas leur faire ce coup l\u00e0&#8230; La question de l&rsquo;ordinateur portable s&rsquo;est r\u00e9gl\u00e9e en environ 1 mois et demi&#8230; Ont suivi les probl\u00e8mes du matelas, de la couette et de l&rsquo;oreiller (1 mois), puis de la douche quotidienne dans une vraie salle de bains (2 mois).<\/p>\n\n\n\n<p>Dans le cours des n\u00e9gociations, nous les parents avons d\u00fb l\u00e2cher des compensations. Les sacs des enfants devaient \u00eatre limit\u00e9 \u00e0 3 ou 4 kilos (duvets et veste), nous obligeant \u00e0 charger 20 et 30 kilos. Il a fallu accepter d&rsquo;y faire entrer des objets indispensables au moral des troupes : 11 livres, choisis avec soin par chacun, un gros paquet de bonbon pour chaque jour, un journ\u00e2\u00e2\u00e2l intiiiime et encore beaucoup d&rsquo;autres choses comme \u00e7a.<\/p>\n\n\n\n<p>Pour remplacer la douche dans une salle de bain, il a fallu programmer un itin\u00e9raire nous faisant passer au minimum deux fois par jour pr\u00e8s d&rsquo;un lac. D&rsquo;ou le choix de faire la travers\u00e9e Col de Pailh\u00e8res &#8211; Etang des Bouillouses (en Ari\u00e8ge) par les cr\u00eates. Presque toujours \u00e0 plus de 2000 m\u00e8tres, passages \u00e0 2600.<\/p>\n\n\n\n<p>Vint un jour ou tout le monde a \u00e9t\u00e9 -ti\u00e8dement pour certain(e)- d&rsquo;accord pour tenter l&rsquo;exp\u00e9rience.<\/p>\n\n\n\n<p>Ce furent des journ\u00e9es d&rsquo;une grande diversit\u00e9 d&rsquo;\u00e9motions familiales.<\/p>\n\n\n\n<p>Les lacs au soleil sont toujours d&rsquo;une extraordinaire efficacit\u00e9 pour d\u00e9tendre l&rsquo;ambiance, et lorsque nous en croisions un \u00e0 n&rsquo;importe quelle heure de la journ\u00e9e, nous n&rsquo;h\u00e9sitions pas \u00e0 nous arr\u00eater pour de bon pour en profiter \u00e0 fonds. Pour quelqu&rsquo;un comme moi qui a toujours envie d&rsquo;avancer, d&rsquo;en faire le maximum, \u00e7a n&rsquo;est pas facile d&rsquo;accepter de l\u00e2cher, de se laisser aller \u00e0 glander. Mais je sentais que la r\u00e9ussite passait forc\u00e9ment par l\u00e0.<\/p>\n\n\n\n<p>Ces pauses baignades se sont souvent r\u00e9v\u00e9l\u00e9es excellentes pour faire remonter un moral fl\u00e9chissant, et nous ont permis de repartir pour une heure ou deux de marche alors qu&rsquo;avant la pause, \u00e7a n&rsquo;\u00e9tait pas gagn\u00e9&#8230;<\/p>\n\n\n\n<p>Il y a eu des moments impressionnants, qui m&rsquo;ont vraiment fait penser \u00e0 la haute montagne : n\u00e9v\u00e9s crevass\u00e9s comme leurs grands fr\u00e8res glaciers, couloirs rocheux dans lesquels nous surprend le brouillard, le vent et la pluie&#8230; m\u00eame un simple sentier dans une pente herbeuse tr\u00e8s raide m&rsquo;a impressionn\u00e9 par son exposition&#8230; Chacun r\u00e9agit \u00e0 sa mani\u00e8re dans ces circonstances, mais j&rsquo;ai \u00e9t\u00e9 surpris de constater que les enfants sont finalement tr\u00e8s confiants dans l&rsquo;attitude des adultes avec lesquels ils sont. Si aucun signe de peur ne leur parvient, ils ne voient pas le danger, le moral reste bon et ils vont leur chemin vaillamment, ou en chantonnant en dedans. Plusieurs fois je sais que j&rsquo;ai eu plus peur qu&rsquo;eux.<\/p>\n\n\n\n<p>Avec des enfants, les moments d&rsquo;int\u00e9rieur sont importants et doux. Sous la pluie et la gr\u00eale, une fois \u00e0 l&rsquo;\u00e9tape ou parfois en pleine journ\u00e9e, nous passions de longs moments sous la tente, entass\u00e9s sous des montagnes de duvets mais confortablement install\u00e9s, silencieux, lisant, somnolant, chacun dans sa bulle. La famille unie dans le silence&#8230; Dans la vie ordinaire ce type de partage n&rsquo;existe presque pas. Soit on fait des choses ensemble, soit on est dans des endroits diff\u00e9rents&#8230;<\/p>\n\n\n\n<p>Il y avait aussi un sentiment de s\u00e9curit\u00e9 tr\u00e8s fort vis \u00e0 vis de la montagne : quoi qu&rsquo;il s&rsquo;y passe, on avait notre maison sous la main&#8230;<\/p>\n\n\n\n<p>La dimension humaine est par contre rest\u00e9e limit\u00e9e \u00e0 sa plus simple expression puisque, privil\u00e8ge de la tente qui nous a permis de nous \u00e9loigner des sentiers battus, nous n&rsquo;avons crois\u00e9 que 0,0000 personnes en 4 journ\u00e9es. Le dernier matin, \u00e0 l&rsquo;approche de la civilisation, nous avons retrouv\u00e9 l&rsquo;esp\u00e8ce humaine en croisant l&rsquo;une de ses formes la plus&#8230; format\u00e9e !<\/p>\n\n\n\n<p>Que reste-t-il de ces 4 journ\u00e9es ? Nils, qui \u00e9tait int\u00e9ress\u00e9 par la haute montagne, l&rsquo;est toujours. Brunelle a beaucoup aim\u00e9 ces journ\u00e9es, elle en redemanderait volontiers, mais ne souhaite pas sp\u00e9cialement aller plus haut et plus fort pour le moment. Manon, le troisi\u00e8me jour, nous a dit qu&rsquo;&nbsp; \u00ab\u00a0on ne faisait rien que marcher, marcher, marcher, et que je vois vraiment pas l&rsquo;int\u00e9r\u00eat\u00a0\u00bb. Selon toute probabilit\u00e9, elle ne souhaitera pas renouveler l&rsquo;exp\u00e9rience (sauf si on lui promet de lui acheter un t\u00e9l\u00e9phone portable en \u00e9change, \u00e9videmment)&#8230;<\/p>\n\n\n\n<p>Ceux qui aimaient beaucoup aiment encore beaucoup, ceux qui aimaient un peu aiment encore un peu, et ceux qui n&rsquo;aimaient pas aiment encore moins. Le bilan semble donc tout \u00e0 fait \u00e9quilibr\u00e9 !<\/p>\n\n\n\n<div class=\"wp-block-columns is-layout-flex wp-container-core-columns-is-layout-9d6595d7 wp-block-columns-is-layout-flex\">\n<div class=\"wp-block-column is-layout-flow wp-block-column-is-layout-flow\">\n<figure class=\"wp-block-image\"><img decoding=\"async\" src=\"http:\/\/www.reveeveille.net\/photos\/2005\/0823_vacances_pyrenees\/20050823_vacances_pyrenees_21.jpg\" alt=\"\"\/><\/figure>\n<\/div>\n\n\n\n<div class=\"wp-block-column is-layout-flow wp-block-column-is-layout-flow\">\n<figure class=\"wp-block-image\"><img decoding=\"async\" src=\"http:\/\/www.reveeveille.net\/photos\/2005\/0823_vacances_pyrenees\/20050823_vacances_pyrenees_27.jpg\" alt=\"\"\/><\/figure>\n<\/div>\n<\/div>\n\n\n\n<figure class=\"wp-block-image\"><img decoding=\"async\" src=\"http:\/\/www.reveeveille.net\/photos\/2005\/0823_vacances_pyrenees\/20050823_vacances_pyrenees_51.jpg\" alt=\"\"\/><\/figure>\n\n\n\n<div class=\"wp-block-columns is-layout-flex wp-container-core-columns-is-layout-9d6595d7 wp-block-columns-is-layout-flex\">\n<div class=\"wp-block-column is-layout-flow wp-block-column-is-layout-flow\">\n<figure class=\"wp-block-image\"><img decoding=\"async\" src=\"http:\/\/www.reveeveille.net\/photos\/2005\/0823_vacances_pyrenees\/20050823_vacances_pyrenees_78.jpg\" alt=\"\"\/><\/figure>\n<\/div>\n\n\n\n<div class=\"wp-block-column is-layout-flow wp-block-column-is-layout-flow\">\n<figure class=\"wp-block-image\"><img decoding=\"async\" src=\"http:\/\/www.reveeveille.net\/photos\/2005\/0823_vacances_pyrenees\/20050823_vacances_pyrenees_81.jpg\" alt=\"\"\/><\/figure>\n<\/div>\n<\/div>\n\n\n\n<h2 class=\"wp-block-heading\">Vers la haute montagne<\/h2>\n\n\n\n<p>Les aventures se sont prolong\u00e9es encore trois ans. Nous avons fait ensemble <a href=\"http:\/\/reveeveille.net\/lamontagnetranquille\/index.php\/les-rouies-a-12-ans\/\">Les Rouies<\/a>, un s\u00e9jour au Glacier du S\u00e9l\u00e9 et une belle <a href=\"http:\/\/reveeveille.net\/lamontagnetranquille\/index.php\/boucle-de-4-jours-au-coolidge\/\">Boucle au Coolidge.<\/a><\/p>\n\n\n\n<p>Puis sont arriv\u00e9es les ann\u00e9es d&rsquo;adolescence&#8230; avec les nouveaux centres d&rsquo;int\u00e9r\u00eat que cela implique. Nils s&rsquo;est \u00e9loign\u00e9 de la montagne. Mais je suis certain qu&rsquo;il conserve en lui de bons souvenirs de ces moments, et que de lui-m\u00eame il aura un jour envie d&rsquo;y retourner&#8230; qu&rsquo;on fasse ensemble ce fameux Mont-Blanc, peut-\u00eatre ?<\/p>\n\n\n\n<p>On verra&#8230;<\/p>\n","protected":false},"excerpt":{"rendered":"<p>\u00catre seul, dans le silence. S&rsquo;impr\u00e9gner de l&rsquo;esprit du lieu. Se ressourcer. Ou bien&#8230; partager, vivre \u00e0 plusieurs ces moments. Entre les deux, mon c\u0153ur balance sans cesse. Bien souvent&hellip; <\/p>\n","protected":false},"author":1,"featured_media":1502,"comment_status":"closed","ping_status":"open","sticky":false,"template":"","format":"standard","meta":{"footnotes":""},"categories":[1],"tags":[],"class_list":["post-657","post","type-post","status-publish","format-standard","has-post-thumbnail","hentry","category-recits"],"_links":{"self":[{"href":"https:\/\/www.reveeveille.net\/lamontagnetranquille\/wp-json\/wp\/v2\/posts\/657","targetHints":{"allow":["GET"]}}],"collection":[{"href":"https:\/\/www.reveeveille.net\/lamontagnetranquille\/wp-json\/wp\/v2\/posts"}],"about":[{"href":"https:\/\/www.reveeveille.net\/lamontagnetranquille\/wp-json\/wp\/v2\/types\/post"}],"author":[{"embeddable":true,"href":"https:\/\/www.reveeveille.net\/lamontagnetranquille\/wp-json\/wp\/v2\/users\/1"}],"replies":[{"embeddable":true,"href":"https:\/\/www.reveeveille.net\/lamontagnetranquille\/wp-json\/wp\/v2\/comments?post=657"}],"version-history":[{"count":5,"href":"https:\/\/www.reveeveille.net\/lamontagnetranquille\/wp-json\/wp\/v2\/posts\/657\/revisions"}],"predecessor-version":[{"id":1575,"href":"https:\/\/www.reveeveille.net\/lamontagnetranquille\/wp-json\/wp\/v2\/posts\/657\/revisions\/1575"}],"wp:featuredmedia":[{"embeddable":true,"href":"https:\/\/www.reveeveille.net\/lamontagnetranquille\/wp-json\/wp\/v2\/media\/1502"}],"wp:attachment":[{"href":"https:\/\/www.reveeveille.net\/lamontagnetranquille\/wp-json\/wp\/v2\/media?parent=657"}],"wp:term":[{"taxonomy":"category","embeddable":true,"href":"https:\/\/www.reveeveille.net\/lamontagnetranquille\/wp-json\/wp\/v2\/categories?post=657"},{"taxonomy":"post_tag","embeddable":true,"href":"https:\/\/www.reveeveille.net\/lamontagnetranquille\/wp-json\/wp\/v2\/tags?post=657"}],"curies":[{"name":"wp","href":"https:\/\/api.w.org\/{rel}","templated":true}]}}