
{"id":655,"date":"2021-11-28T13:00:55","date_gmt":"2021-11-28T13:00:55","guid":{"rendered":"http:\/\/reveeveille.net\/lamontagnetranquille\/?p=655"},"modified":"2021-11-28T13:00:57","modified_gmt":"2021-11-28T13:00:57","slug":"divagations-en-oisan-itineraire","status":"publish","type":"post","link":"https:\/\/www.reveeveille.net\/lamontagnetranquille\/divagations-en-oisan-itineraire\/","title":{"rendered":"Divagations en Oisan &#8211; Itin\u00e9raire"},"content":{"rendered":"\n<p>Massif : Oisan. Carte IGN TOP 25 Meije &#8211; Pelvoux 3436 ET.<\/p>\n\n\n\n<p>Dur\u00e9e : 6 jours.<\/p>\n\n\n\n<p>Voici un itin\u00e9raire tranquille et facile, avec peu de d\u00e9nivel\u00e9 et peu de difficult\u00e9s techniques. La forme en dents de scie en fait une balade diversifi\u00e9e, au cours de laquelle les ambiances et les paysages changent sans cesse. Le r\u00e9cit correspondant \u00e0 ce trac\u00e9 est racont\u00e9 <a href=\"http:\/\/reveeveille.net\/lamontagnetranquille\/index.php\/divagations-en-oisan\/\">ici<\/a>.<\/p>\n\n\n\n<p>Acc\u00e8s auto : De Gap ou Brian\u00e7on, direction Vallouise. De Vallouise, direction Ailefroide. Apr\u00e8s 2 km, tourner \u00e0 droite vers le vallon de Chambran et se garer au parking qui est au bout de la piste.<\/p>\n\n\n\n<h3 class=\"wp-block-heading\">1\u00e8re journ\u00e9e<\/h3>\n\n\n\n<p>Parking de Chambran &#8211; Lac de l&rsquo;Eychauda. RAS, un sentier y m\u00e8ne.<\/p>\n\n\n\n<h3 class=\"wp-block-heading\">2\u00e8me journ\u00e9e<\/h3>\n\n\n\n<p>Lac de l&rsquo;Eychauda &#8211; Col de Prait (3363). Remonter la moraine qui se voit tr\u00e8s bien du lac. A son sommet, partir en travers\u00e9e montante facile vers le glacier (traces, cairns \u00e9pars). Remonter le glacier jusqu&rsquo;au col de Praits, qui est parfait pour \u00e9tablir le camp (horizontal, prot\u00e9g\u00e9 par les rochers d&rsquo;un c\u00f4t\u00e9 et une cong\u00e8re de l&rsquo;autre.<\/p>\n\n\n\n<h3 class=\"wp-block-heading\">3\u00e8me journ\u00e9e<\/h3>\n\n\n\n<p>Col de Praits &#8211; Refuge du glacier Blanc. Faire une longue travers\u00e9e globalement horizontale sur le glacier du Mon\u00eatier. Redescendre au pied du pic Jean Gauthier par une barre rocheuse et des pentes de glace un peu raides et donc d\u00e9licates compte-tenu du poids du sac. Remonter par l&rsquo;\u00e9boulis puis le glacier au col du Mon\u00eatier. Redescendre par le sentier jusqu&rsquo;au refuge du glacier blanc. Environ 1 km avant le glacier il y a un coin plat tr\u00e8s agr\u00e9able et tranquille pour camper dans un creux de la moraine, avec, une fois n&rsquo;est pas coutume, l&rsquo;eau courante !<\/p>\n\n\n\n<h3 class=\"wp-block-heading\">4\u00e8me journ\u00e9e<\/h3>\n\n\n\n<p>Refuge du glacier blanc &#8211; Glacier blanc (3200). Suivre le cheminement normal pour rejoindre le refuge des Ecrins, mais passer au large de celui-ci et continuer vers le col des Ecrins. Poser le camp dans la combe terminale du glacier, au pied de la mont\u00e9e ver la barre (pas trop pr\u00e8s quand m\u00eame !).<\/p>\n\n\n\n<h3 class=\"wp-block-heading\">5\u00e8me journ\u00e9e<\/h3>\n\n\n\n<p>Glacier Blanc &#8211; Ar\u00eate nord-ouest des Ecrins (3773 m). Rep\u00e9rer visuellement l&rsquo;ar\u00eate nord-ouest des Ecrins, qui part du sommet du couloir de barre noire et monte vers la Barre. L&rsquo;objectif est de poser un camp le plus haut possible sur cette ar\u00eate, sur les derniers \u00e9paulements de neige avant d&rsquo;arriver sur le rocher. Les acc\u00e8s possibles et faciles vers cette ar\u00eate sont nombreux depuis la voie normale de la barre : \u00e0 diff\u00e9rentes altitudes, la rimaye dispara\u00eet et des diagonales neigeuses permettent de passer de la face vers l&rsquo;ar\u00eate. A vous de choisir celle qui vous pla\u00eet le plus, mais la meilleure solution me semble \u00eatre de suivre la voie normale du D\u00f4me le plus longtemps possible, et de ne la quitter vers la gauche que lorsque l&rsquo;on est quasiment au niveau du dernier \u00e9paulement neigeux, donc vers 3750 m.<\/p>\n\n\n\n<h3 class=\"wp-block-heading\">6\u00e8me journ\u00e9e<\/h3>\n\n\n\n<p>Ar\u00eate nord des Ecrins &#8211; D\u00f4me &#8211; Pr\u00e9 de Madame Carle. D\u00e9monter le camp et regagner la voie normale vers 3750 m d&rsquo;altitude. Poser les sacs et monter les mains dans les poches au D\u00f4me ou \u00e0 la barre par l&rsquo;itin\u00e9raire de son choix. Repasser chercher les sacs et redescendre au pr\u00e9 de madame Carle.<\/p>\n\n\n\n<figure class=\"wp-block-image\"><img decoding=\"async\" src=\"http:\/\/www.reveeveille.net\/photos\/1900\/0101_illustrations_montagne\/19000101_illustrations_montagne_05.jpg\" alt=\"\"\/><\/figure>\n","protected":false},"excerpt":{"rendered":"<p>Massif : Oisan. Carte IGN TOP 25 Meije &#8211; Pelvoux 3436 ET. Dur\u00e9e : 6 jours. Voici un itin\u00e9raire tranquille et facile, avec peu de d\u00e9nivel\u00e9 et peu de difficult\u00e9s&hellip; <\/p>\n","protected":false},"author":1,"featured_media":1490,"comment_status":"closed","ping_status":"open","sticky":false,"template":"","format":"standard","meta":{"footnotes":""},"categories":[6,14],"tags":[],"class_list":["post-655","post","type-post","status-publish","format-standard","has-post-thumbnail","hentry","category-itineraires","category-oisans"],"_links":{"self":[{"href":"https:\/\/www.reveeveille.net\/lamontagnetranquille\/wp-json\/wp\/v2\/posts\/655","targetHints":{"allow":["GET"]}}],"collection":[{"href":"https:\/\/www.reveeveille.net\/lamontagnetranquille\/wp-json\/wp\/v2\/posts"}],"about":[{"href":"https:\/\/www.reveeveille.net\/lamontagnetranquille\/wp-json\/wp\/v2\/types\/post"}],"author":[{"embeddable":true,"href":"https:\/\/www.reveeveille.net\/lamontagnetranquille\/wp-json\/wp\/v2\/users\/1"}],"replies":[{"embeddable":true,"href":"https:\/\/www.reveeveille.net\/lamontagnetranquille\/wp-json\/wp\/v2\/comments?post=655"}],"version-history":[{"count":4,"href":"https:\/\/www.reveeveille.net\/lamontagnetranquille\/wp-json\/wp\/v2\/posts\/655\/revisions"}],"predecessor-version":[{"id":1415,"href":"https:\/\/www.reveeveille.net\/lamontagnetranquille\/wp-json\/wp\/v2\/posts\/655\/revisions\/1415"}],"wp:featuredmedia":[{"embeddable":true,"href":"https:\/\/www.reveeveille.net\/lamontagnetranquille\/wp-json\/wp\/v2\/media\/1490"}],"wp:attachment":[{"href":"https:\/\/www.reveeveille.net\/lamontagnetranquille\/wp-json\/wp\/v2\/media?parent=655"}],"wp:term":[{"taxonomy":"category","embeddable":true,"href":"https:\/\/www.reveeveille.net\/lamontagnetranquille\/wp-json\/wp\/v2\/categories?post=655"},{"taxonomy":"post_tag","embeddable":true,"href":"https:\/\/www.reveeveille.net\/lamontagnetranquille\/wp-json\/wp\/v2\/tags?post=655"}],"curies":[{"name":"wp","href":"https:\/\/api.w.org\/{rel}","templated":true}]}}