
{"id":651,"date":"2021-11-28T14:24:46","date_gmt":"2021-11-28T14:24:46","guid":{"rendered":"http:\/\/reveeveille.net\/lamontagnetranquille\/?p=651"},"modified":"2021-11-28T14:24:48","modified_gmt":"2021-11-28T14:24:48","slug":"balade-alpinisto-speleologico-ski-de-randonnesque-aux-grottes-glacees-du-marbore","status":"publish","type":"post","link":"https:\/\/www.reveeveille.net\/lamontagnetranquille\/balade-alpinisto-speleologico-ski-de-randonnesque-aux-grottes-glacees-du-marbore\/","title":{"rendered":"Balade alpinisto-sp\u00e9l\u00e9ologico-ski de randonnesque aux grottes glac\u00e9es du Marbor\u00e9"},"content":{"rendered":"\n<p>40 kilos. Cette fois ci nous avons 40 kilos sur le dos. C&rsquo;est de la folie pure et simple. Nous sommes Yvan et moi pli\u00e9s en deux sous des sacs difformes d&rsquo;\u00eatre trop remplis, progressant \u00e0 enjamb\u00e9es minuscules dans la pente de neige, \u00e0 grand renfort de pauses incessantes. Il est d\u00e9j\u00e0 18 heures, et nous sommes bien, bien loin de l&rsquo;objectif que nous nous \u00e9tions assign\u00e9 pour la nuit. Comment aurions-nous pu monter plus vite sous cette charge effarante ? Comment ais-je pu imaginer que \u00e7a ne serait pas un probl\u00e8me ?<\/p>\n\n\n\n<p>D\u00e9j\u00e0 le jour baisse et la lumi\u00e8re vire au roux. Il n&rsquo;y a pas un souffle d&rsquo;air. Loin au dessous, une immense mer de nuages recouvre la plaine, ne laissant d\u00e9passer que quelques massifs lointains. La vue est fantastique. A couper le souffle, pourrions-nous dire si ce n&rsquo;\u00e9tait d\u00e9j\u00e0 fait. On n&rsquo;est pas si mal, dans notre malheur, allez !<\/p>\n\n\n\n<p>Dans nos sacs, il y a, p\u00e8le-m\u00eale : de quoi bien vivre pendant une semaine (tente, couchage, nourriture, livres, quelques bonnes bouteilles de vin&#8230;), un classique \u00e9quipement d&rsquo;alpinisme (crampons, piolets, cordes, etc&#8230;), et un \u00e9quipement sp\u00e9l\u00e9o (casques, carbure, jumars, etc&#8230;). Sans compter l&rsquo;\u00e9quipement de ski de randonn\u00e9e que nous avons maintenant aux pieds, mais que nous avons lui aussi port\u00e9 jusqu&rsquo;au col de Boucharo.<\/p>\n\n\n\n<p>Nous partons dans l&rsquo;id\u00e9e de nous installer confortablement en un endroit appel\u00e9 \u00ab\u00a0Col des Isards\u00a0\u00bb, situ\u00e9 \u00e0 2800 m en versant espagnol, non loin de la br\u00eache de Roland, dans les Pyr\u00e9n\u00e9es centrales. Il y a l\u00e0-haut plein de choses int\u00e9ressantes \u00e0 faire, mais l&rsquo;une d&rsquo;elles en particulier nous y attire depuis quelques ann\u00e9es : tout un chapelet de grottes glac\u00e9es y ont \u00e9t\u00e9 d\u00e9couvertes relativement r\u00e9cemment. La plus c\u00e9l\u00e8bre d&rsquo;entre-elles est appel\u00e9e la \u00ab\u00a0grotte Casteret\u00a0\u00bb, du nom de celui qui l&rsquo;a m\u00e9thodiquement explor\u00e9e puis racont\u00e9e, mais une vingtaine d&rsquo;autres sont diss\u00e9min\u00e9es sur un espace de quelques kilom\u00e8tres au pied des barres rocheuses qui ferment par le haut le cirque de Gavarnie. Le site en lui-m\u00eame est d\u00e9j\u00e0 peu banal et force l&rsquo;admiration : \u00e0 3000 m\u00e8tres et plus, le min\u00e9ral est omnipr\u00e9sent, les reliefs ac\u00e9r\u00e9s sont mis en valeur par cette s\u00e9cheresse qui caract\u00e9rise souvent les versants espagnols des Pyr\u00e9n\u00e9es, les falaises s&rsquo;entrecroisent \u00e0 toutes hauteurs et dans toutes les directions, aussi loin que la vue peut porter. Mais le fait de savoir que sous cet univers de soleil cohabite un univers sombre et glac\u00e9, en partie inconnu, ajoute une dimension vaguement inqui\u00e9tante qui fait battre le c\u0153ur un peu plus fort.<\/p>\n\n\n\n<p>Nous avons souhait\u00e9 prendre notre temps, explorer de mani\u00e8re m\u00e9thodique toutes ces grottes, et en profiter pour faire un peu de ski et de balade \u00e0 pieds. Nous avons aussi voulu nous \u00e9carter de la horde de vacanciers qui s&rsquo;\u00e9lancent invariablement \u00e0 l&rsquo;assaut de la br\u00e8che de Roland d\u00e8s que la fonte des neiges le permet.<\/p>\n\n\n\n<p>La solution la plus int\u00e9ressante nous est vite apparue : il faut s&rsquo;installer l\u00e0-haut durablement, \u00e0 pieds d\u2019\u0153uvre, et durant la saison calme, c&rsquo;est \u00e0 dire en hiver. Voil\u00e0 pourquoi nous plions sous nos sacs ce jour de d\u00e9but avril dans cette mont\u00e9e ordinairement fr\u00e9quent\u00e9e en tous sens par des marcheurs du Dimanche.<\/p>\n\n\n\n<h2 class=\"wp-block-heading\">Vers le col des Isards<\/h2>\n\n\n\n<figure class=\"wp-block-image\"><img decoding=\"async\" src=\"http:\/\/www.reveeveille.net\/photos\/1992\/0415_grottes_glacees_casteret\/19920415_grottes_glacees_casteret_02.jpg\" alt=\"\"\/><figcaption><br>Le col camp au col des Sarradets et la br\u00e8che de Roland<\/figcaption><\/figure>\n\n\n\n<p>Nous voici au col des Sarradets. C&rsquo;est certain, nous ne monterons pas plus haut aujourd&rsquo;hui. Nous terminerons la mont\u00e9e demain, et perdons une journ\u00e9e pour notre projet d&rsquo;exploration, voil\u00e0 tout. Cet endroit est parfait pour planter la tente et installer un camp agr\u00e9able, transformons donc cette contrainte en un moment de plaisir !<\/p>\n\n\n\n<div class=\"wp-block-image\"><figure class=\"aligncenter\"><img decoding=\"async\" src=\"http:\/\/www.reveeveille.net\/photos\/1992\/0415_grottes_glacees_casteret\/19920415_grottes_glacees_casteret_06.jpg\" alt=\"\"\/><figcaption>Enfin lib\u00e9r\u00e9 du sac, petite promenade autour du col, dans les derniers rayons du soleil<\/figcaption><\/figure><\/div>\n\n\n\n<p>Le lendemain, la derni\u00e8re mont\u00e9e se r\u00e9v\u00e8le facile et rapide. Dans les pentes nord qui m\u00e8nent \u00e0 la br\u00e8che de Roland, la neige pr\u00e9sente un curieux aspect que je n&rsquo;ai jamais observ\u00e9 pr\u00e9c\u00e9demment : Elle est poudreuse au dessous, recouverte d&rsquo;une tr\u00e8s mince pellicule de glace qui brille de mille feux dans le soleil du matin et se brise avec un son cristallin et l\u00e9ger \u00e0 notre passage. Les d\u00e9bris glissent vers le bas en acc\u00e9l\u00e9rant progressivement, jalonnant notre itin\u00e9raire d&rsquo;une petite musique r\u00e9p\u00e9titive montant sans cesse vers l&rsquo;aigu.<\/p>\n\n\n\n<figure class=\"wp-block-image\"><img decoding=\"async\" src=\"http:\/\/www.reveeveille.net\/photos\/1992\/0415_grottes_glacees_casteret\/19920415_grottes_glacees_casteret_05.jpg\" alt=\"\"\/><\/figure>\n\n\n\n<p>L&rsquo;approche de la br\u00e8che de Roland est saisissante. Derri\u00e8re nous, le paysage s&rsquo;\u00e9largit \u00e0 l&rsquo;infini.<\/p>\n\n\n\n<figure class=\"wp-block-image\"><img decoding=\"async\" src=\"http:\/\/www.reveeveille.net\/photos\/1992\/0415_grottes_glacees_casteret\/19920415_grottes_glacees_casteret_03.jpg\" alt=\"\"\/><\/figure>\n\n\n\n<p>Nous surplombant de son \u00e9norme masse, la falaise de la br\u00e8che approche tout doucement.&nbsp; Dans cette pente, compte-tenu de nos positions l\u00e9g\u00e8rement inclin\u00e9es vers l&rsquo;avant, le fait de lever la t\u00eate donne l&rsquo;impression qu&rsquo;elle penche tout enti\u00e8re au dessus de nous et qu&rsquo;il s&rsquo;en faut de peu pour que tout le paysage ne nous bascule dessus. Yvan et moi ne pensons m\u00eame pas \u00e0 prendre une photo, c&rsquo;est pour dire&#8230;<\/p>\n\n\n\n<p>Pass\u00e9e la br\u00e8che, nous p\u00e9n\u00e9trons instantan\u00e9ment dans un autre univers. La chaleur monte de plusieurs degr\u00e9s, le rocher appara\u00eet partout, per\u00e7ant la couche de neige. C&rsquo;est l&rsquo;Espagne. Tr\u00e8s loin, tr\u00e8s bas, les \u00e9normes falaises des pr\u00e9pyr\u00e9n\u00e9es aragonaises d\u00e9ploient leurs ondulations en vagues successives jusqu&rsquo;\u00e0 dispara\u00eetre dans la brume de chaleur. Pour m&rsquo;\u00eatre d\u00e9j\u00e0 promen\u00e9 dans ces endroits, je sais que la vie y est rare, les traces humaines limit\u00e9es \u00e0 quelques villages minuscules et d\u00e9peupl\u00e9s perdus au milieu de d\u00e9dales de canyons ass\u00e9ch\u00e9s. J&rsquo;y ai toujours senti une parent\u00e9 avec les paysages du Colorado, de l&rsquo;Utah ou du nouveau-Mexique, au sein desquels se fondent totalement des populations d&rsquo;indiens ayant parfaitement adapt\u00e9 leur mode de vie \u00e0 cette s\u00e9cheresse et \u00e0 ce relief.<\/p>\n\n\n\n<p>De ce c\u00f4t\u00e9-ci de la br\u00e8che, on se sent bien loin de la civilisation. Nous voici seuls avec la montagne et le grottes.<\/p>\n\n\n\n<p>Vers note gauche, \u00e0 environ 1 kilom\u00e8tre et demi, l\u00e9g\u00e8rement en contrebas, une falaise se d\u00e9tache du versant et s&rsquo;avance vers le sud sous forme d&rsquo;un vaste promontoire : c&rsquo;est le col des Isards, notre objectif. Au pied de la falaise, une virgule sombre est bien visible : c&rsquo;est le porche d&rsquo;entr\u00e9e de LA grotte Casteret, la premi\u00e8re \u00e0 avoir \u00e9t\u00e9 explor\u00e9e, et la seule r\u00e9guli\u00e8rement fr\u00e9quent\u00e9e de nos jours. En nous installant au col des isards, nous serons donc \u00e0 pied d&rsquo;oeuvre, c&rsquo;est le moins qu&rsquo;on puisse dire !<\/p>\n\n\n\n<p>Nous rejoignons le col en une longue travers\u00e9e descendante qui passe juste sous la falaise. Bigre, quel surplomb impressionnant ! Le sol est constell\u00e9 de cailloux qui se d\u00e9tachent sans cesse de la paroi sous l&rsquo;action du d\u00e9gel qui est maintenant \u00e0 sa plus forte efficacit\u00e9. Nous en entendons parfois siffler au loin, l&rsquo;endroit n&rsquo;est pas des plus rassurants et nous ne tardons pas, encha\u00eenant aussi vite que possible nos virages dans cette pente malpratique car \u00e9troite, raide et constell\u00e9e de cailloux.<\/p>\n\n\n\n<div class=\"wp-block-image\"><figure class=\"aligncenter\"><img decoding=\"async\" src=\"http:\/\/www.reveeveille.net\/photos\/1992\/0415_grottes_glacees_casteret\/19920415_grottes_glacees_casteret_23.jpg\" alt=\"\"\/><figcaption>Arriv\u00e9e au col des Isards<\/figcaption><\/figure><\/div>\n\n\n\n<p>Enfin, nous laissons nos sacs tomber lourdement dans la neige du col des Isards. Quelle r\u00e9compense de nos deux jours d&rsquo;efforts. Le site est parfait, il faut chaud, la vue est ouverte \u00e0 360 degr\u00e9s, et nous sommes entour\u00e9s de sommets et de grotte tous proches qui constituent pour nous des buts de balades courtes et faciles.<\/p>\n\n\n\n<h2 class=\"wp-block-heading\">Premi\u00e8re grotte<\/h2>\n\n\n\n<p>Une fois le camp install\u00e9, incapables de nous contenir d&rsquo;avantage, nous nous pr\u00e9cipitons sur nos skis et partons en direction du nord, pour rejoindre la falaise sommitale qui marque la fronti\u00e8re avec la France. Cette falaise se prolonge sur la droite aussi loin que porte le regard, et d&rsquo;apr\u00e8s la carte, quasiment jusqu&rsquo;au Mont Perdu, distant d&rsquo;une dizaine de kilom\u00e8tres. Hormis la grotte Casteret, les grottes glac\u00e9es sont diss\u00e9min\u00e9es au pied de cette falaise. Nous en aper\u00e7evons une ou deux de notre camp, mais il faudra chercher un peu pour les autres. Il semble d&rsquo;ailleurs \u00e9vident, vu la complexit\u00e9 et l&rsquo;immensit\u00e9 du lieu, que de nouvelles grottes restent \u00e0 d\u00e9couvrir un peu partout.<\/p>\n\n\n\n<p>Un minuscule sac sur le dos, nous nous sentons incroyablement l\u00e9gers, et montons vers la falaise au pas d&rsquo;un skieur de fonds. En 10 minute la mont\u00e9e est enlev\u00e9e, et nous partons vers la droite en qu\u00eate de cavit\u00e9s. La premi\u00e8re ne se fait pas attendre. C&rsquo;est un petit porche noir dans lequel descend directement une grosse cong\u00e8re de neige. Un courant d&rsquo;air glac\u00e9 monte vers nous.<\/p>\n\n\n\n<p>Le passage de la lumi\u00e8re \u00e0 l&rsquo;ombre, de la chaleur au froid glacial, est rude. Plus encore que dans une balade sp\u00e9l\u00e9o ordinaire. Apr\u00e8s avoir descendu quelques m\u00e8tres dans le noir et la neige, nous restons debout, immobiles, encore aveugl\u00e9s du souvenir du dehors. Pas de bruit, pas de gouttes tombant du plafond, tout est gel\u00e9 ici&#8230;<\/p>\n\n\n\n<div class=\"wp-block-image\"><figure class=\"aligncenter\"><img decoding=\"async\" src=\"http:\/\/www.reveeveille.net\/photos\/1992\/0415_grottes_glacees_casteret\/19920415_grottes_glacees_casteret_07.jpg\" alt=\"\"\/><figcaption>Un porche noir<\/figcaption><\/figure><\/div>\n\n\n\n<p>Peu \u00e0 peu notre vue s&rsquo;accommode, et nous permet de distinguer une masse plane et sombre recouvrant le sol&#8230; C&rsquo;est un lac. Un lac gel\u00e9. Nous posons prudemment un pieds dessus, puis un autre. Malgr\u00e9 la transparence de la glace, Le faisceau de nos lampes ne parvient pas \u00e0 \u00e9clairer le fonds. Quelle \u00e9paisseur fait cette glace ? Est-elle solide ? Et si elle casse sous notre poids, combien d&rsquo;eau y a t&rsquo;il en dessous ?<\/p>\n\n\n\n<figure class=\"wp-block-image\"><img decoding=\"async\" src=\"http:\/\/www.reveeveille.net\/photos\/1992\/0415_grottes_glacees_casteret\/19920415_grottes_glacees_casteret_08.jpg\" alt=\"\"\/><\/figure>\n\n\n\n<p>L&rsquo;atmosph\u00e8re, alourdie de ces questions sans r\u00e9ponse, me semble franchement hostile et inqui\u00e9tante tout \u00e0 coup. Est-ce que je ne suis pas en train de faire une connerie en m&rsquo;aventurant l\u00e0-dessus ? On a tellement lu et entendu raconter des accidents b\u00eates&#8230; Dans ma jeunesse, j&rsquo;ai lu un roman de la biblioth\u00e8que verte, de la s\u00e9rie \u00ab\u00a0Les conqu\u00e9rants de l&rsquo;impossible\u00a0\u00bb. Si vous avez mon \u00e2ge, vous conna\u00eetrez peut-\u00eatre. Le livre&nbsp;dont je parle s\u2019appelait \u00ab\u00a0Celui qui revenait de loin\u00a0\u00bb. Ca racontait l&rsquo;histoire d&rsquo;un jeune noble au moyen-\u00e2ge, qui s&rsquo;aventure dans une grotte des gorges de la Jonte en Loz\u00e8re (\u00e0 deux pas de chez moi, justement) et qui tombe dans un lac d&rsquo;azote liquide. pourquoi diable y-a-t-il de l&rsquo;azote liquide dans les gorges de la Jonte, temp\u00e9rature moyenne estivale 30 degr\u00e9s, \u00e7a je ne l&rsquo;ai jamais bien compris. Toujours est-il que le gars tombe l\u00e0-dedans, et il sent le froid prendre possession de lui, et le figer sur place. Il perd connaissance. Quand il se r\u00e9veille, 800 ans ont pass\u00e9. D&rsquo;autres jeunes, d&rsquo;aujourd&rsquo;hui, l&rsquo;ont retrouv\u00e9 en faisant de la sp\u00e9l\u00e9o. Justement, tiens, leur p\u00e8re est m\u00e9decin chercheur, il s&rsquo;y connait, et il a tout de suite&nbsp;vu que le jeune noble n&rsquo;\u00e9tait en fait qu&rsquo;en l\u00e9thargie profonde due au froid. Il le r\u00e9veille tout doucement. Apr\u00e8s, le jeune noble p\u00e8te un plomb car tout a chang\u00e9, en 800 ans, vous comprenez ? Mais \u00e7a se finit quand m\u00eame bien, il finit par s&rsquo;habituer, et il devient \u00e0 son tour membre de la bande des jeunes conqu\u00e9rants de l&rsquo;impossible. Ils auront beaucoup d&rsquo;autres aventures. Voil\u00e0 tout ce qui tourne dans ma t\u00eate pendant que je marche sur ce lac glac\u00e9, car je doute franchement que si je tombe dedans je ne sois qu&rsquo;en hibernation.<\/p>\n\n\n\n<p>Mais la glace ne bronche pas, chaque pas me rassure un peu, et bient\u00f4t j&rsquo;ai oubli\u00e9 mes peurs.&nbsp;Nous d\u00e9ambulons en silence sur cette \u00e9trange chauss\u00e9e qui crisse sous les pointes de nos crampons. Cette grotte n&rsquo;est pas tr\u00e8s vaste, mais chaque recoin est source de d\u00e9couverte. Par endroit, le plafond est constell\u00e9 de cristaux de glace plus gros que tout ce que j&rsquo;ai jamais vu : certains atteignent plusieurs centim\u00e8tres de diam\u00e8tre.<\/p>\n\n\n\n<p>Ce gigantisme s&rsquo;explique facilement : l&rsquo;absence de vent et de raisons de destruction, les temp\u00e9ratures n\u00e9gatives toute l&rsquo;ann\u00e9e leurs permettent de se d\u00e9velopper ind\u00e9finiment, tant que rien ne vient les d\u00e9truire.<\/p>\n\n\n\n<p>Un court ramping sur la glace nous permet de nous faufiler dans une petite salle dont le sol est une sorte de rivi\u00e8re de glace : on y distingue de petites cascades, des gourds, des lignes de courant, tout comme dans une rivi\u00e8re normale&#8230; sauf que ce qui coule lentement, si\u00e8cle apr\u00e8s si\u00e8cle, c&rsquo;est de la glace, parfaitement transparente. Signe de la lenteur du processus, des stalactites courtes sur patte et ventrues comme des mamas castillannes nourries \u00e0 la tortilla, se sont form\u00e9es sur ce sol qui se meut au ralenti. Nous rampons au c\u0153ur d&rsquo;une \u00e9trange for\u00eat de baobabs nains qui nous arrivent \u00e0 hauteur des yeux.<\/p>\n\n\n\n<figure class=\"wp-block-image\"><img decoding=\"async\" src=\"http:\/\/www.reveeveille.net\/photos\/1992\/0415_grottes_glacees_casteret\/19920415_grottes_glacees_casteret_09.jpg\" alt=\"\"\/><\/figure>\n\n\n\n<figure class=\"wp-block-image\"><img decoding=\"async\" src=\"http:\/\/www.reveeveille.net\/photos\/1992\/0415_grottes_glacees_casteret\/19920415_grottes_glacees_casteret_10.jpg\" alt=\"\"\/><\/figure>\n\n\n\n<h2 class=\"wp-block-heading\">D&rsquo;autres grottes<\/h2>\n\n\n\n<p>Il serait long et fastidieux de raconter par le d\u00e9tail l&rsquo;exploration de chaque grotte. Elles sont \u00e0 la fois toutes diff\u00e9rentes et toutes semblables, car compos\u00e9es des m\u00eames \u00e9l\u00e9ments. Partons plut\u00f4t \u00e0 la d\u00e9couverte d&rsquo;une grotte imaginaire, dans les entrailles de laquelle seraient regroup\u00e9s les aspects les plus extraordinaires de chacune.<\/p>\n\n\n\n<p>Dans un recoin de la grotte Casteret, sur la partie gauche, le sol glac\u00e9 se d\u00e9robe et coule vers les profondeurs en une chute silencieuse. Une broche \u00e0 glace, une corde, et l&rsquo;on rejoint au bout d&rsquo;une dizaine de m\u00e8tres un nouveau plancher de glace&nbsp; entour\u00e9 de parois rocheuses&#8230; C&rsquo;est la paroi de gauche de cette petite salle qui est stup\u00e9fiante : elle est enti\u00e8rement constitu\u00e9e d&rsquo;une glace s\u00e8che et dure. \u00c9tant donn\u00e9 sa position, il est facile de comprendre que ce mur est une coupe verticale du plancher glac\u00e9 de la grotte principale. On a donc sous les yeux l&rsquo;accumulation de glace qui s&rsquo;est faite ann\u00e9e apr\u00e8s ann\u00e9e.<\/p>\n\n\n\n<figure class=\"wp-block-image\"><img decoding=\"async\" src=\"http:\/\/www.reveeveille.net\/photos\/1992\/0415_grottes_glacees_casteret\/19920415_grottes_glacees_casteret_13.jpg\" alt=\"\"\/><\/figure>\n\n\n\n<p>Lorsque l&rsquo;on s&rsquo;approche, on constate que la glace est empil\u00e9e en couches horizontales, chacune ayant ses caract\u00e9ristiques propres. Comme la neige dans un glacier, certaines couches sont \u00e9paisses, d&rsquo;autres sont fines. En de nombreux endroits, des couches de poussi\u00e8re, de graviers, voire de roches s&rsquo;intercalent, t\u00e9moins d&rsquo;\u00e9v\u00e9nements divers survenus dans la grotte : r\u00e9chauffements, \u00e9boulements du plafond&#8230;<\/p>\n\n\n\n<p>Vers le fond de la salle, la glace devient d&rsquo;une transparence stup\u00e9fiante : le regard la traverse sur plusieurs m\u00e8tres et l&rsquo;on aper\u00e7oit au loin les d\u00e9tails de la paroi rocheuse. Des cailloux pris dans cette masse semblent miraculeusement immobiles dans l&rsquo;air, donnant au lieu l&rsquo;apparence d&rsquo;un ch\u00e2teau de la belle au bois dormant dans lequel tout serait endormi. Un jour, peut-\u00eatre, la glace fondra, et le caillou terminera sa chute jusqu&rsquo;au sol.<\/p>\n\n\n\n<figure class=\"wp-block-image\"><img decoding=\"async\" src=\"http:\/\/www.reveeveille.net\/photos\/1992\/0415_grottes_glacees_casteret\/19920415_grottes_glacees_casteret_14.jpg\" alt=\"\"\/><\/figure>\n\n\n\n<p>Une derni\u00e8re question se pose : combien d&rsquo;ann\u00e9es, combien de si\u00e8cles, avons-nous sous les yeux ? De quand date la couche la plus basse ? Sans moyens d&rsquo;analyse on ne peut que faire des hypoth\u00e8ses, mais je parierai qu&rsquo;il s&rsquo;agit de plusieurs mill\u00e9naires&#8230; Rien ne fond jamais, ici&#8230;<\/p>\n\n\n\n<p>L&rsquo;autre extr\u00e9mit\u00e9 de cette salle d\u00e9cid\u00e9ment riche en surprise pr\u00e9sente un aspect totalement diff\u00e9rent. L\u00e0, la glace issue du plancher sup\u00e9rieur s&rsquo;\u00e9coule de mani\u00e8re anarchique en une sorte de r\u00e9seau de stalactites imbriqu\u00e9es les unes dans les autres, tra\u00e7ant des cheminements complexes.<\/p>\n\n\n\n<p>Pour faire les fiers, mais non sans une certaine angoisse, nous ne r\u00e9sistons pas au plaisir de nous engager dans ces tubes aux formes alambiqu\u00e9es. C&rsquo;est une v\u00e9ritable grotte glac\u00e9e dans la grotte glac\u00e9e. Tout \u00e0 l&rsquo;air bizarre, hostile, dangereux. Progresser&nbsp; dans ces boyaux glissants fait remonter de vieilles craintes d&rsquo;\u00e9touffement, d&rsquo;enfermement d\u00e9finitif dans le noir absolu et glac\u00e9. Maman !<\/p>\n\n\n\n<div class=\"wp-block-columns is-layout-flex wp-container-core-columns-is-layout-9d6595d7 wp-block-columns-is-layout-flex\">\n<div class=\"wp-block-column is-layout-flow wp-block-column-is-layout-flow\">\n<figure class=\"wp-block-image\"><img decoding=\"async\" src=\"http:\/\/www.reveeveille.net\/photos\/1992\/0415_grottes_glacees_casteret\/19920415_grottes_glacees_casteret_27.jpg\" alt=\"\"\/><\/figure>\n\n\n\n<figure class=\"wp-block-image\"><img decoding=\"async\" src=\"http:\/\/www.reveeveille.net\/photos\/1992\/0415_grottes_glacees_casteret\/19920415_grottes_glacees_casteret_29.jpg\" alt=\"\"\/><\/figure>\n<\/div>\n\n\n\n<div class=\"wp-block-column is-layout-flow wp-block-column-is-layout-flow\">\n<figure class=\"wp-block-image\"><img decoding=\"async\" src=\"http:\/\/www.reveeveille.net\/photos\/1992\/0415_grottes_glacees_casteret\/19920415_grottes_glacees_casteret_30.jpg\" alt=\"\"\/><\/figure>\n<\/div>\n<\/div>\n\n\n\n<p>Quelque part ailleurs, un flot de glace s&rsquo;\u00e9coule immobile d&rsquo;une ouverture dans le rocher, donnant naissance \u00e0 une \u00e9norme boule de glace absolument transparente, contre laquelle il faut passer en rampant pour gagner une autre partie de la cavit\u00e9. C&rsquo;est une v\u00e9ritable embrassade avec la glace, que l&rsquo;un frappe parfois vigoureusement d&rsquo;un coup de piolet ou de crampon pour ne pas d\u00e9finitivement glisser au bas de la chose.<\/p>\n\n\n\n<figure class=\"wp-block-image\"><img decoding=\"async\" src=\"http:\/\/www.reveeveille.net\/photos\/1992\/0415_grottes_glacees_casteret\/19920415_grottes_glacees_casteret_15.jpg\" alt=\"\"\/><\/figure>\n\n\n\n<h2 class=\"wp-block-heading\">Encore des grottes<\/h2>\n\n\n\n<p>Vers le fonds de la grotte Casteret, coule une cascade de glace aux formes \u00e9l\u00e9gantes : elle d\u00e9ploient sur un demi-cercle parfait des tentacules de glace blanch\u00e2tre qui lui donnent un vrai air de m\u00e9duse. Tout amateur d&rsquo;escalade glaciaire a envie de se lancer imm\u00e9diatement \u00e0 l&rsquo;assaut d&rsquo;une telle perfection. H\u00e9las, ladite cascade n&rsquo;est pas aussi tendre que la chair de la m\u00e9duse qu&rsquo;elle \u00e9voque : il s&rsquo;av\u00e8re quasiment impossible de planter correctement une point de pilet ou de crampon dans cette glace qui se r\u00e9v\u00e8le rigide et cassante comme du verre, et explose en une infinit\u00e9 de bouts de verre pil\u00e9 \u00e0 chaque tentative.<\/p>\n\n\n\n<figure class=\"wp-block-image\"><img decoding=\"async\" src=\"http:\/\/www.reveeveille.net\/photos\/1992\/0415_grottes_glacees_casteret\/19920415_grottes_glacees_casteret_17.jpg\" alt=\"\"\/><\/figure>\n\n\n\n<p><\/p>\n\n\n\n<p>Nous rencontrerons sans cesse ce probl\u00e8me de duret\u00e9 de la glace durant nos explorations, ce qui ne va pas sans probl\u00e8mes. Les seuls mod\u00e8les de broches \u00e0 glace qu&rsquo;il est possible d&rsquo;y planter sans tout exploser sont ceux qui pr\u00e9sentent une ouverture en leur centre (laissant sortir la glace au fur et \u00e0 mesure de l&rsquo;enfoncement), mais il ne faut pas \u00eatre press\u00e9 : plusieurs minutes de travail sont g\u00e9n\u00e9ralement n\u00e9cessaires pour obtenir un travail certifi\u00e9 s\u00e9curit\u00e9&#8230;<\/p>\n\n\n\n<p>Bref, ne faisant pas partie nous-m\u00eame des pros de l&rsquo;escalade glaciaire, loin de l\u00e0, et n&rsquo;ayant pas souvent le courage de planter \u00e0 grands efforts et \u00e0 bout de bras de nombreuses broches, nous nous sommes fr\u00e9quemment abstenus de nous aventurer trop avant dans les difficult\u00e9s. Peut-\u00eatre nous reste t-il des tas de choses \u00e0 d\u00e9couvrir.<\/p>\n\n\n\n<p>La duret\u00e9 de la glace atteint de tels niveaux que la progression sur des sols peu pench\u00e9s en devient parfois al\u00e9atoires, et il nous est arriv\u00e9, bien camp\u00e9s sur nos 20 pointes, d&rsquo;engager de l\u00e9gers d\u00e9rapages, probablement dus \u00e0 un aff\u00fbtage trop ancien, mais bon&#8230; on n&rsquo;a jamais vu \u00e7a, quoi !<\/p>\n\n\n\n<p>Un jour, au d\u00e9tour de je ne sais plus quelle grotte, nous d\u00e9bouchons dans une minuscule alv\u00e9ole rocheuse dans laquelle il semble faire un peu plus chaud qu&rsquo;ailleurs, pour une raison que nous ne pouvons comprendre. Il doit faire tout juste au dessous de z\u00e9ro, ce qui laisse la glace dans un \u00e9tat interm\u00e9diaire entre le liquide et le solide.<\/p>\n\n\n\n<p>Bien qu&rsquo;aucune goutte d&rsquo;au ne soit visible, le plafond est litt\u00e9ralement en train de \u00ab\u00a0couler\u00a0\u00bb, en milliers de stalactites de glace dont la forme en forme de goutte d&rsquo;au donne une impression de mouvement tombant. C&rsquo;est une esp\u00e8ce de pluie immobile, fig\u00e9e pour l&rsquo;\u00e9ternit\u00e9, comme la paroi de glace de la grotte Casteret.<\/p>\n\n\n\n<figure class=\"wp-block-image\"><img decoding=\"async\" src=\"http:\/\/www.reveeveille.net\/photos\/1992\/0415_grottes_glacees_casteret\/19920415_grottes_glacees_casteret_21.jpg\" alt=\"\"\/><\/figure>\n\n\n\n<h2 class=\"wp-block-heading\">D&rsquo;une grotte \u00e0 l&rsquo;autre<\/h2>\n\n\n\n<p>Les jours passent, les grottes s&rsquo;accumulent \u00e0 notre palmar\u00e8s. Nous sommes descendus en rappel dans un puit glac\u00e9, nous avons parcouru les d\u00e9dales de l&rsquo;immense grotte Devaux, situ\u00e9e&nbsp;tr\u00e8s haut sur le&nbsp;versant fran\u00e7ais du&nbsp;cirque de Gavarnie. Au c\u0153ur de la&nbsp;terre nous avons ajout\u00e9 notre nom au bas d&rsquo;un papier dat\u00e9 d&rsquo;une cinquantaine d&rsquo;ann\u00e9es sur lequel les rares visiteurs saluent les suivants. Nous avons eu la chance de p\u00e9n\u00e9trer dans une partie encore inaccessible les ann\u00e9es&nbsp; pr\u00e9c\u00e9dentes car bouch\u00e9e par la glace, prouvant ainsi que la tendance est \u00e0 la fonte. Nous avons rebrouss\u00e9 chemin lorsque \u00e7a faisait peur. J&rsquo;ai tir\u00e9 Yvan par les pieds pour le sortir d&rsquo;un trou qu&rsquo;il avait voulu explorer trop \u00e0 fonds&#8230;<\/p>\n\n\n\n<figure class=\"wp-block-image\"><img decoding=\"async\" src=\"http:\/\/www.reveeveille.net\/photos\/1992\/0415_grottes_glacees_casteret\/19920415_grottes_glacees_casteret_25.jpg\" alt=\"\"\/><\/figure>\n\n\n\n<p>Le vrai bonheur, c&rsquo;est d&rsquo;\u00eatre l\u00e0-haut en permanence, se r\u00e9veiller l\u00e0-haut, partir les skis aux pieds pour des approches courtes et l\u00e9g\u00e8res, explorer une grotte, ressortir au soleil, redescendre en quelques virages et prendre un th\u00e9 au soleil du camp, sauter dans la neige pour d\u00e9penser l&rsquo;\u00e9nergie qui nous reste encore.<\/p>\n\n\n\n<p>Souvent, d&rsquo;une grotte \u00e0 l&rsquo;autre, nous avons fait un petit d\u00e9tour par l&rsquo;un des sommets du coin : le Casque, le Marbor\u00e9, le Taillon&#8230; c&rsquo;est si facile quand tout est pr\u00e8s&#8230;<\/p>\n\n\n\n<p>Mais tout a une fin. Un jour, nous sommes sortis de notre derni\u00e8re grotte. Oh, non qu&rsquo;il n&rsquo;y en ait encore beaucoup \u00e0 visiter&#8230; simplement, quelque part en bas du monde, d&rsquo;autres obligations lointaines continuaient d&rsquo;exister, d&rsquo;autres \u00eatres humains vivaient et nous attendaient.<\/p>\n\n\n\n<p>Nous avons pass\u00e9 notre derni\u00e8re nuit sous les \u00e9toiles&#8230;&nbsp;et nous avons regagn\u00e9 la civilisation.<\/p>\n\n\n\n<div class=\"wp-block-image\"><figure class=\"aligncenter\"><img decoding=\"async\" src=\"http:\/\/www.reveeveille.net\/photos\/1992\/0415_grottes_glacees_casteret\/19920415_grottes_glacees_casteret_32.jpg\" alt=\"\"\/><figcaption>La nuit tombe sur le col des Isards<\/figcaption><\/figure><\/div>\n\n\n\n<h2 class=\"wp-block-heading\">Prendre des photos dans les grottes glac\u00e9es<\/h2>\n\n\n\n<p>La prise de photos a constitu\u00e9 l&rsquo;un des aspects particuli\u00e8rement passionnants de cette aventure (domaine, soit dit en passant, essentiellement pilot\u00e9 par Yvan dont les comp\u00e9tences dans ce domaine sont carr\u00e9ment \u00e0 un autre niveau que les miennes). En milieu souterrain \u00ab\u00a0ordinaire\u00a0\u00bb, la prise de vue pr\u00e9sente d\u00e9j\u00e0 des sp\u00e9cificit\u00e9s, dues au noir absolu qui r\u00e8gne partout. Ici, la pr\u00e9sence de la glace, mati\u00e8re r\u00e9fl\u00e9chissante et transparente, apporte des contraintes suppl\u00e9mentaires et permettait d&rsquo;exploiter d&rsquo;autres effets&#8230;<\/p>\n\n\n\n<p>Bref, il n&rsquo;est pas possible d&rsquo;arriver avec un petit appareil en mode automatique, de pointer une direction et de faire \u00ab\u00a0clic\u00a0\u00bb. Le r\u00e9sultat serait au mieux peu satisfaisant, au pire tout noir ou tout blanc. Pour la premi\u00e8re fois de ma vie, j&rsquo;ai approch\u00e9 d&rsquo;un peu plus pr\u00e8s la technique photographique, avec toute la r\u00e9flexion, les essais successifs, et la pr\u00e9paration que cela demande.<\/p>\n\n\n\n<p>Certaines photos ont demand\u00e9 pr\u00e8s d&rsquo;une heure de pr\u00e9paration. Je me rappelle en particulier une des salles arri\u00e8res de la grotte Casteret, au milieu de laquelle une \u00e9norme colonne de glace tombe de la voute, arriv\u00e9e d&rsquo;on ne sait o\u00f9. Sujet photog\u00e9nique s&rsquo;il en est, mais comment s&rsquo;y prendre ?<\/p>\n\n\n\n<p>A titre de comparaison pour la suite, voici deux photos du m\u00eame sujet. La premi\u00e8re est prise par moi-m\u00eame pendant qu&rsquo;Yvan est en train de pr\u00e9parer l&rsquo;\u00e9clairage de la salle. Deux frontales \u00e9lectriques sont positionn\u00e9es en bas de la colonne, tourn\u00e9es vers le haut. Le rendu est d&rsquo;un blanc cru, glac\u00e9 et gla\u00e7ant. Le reste de la salle est invisible.<\/p>\n\n\n\n<div class=\"wp-block-columns is-layout-flex wp-container-core-columns-is-layout-9d6595d7 wp-block-columns-is-layout-flex\">\n<div class=\"wp-block-column is-layout-flow wp-block-column-is-layout-flow\">\n<figure class=\"wp-block-image\"><img decoding=\"async\" src=\"http:\/\/www.reveeveille.net\/photos\/1992\/0415_grottes_glacees_casteret\/19920415_grottes_glacees_casteret_18.jpg\" alt=\"\"\/><\/figure>\n<\/div>\n\n\n\n<div class=\"wp-block-column is-layout-flow wp-block-column-is-layout-flow\">\n<figure class=\"wp-block-image\"><img decoding=\"async\" src=\"http:\/\/www.reveeveille.net\/photos\/1992\/0415_grottes_glacees_casteret\/19920415_grottes_glacees_casteret_29.jpg\" alt=\"\"\/><\/figure>\n<\/div>\n<\/div>\n\n\n\n<p>Mon pote Yvan, qu&rsquo;est pas b\u00eate et qui a une longue exp\u00e9rience de photo, m&rsquo;avait averti que \u00e7a serait probablement nul, et qu&rsquo;il valait mieux disposer un \u00e9clairage beaucoup plus diffus, donnant une lumi\u00e8re moins blanche et plus chaleureuse. Du coup, nous avions pass\u00e9 une demi-heure \u00e0 disposer, un peu partout dans la salle des bougies. Chaque endroit devait \u00eatre choisi pour que la flamme ne soit pas visible directement, mais par transparence au travers de la glace, ou par reflet sur les parois de la salle. Des gouttes d&rsquo;eau qui tombaient du plafond \u00e9teignaient sans cesse les bougies, que nous d\u00e9placions jusqu&rsquo;\u00e0 trouve l&rsquo;endroit id\u00e9al.<\/p>\n\n\n\n<p>Une trentaine de bougies plus tard, il commen\u00e7ait \u00e0 faire moins sombre dans notre salle, mais tout de m\u00eame pas aussi lumineux que ce que laisse penser la photo suivante, prise en pause.<\/p>\n\n\n\n<p>Voil\u00e0 comment on transforme une cascade de glace en colonne de feu ! Cette photo me fait vraiment plaisir, \u00e0 vrai dire j&rsquo;en suis fier (m\u00eame si je n&rsquo;ai rien fait d&rsquo;autre que de positionner des bougies et de pester contre des gouttes d&rsquo;eau), et je la trouve belle.<\/p>\n\n\n\n<div class=\"wp-block-columns is-layout-flex wp-container-core-columns-is-layout-9d6595d7 wp-block-columns-is-layout-flex\">\n<div class=\"wp-block-column is-layout-flow wp-block-column-is-layout-flow\">\n<figure class=\"wp-block-image\"><img decoding=\"async\" src=\"http:\/\/www.reveeveille.net\/photos\/1992\/0415_grottes_glacees_casteret\/19920415_grottes_glacees_casteret_20.jpg\" alt=\"\"\/><\/figure>\n<\/div>\n\n\n\n<div class=\"wp-block-column is-layout-flow wp-block-column-is-layout-flow\">\n<p> Il faut parfois faire de dr\u00f4les de jongleries. Un jour, dans un recoin, nous tombons sur une stalagmite \u00e0 la forme vraiment surprenante, avec une pointe qui tenait par miracle au bout d&rsquo;un \u00e9tranglement de glace d&rsquo;une extr\u00eame finesse.<\/p>\n\n\n\n<p>Nous commen\u00e7ons \u00e0 mettre en place nos petites bougies, comme j&rsquo;ai pr\u00e9c\u00e9demment appris \u00e0 le faire (je commence \u00e0 ma\u00eetriser la technique !!!). Un coup d&rsquo;oeil nous permet de deviner que \u00e7a ne va pas : la base est correctement \u00e9clair\u00e9e (on voit d&rsquo;ailleurs par transparence la flamme des deux bougies qui sont cach\u00e9es derri\u00e8re), mais la pointe, cet appendice qui donne tout son int\u00e9r\u00eat \u00e0 cette fragile sculpture de la nature, trop \u00e9loign\u00e9e des bougies, reste dans l&rsquo;ombre. <\/p>\n\n\n\n<p>Il lui faut un \u00e9clairage sp\u00e9cifique. Apr\u00e8s quelques essais, nous pointons, en faisceau crois\u00e9, plusieurs frontales \u00e9lectriques dessus. C&rsquo;est mieux. Un copain a trouv\u00e9 que cette stalagmite ressemblait \u00e0 un cormoran en train de se s\u00e9cher les ailes sur un rocher. Qu&rsquo;en pensez-vous ? <\/p>\n<\/div>\n<\/div>\n\n\n\n<h2 class=\"wp-block-heading\">Grottes glac\u00e9es, infos pratiques<\/h2>\n\n\n\n<p>Pour gagner la zone des grottes glac\u00e9es, je vous propose d&rsquo;acc\u00e9der dans un premier temps au col des Isards, lieu depuis lequel il est ensuite facile de rejoindre l&rsquo;ensemble des grottes glac\u00e9es. Depuis la France, le col des Isards est accessible \u00e0 partir de la br\u00e8che de Roland.<\/p>\n\n\n\n<p>Attention, je mets des indications horaires pour des personnes normalement charg\u00e9es. Moi-m\u00eame je n&rsquo;ai jamais tenu de tels horaires, et de tr\u00e8s loin, avec 30 ou 40 kilos sur le dos !!!<\/p>\n\n\n\n<h3 class=\"wp-block-heading\">1 &#8211; Acc\u00e9der \u00e0 la br\u00e8che de Roland<\/h3>\n\n\n\n<p>De la France il y a deux itin\u00e9raires principaux pour acc\u00e9der \u00e0 la zone des grottes glac\u00e9es :<\/p>\n\n\n\n<h4 class=\"wp-block-heading\">Depuis la station de ski de Gavarnie-les-Esp\u00e9ci\u00e8res.<\/h4>\n\n\n\n<p>L&rsquo;itin\u00e9raire le plus facile part de la station de ski. La route continue jusqu&rsquo;au \u00ab\u00a0Port de Boucharo\u00a0\u00bb (col qui fait fronti\u00e8re entre la France et l&rsquo;Espagne). En \u00e9t\u00e9 cette route est ferm\u00e9e \u00e0 la circulation 1 km avant le col, au col de tente. En hiver la question ne se pose pas puisqu&rsquo;il faut laisser la voiture \u00e0 la station m\u00eame et monter \u00e0 ski jusqu&rsquo;\u00e0 Boucharo.<\/p>\n\n\n\n<p>Au port de Boucharo prendre le HRP qui part \u00e0 l&rsquo;horizontale en direction du refuge des Sarradets. Rejoindre le refuge (1h30) puis la br\u00e8che de Roland (2807 m, 1h00)<\/p>\n\n\n\n<h4 class=\"wp-block-heading\">Par les \u00e9chelles des Sarradets<\/h4>\n\n\n\n<p>Depuis le fonds du cirque de Gavarnie il existe un itin\u00e9raire plus direct qui monte directement vers le refuge des Sarradets au travers des barres rocheuses (nombreuses \u00e9chelles m\u00e9talliques et autres agr\u00e8s). Il pr\u00e9sente l&rsquo;inconv\u00e9nient d&rsquo;un d\u00e9nivel\u00e9 plus important, et n&rsquo;est praticable qu&rsquo;en \u00e9t\u00e9.<\/p>\n\n\n\n<p>Depuis le refuge, il est rapide (1h) de gagner la br\u00e8che de Roland (2807 m) en montant tout droit.<\/p>\n\n\n\n<h3 class=\"wp-block-heading\">2 &#8211; Acc\u00e9der au col des Isards (2770 m)<\/h3>\n\n\n\n<p>Depuis la br\u00e8che, lorsqu&rsquo;on est tourn\u00e9 vers le sud, on aper\u00e7oit, sur la gauche, \u00e0 environ 2 km, l\u00e9g\u00e8rement en contrebas de la br\u00e8che, un \u00e9paulement qui se d\u00e9tache du flanc principal de la cr\u00eate fronti\u00e8re. Ce replat s&rsquo;appuie sur une falaise de 10 \u00e0 30 m de haut, au pied de laquelle on aper\u00e7oit un porche sombre. Ce porche est celui de LA grotte Casteret, la plus connue. Le replat au dessus de la falaise est le col des Isards.<\/p>\n\n\n\n<p>Sachant cela, l&rsquo;itin\u00e9raire pour y acc\u00e9der est logique : il faut suivre aussi longtemps que possible le pied de la falaise depuis la br\u00e8che, puis descendre vers le col lorsqu&rsquo;on le juge opportun (je pr\u00e9cise que je suis toujours venu en ces lieux en hiver, je n&rsquo;ai donc jamais su s&rsquo;il y avait un ou plusieurs sentiers l\u00e0-dessous, vous me le direz \u00e0 v\u00f4tre retour&#8230;)<\/p>\n\n\n\n<h3 class=\"wp-block-heading\">3 &#8211; Acc\u00e9der aux grottes depuis le col des Isards<\/h3>\n\n\n\n<p><b>L&rsquo;acc\u00e8s \u00e0 LA grotte Casteret<\/b> ne passe pas logiquement par le col si c&rsquo;est votre seul objectif de balade : descendez-y directement depuis la br\u00e8che de Roland. Si par contre, comme nous, vous choisissez d&rsquo;\u00e9tablir un camp au col des Isards, il vous faudra redescendre par le versant ouest du col, gagner le pied de la barre rocheuse et la suivre jusqu&rsquo;au porche. Attention : depuis les ann\u00e9es 2000 la grotte Casteret est ferm\u00e9e au public par une grille.<\/p>\n\n\n\n<p>Pour gagner les nombreuses <b>autres petites grottes du versant espagnol<\/b>. Du col des Isards, tournez-vous vers le nord. Vous avez devant vous le versant sud de la cr\u00eate fronti\u00e8re, constitu\u00e9 d&rsquo;une alternance de pentes neigeuses et de zones rocheuses. Toutes les petites grottes sont situ\u00e9es au pied du premier niveau de barres rocheuses (certaines sont d&rsquo;ailleurs situ\u00e9es l\u00e9g\u00e8rement \u00e0 l&rsquo;ouest du col des isards, c&rsquo;est \u00e0 dire en direction de la br\u00eache de Roland).<\/p>\n\n\n\n<p>Il est difficile d&rsquo;\u00eatre plus pr\u00e9cis, sachez simplement que si vous longez cette barre rocheuse, vous tomberez naturellement sur la plupart d&rsquo;entre elles. Il y en a une petite dizaine, sur une distance d&rsquo;environ 2 km. Ma description devrait vous suffire pour trouver au moins 5 ou 6 d&rsquo;entre elles, pour les moins \u00e9videntes vous devrez vous procurer un topo !<\/p>\n\n\n\n<p>La grotte la moins \u00e9vidente \u00e0 trouver, mais l&rsquo;une des plus int\u00e9ressantes est la <b>grotte Devaux<\/b>. Elle est contrairement aux autres situ\u00e9e en versant fran\u00e7ais du cirque. Il faut monter tr\u00e8s haut sur l&rsquo;ar\u00eate, jusqu&rsquo;au pied du pic occidental de la cascade, vers 3080 m. de l\u00e0, une vire part vers le versant fran\u00e7ais et descend jusqu&rsquo;\u00e0 la grotte Devaux. Attention, on et l\u00e0 en terrain de haute montagne, ne vous&nbsp; aventurez que si vous savez exactement ce que vous faites, la chute est mauvaise !<\/p>\n\n\n\n<p>Une fois dans la grotte Devaux, nouvel avertissement : contrairement aux autres grottes glac\u00e9es, qui sont de petit d\u00e9veloppement, vous p\u00e9n\u00e9trez ici en vrai terrain de sp\u00e9l\u00e9o : c&rsquo;est vaste, c&rsquo;est paumatoire&#8230; attention \u00e0 ce que vous faites sous peine d&rsquo;y \u00eatre encore en 2050.<\/p>\n\n\n\n<h3 class=\"wp-block-heading\">Quel mat\u00e9riel ?<\/h3>\n\n\n\n<p>Il ne faut rien de tr\u00e8s sp\u00e9cial pour visiter les grottes dans de bonnes conditions. Disons qu&rsquo;il faut \u00eatre \u00e0 la fois \u00e9quip\u00e9 :<\/p>\n\n\n\n<ul class=\"wp-block-list\"><li>d&rsquo;un <b>mat\u00e9riel de base d&rsquo;alpinisme<\/b> : des crampons, un piolet, quelques broches \u00e0 glace, un baudrier et un ensemble de mousquetons.<\/li><li>d&rsquo;un <b>mat\u00e9riel de base de sp\u00e9l\u00e9o<\/b> : une corde (pas de grandes verticales \u00e0 ma connaissance, 30 m sera suffisant, et un \u00e9clairage appropri\u00e9. Personnellement, en plus des frontales, j&rsquo;aime emmener des bougies pour faire des \u00e9clairages plus chaleureux que les LED<\/li><\/ul>\n\n\n\n<p>Par contre, au del\u00e0 du simple mat\u00e9riel, je tiens \u00e0 redire que l&rsquo;exploration de ces grottes pr\u00e9sente des difficult\u00e9s et des dangers tr\u00e8s diversifi\u00e9s : l&rsquo;acc\u00e8s \u00e0 certains lieux ne n\u00e9cessitent qu&rsquo;une rando facile, d&rsquo;autres feront appel \u00e0 des techniques d&rsquo;escalade, de glace, ou d&rsquo;assurance plus pointues. Avoir le mat\u00e9riel ne suffira pas toujours, encore faudra-t-il le ma\u00eetriser !<\/p>\n\n\n\n<p>Allez, bonne ballade !<\/p>\n","protected":false},"excerpt":{"rendered":"<p>40 kilos. Cette fois ci nous avons 40 kilos sur le dos. C&rsquo;est de la folie pure et simple. Nous sommes Yvan et moi pli\u00e9s en deux sous des sacs&hellip; <\/p>\n","protected":false},"author":1,"featured_media":1505,"comment_status":"closed","ping_status":"open","sticky":false,"template":"","format":"standard","meta":{"footnotes":""},"categories":[15,1],"tags":[],"class_list":["post-651","post","type-post","status-publish","format-standard","has-post-thumbnail","hentry","category-pyrenees","category-recits"],"_links":{"self":[{"href":"https:\/\/www.reveeveille.net\/lamontagnetranquille\/wp-json\/wp\/v2\/posts\/651","targetHints":{"allow":["GET"]}}],"collection":[{"href":"https:\/\/www.reveeveille.net\/lamontagnetranquille\/wp-json\/wp\/v2\/posts"}],"about":[{"href":"https:\/\/www.reveeveille.net\/lamontagnetranquille\/wp-json\/wp\/v2\/types\/post"}],"author":[{"embeddable":true,"href":"https:\/\/www.reveeveille.net\/lamontagnetranquille\/wp-json\/wp\/v2\/users\/1"}],"replies":[{"embeddable":true,"href":"https:\/\/www.reveeveille.net\/lamontagnetranquille\/wp-json\/wp\/v2\/comments?post=651"}],"version-history":[{"count":6,"href":"https:\/\/www.reveeveille.net\/lamontagnetranquille\/wp-json\/wp\/v2\/posts\/651\/revisions"}],"predecessor-version":[{"id":1506,"href":"https:\/\/www.reveeveille.net\/lamontagnetranquille\/wp-json\/wp\/v2\/posts\/651\/revisions\/1506"}],"wp:featuredmedia":[{"embeddable":true,"href":"https:\/\/www.reveeveille.net\/lamontagnetranquille\/wp-json\/wp\/v2\/media\/1505"}],"wp:attachment":[{"href":"https:\/\/www.reveeveille.net\/lamontagnetranquille\/wp-json\/wp\/v2\/media?parent=651"}],"wp:term":[{"taxonomy":"category","embeddable":true,"href":"https:\/\/www.reveeveille.net\/lamontagnetranquille\/wp-json\/wp\/v2\/categories?post=651"},{"taxonomy":"post_tag","embeddable":true,"href":"https:\/\/www.reveeveille.net\/lamontagnetranquille\/wp-json\/wp\/v2\/tags?post=651"}],"curies":[{"name":"wp","href":"https:\/\/api.w.org\/{rel}","templated":true}]}}