
{"id":600,"date":"2021-11-28T14:36:37","date_gmt":"2021-11-28T14:36:37","guid":{"rendered":"http:\/\/reveeveille.net\/lamontagnetranquille\/?p=600"},"modified":"2021-11-28T14:36:39","modified_gmt":"2021-11-28T14:36:39","slug":"la-montagne-cest-pas-toujours-le-pied","status":"publish","type":"post","link":"https:\/\/www.reveeveille.net\/lamontagnetranquille\/la-montagne-cest-pas-toujours-le-pied\/","title":{"rendered":"La montagne, c&rsquo;est pas toujours le pied"},"content":{"rendered":"\n<p class=\"has-text-align-right\">Ce texte figure dans le livre \u00ab\u00a0<a rel=\"noopener\" href=\"http:\/\/reveeveille.net\/lamontagnetranquille\/index.php\/sacre-mont-blanc-un-livre-pour-le-boss\/\" target=\"_blank\">Sacr\u00e9 mont Blanc<\/a>\u00ab\u00a0<\/p>\n\n\n\n<p class=\"has-text-align-right\">Service des urgences, h\u00f4pital de Chamonix, ao\u00fbt 1984<\/p>\n\n\n\n<p>\u00ab&nbsp;C\u2019est vraiment avec ces chaussures que vous \u00eates partie pour le mont Blanc&nbsp;? demande l\u2019interne \u00e0 Sophie d\u2019un ton exc\u00e9d\u00e9.<\/p>\n\n\n\n<p>&#8211; Euh\u2026 oui, pourquoi, \u00e7a n\u2019est pas ce qu\u2019il faut&nbsp;?<\/p>\n\n\n\n<p>&#8211; Mais mademoiselle, ce sont des chaussures de randonn\u00e9e, \u00e7a&nbsp;! C\u2019est bien pour les sentiers, mais s\u2019il n\u2019est pas correctement graiss\u00e9 le cuir n\u2019est pas imperm\u00e9able dans la neige. Vous avez d\u00fb vous mouiller les pieds d\u00e8s le d\u00e9but. Votre guide vous a laiss\u00e9 partir comme \u00e7a&nbsp;? Qui vous a emmen\u00e9&nbsp;l\u00e0-haut ?<\/p>\n\n\n\n<p>&#8211; Euhhh&nbsp;\u00bb<\/p>\n\n\n\n<p>Il y a quelques jours, avant notre d\u00e9part pour le mont Blanc, Sophie m\u2019a demand\u00e9 si ses chaussures de marche seraient adapt\u00e9es. Je lui ai affirm\u00e9 qu\u2019elles conviendraient tr\u00e8s bien. Plusieurs fois, au cours de la mont\u00e9e nocturne dans la neige, elle s\u2019est plainte d\u2019avoir froid aux pieds, en demandant innocemment si c\u2019\u00e9tait normal. J\u2019ai r\u00e9pondu que bien s\u00fbr, \u00e7a m\u2019arrivait souvent aussi, que c\u2019\u00e9tait bien connu les filles avaient souvent froid aux pieds, que \u00e7a allait finir par se r\u00e9chauffer avec la marche. En arrivant au col du D\u00f4me aux heures glaciales de l\u2019aube, elle a insist\u00e9&nbsp;:<\/p>\n\n\n\n<p>\u00ab&nbsp;Je sens plus trop mes orteils, j\u2019ai l\u2019impression qu\u2019ils sont en bois.&nbsp;\u00bb<\/p>\n\n\n\n<p>A ce moment, enfin, un doute m\u2019a travers\u00e9 l\u2019esprit, et j\u2019ai d\u00e9cid\u00e9 de renoncer \u00e0 notre objectif. Nous avons encore march\u00e9 quelques minutes jusqu\u2019au rebord du col pour contempler le lever de soleil sur les ab\u00eemes italiennes, et puis nous avons fait demi-tour. Au grand soleil de la descente mes doutes se sont envol\u00e9s et j\u2019ai regrett\u00e9 ma d\u00e9cision, mais de retour dans la vall\u00e9e, la couleur violet fonc\u00e9 de ses pouces de pied nous a effray\u00e9s. Direction les urgences.<\/p>\n\n\n\n<p>\u00ab&nbsp;Vous savez que vous \u00eates pass\u00e9e tr\u00e8s pr\u00e8s de la catastrophe, mademoiselle&nbsp;? Quelques heures de plus et vous perdiez un ou deux orteils&nbsp;!&nbsp;\u00bb.<\/p>\n\n\n\n<p>Sophie tombe des nues. Elle est en col\u00e8re contre moi. Pour sa premi\u00e8re vir\u00e9e en haute montagne elle m\u2019a fait confiance, et elle commence \u00e0 comprendre qu\u2019elle n\u2019aurait pas d\u00fb. Nous sommes un tout jeune couple, il nous reste un sacr\u00e9 long chemin \u00e0 parcourir pour nous conna\u00eetre vraiment, et elle vient de d\u00e9couvrir un nouvel aspect de ma personnalit\u00e9 : un manque r\u00e9current d\u2019attention aux besoins vitaux des gens qui m\u2019entourent. De quoi faire fuir d\u00e9finitivement la jeune fille plut\u00f4t romantique qu\u2019elle est.<\/p>\n\n\n\n<p>Notre histoire aurait pu se terminer l\u00e0, sous le regard indiff\u00e9rent du mont Blanc qui a d\u00fb en voir bien d\u2019autres, si Sophie n\u2019avait, cette fois et d\u2019autres par la suite, accept\u00e9 de passer l\u2019\u00e9ponge, esp\u00e9rant sans doute me voir \u00e9voluer dans un sens plus responsable. Mes progr\u00e8s ont \u00e9t\u00e9 lents, mais sans doute suffisants, car vingt-cinq ans plus tard, l\u2019histoire continue.<\/p>\n\n\n\n<p>Quelques ann\u00e9es apr\u00e8s cette m\u00e9saventure, nous sommes finalement retourn\u00e9s ensemble au mont Blanc, jusqu\u2019au sommet cette fois-l\u00e0. Sophie est une femme solide \u00e0 qui l\u2019effort ne fait pas peur, aussi l\u2019ascension lui a-t-elle sembl\u00e9 facile. Cela m\u2019a fait esp\u00e9rer de nombreuses autres aventures communes en altitude. Mais il \u00e9tait \u00e9crit qu\u2019elle ne serait jamais une passionn\u00e9e de haute montagne. Il manque l\u00e0-haut une dimension essentielle&nbsp;\u00e0 son bonheur : la nature foisonnante, vivante, diversifi\u00e9e, chaleureuse. Observer une fleur \u00e0 quatre pattes dans un alpage l\u2019int\u00e9resse beaucoup plus qu\u2019arpenter un champ de neige ou remonter un pierrier. La montagne constitue donc une sorte de jardin secret que je partage plut\u00f4t avec des amis. De temps \u00e0 autres, pour me faire plaisir, Sophie m\u2019accompagne sur un sommet. G\u00e9n\u00e9ralement, elle s\u2019ennuie un peu.<\/p>\n","protected":false},"excerpt":{"rendered":"<p>Ce texte figure dans le livre \u00ab\u00a0Sacr\u00e9 mont Blanc\u00ab\u00a0 Service des urgences, h\u00f4pital de Chamonix, ao\u00fbt 1984 \u00ab&nbsp;C\u2019est vraiment avec ces chaussures que vous \u00eates partie pour le mont Blanc&nbsp;?&hellip; <\/p>\n","protected":false},"author":1,"featured_media":1524,"comment_status":"closed","ping_status":"open","sticky":false,"template":"","format":"standard","meta":{"footnotes":""},"categories":[12,1],"tags":[],"class_list":["post-600","post","type-post","status-publish","format-standard","has-post-thumbnail","hentry","category-mont-blanc","category-recits"],"_links":{"self":[{"href":"https:\/\/www.reveeveille.net\/lamontagnetranquille\/wp-json\/wp\/v2\/posts\/600","targetHints":{"allow":["GET"]}}],"collection":[{"href":"https:\/\/www.reveeveille.net\/lamontagnetranquille\/wp-json\/wp\/v2\/posts"}],"about":[{"href":"https:\/\/www.reveeveille.net\/lamontagnetranquille\/wp-json\/wp\/v2\/types\/post"}],"author":[{"embeddable":true,"href":"https:\/\/www.reveeveille.net\/lamontagnetranquille\/wp-json\/wp\/v2\/users\/1"}],"replies":[{"embeddable":true,"href":"https:\/\/www.reveeveille.net\/lamontagnetranquille\/wp-json\/wp\/v2\/comments?post=600"}],"version-history":[{"count":3,"href":"https:\/\/www.reveeveille.net\/lamontagnetranquille\/wp-json\/wp\/v2\/posts\/600\/revisions"}],"predecessor-version":[{"id":1358,"href":"https:\/\/www.reveeveille.net\/lamontagnetranquille\/wp-json\/wp\/v2\/posts\/600\/revisions\/1358"}],"wp:featuredmedia":[{"embeddable":true,"href":"https:\/\/www.reveeveille.net\/lamontagnetranquille\/wp-json\/wp\/v2\/media\/1524"}],"wp:attachment":[{"href":"https:\/\/www.reveeveille.net\/lamontagnetranquille\/wp-json\/wp\/v2\/media?parent=600"}],"wp:term":[{"taxonomy":"category","embeddable":true,"href":"https:\/\/www.reveeveille.net\/lamontagnetranquille\/wp-json\/wp\/v2\/categories?post=600"},{"taxonomy":"post_tag","embeddable":true,"href":"https:\/\/www.reveeveille.net\/lamontagnetranquille\/wp-json\/wp\/v2\/tags?post=600"}],"curies":[{"name":"wp","href":"https:\/\/api.w.org\/{rel}","templated":true}]}}