
{"id":596,"date":"2021-11-28T16:58:07","date_gmt":"2021-11-28T16:58:07","guid":{"rendered":"http:\/\/reveeveille.net\/lamontagnetranquille\/?p=596"},"modified":"2021-11-28T16:58:08","modified_gmt":"2021-11-28T16:58:08","slug":"le-monde-est-petit","status":"publish","type":"post","link":"https:\/\/www.reveeveille.net\/lamontagnetranquille\/le-monde-est-petit\/","title":{"rendered":"Le monde est petit"},"content":{"rendered":"\n<p class=\"has-text-align-right\">Ce texte figure dans le livre \u00ab\u00a0<a rel=\"noopener\" href=\"http:\/\/reveeveille.net\/lamontagnetranquille\/index.php\/sacre-mont-blanc-un-livre-pour-le-boss\/\" target=\"_blank\">Sacr\u00e9 mont Blanc<\/a>\u00ab\u00a0<\/p>\n\n\n\n<p>Tandis que nous montons lentement vers le col du mont Maudit, un minuscule point noir appara\u00eet au sommet du mont Maudit et commence \u00e0 descendre vers nous. Malgr\u00e9 la distance, son comportement atypique attire notre attention. Il suit une trajectoire erratique qui semble serpenter al\u00e9atoirement sur la face immacul\u00e9e. Il vacille de droite \u00e0 gauche, comme s&rsquo;il \u00e9tait ivre, et de loin en loin il se fige dans des poses incongrues, apparemment instables, mais il ne se flanque jamais par terre.<\/p>\n\n\n\n<p>Interloqu\u00e9, je le regarde approcher, et je peux bient\u00f4t le d\u00e9tailler \u00e0 loisir&nbsp;: sa tenue est plus que rustique, une vieille gabardine fatigu\u00e9e, des simples chaussures de randonn\u00e9e us\u00e9es, parfaitement inadapt\u00e9es \u00e0 la neige, une sorte de bonnet ethnique d&rsquo;origine ind\u00e9finissable, mi-inca mi-russe. La goutte au nez, la bouche tordue par le froid. Dr\u00f4le de touche&nbsp;! Mais le gars \u00e0 l&rsquo;air en pleine forme, il sourit en venant \u00e0 notre rencontre, et nous entamons la conversation d&rsquo;usage, d&rsquo;o\u00f9 tu viens, o\u00f9 tu vas, ce genre de choses. Au d\u00e9tour de son r\u00e9cit, il pr\u00e9cise en secouant \u00e9nergiquement la main pour souligner la force de ses propos :<\/p>\n\n\n\n<p>\u00ab&nbsp;A la mont\u00e9e, rrho la la, je n&rsquo;n&rsquo;ai rien chi\u00e9&nbsp;!!!&nbsp;\u00bb<\/p>\n\n\n\n<p>Mon c\u0153ur ne fait qu&rsquo;un tour. Cette expression, cet accent, je les reconnais imm\u00e9diatement&nbsp;:<\/p>\n\n\n\n<p>\u00ab&nbsp;H\u00e9, t&rsquo;es du Hav&rsquo;, toi&nbsp;!<\/p>\n\n\n\n<p>&#8211; Oh dais, toi aussi&nbsp;? T&rsquo;es de quel quartier&nbsp;?&nbsp;\u00bb<\/p>\n\n\n\n<p>Nous sommes quasiment voisins. Quand m\u00eame, les parlers locaux, quelle carte d&rsquo;identit\u00e9&nbsp;!<\/p>\n","protected":false},"excerpt":{"rendered":"<p>Ce texte figure dans le livre \u00ab\u00a0Sacr\u00e9 mont Blanc\u00ab\u00a0 Tandis que nous montons lentement vers le col du mont Maudit, un minuscule point noir appara\u00eet au sommet du mont Maudit&hellip; <\/p>\n","protected":false},"author":1,"featured_media":1567,"comment_status":"closed","ping_status":"open","sticky":false,"template":"","format":"standard","meta":{"footnotes":""},"categories":[12,1],"tags":[],"class_list":["post-596","post","type-post","status-publish","format-standard","has-post-thumbnail","hentry","category-mont-blanc","category-recits"],"_links":{"self":[{"href":"https:\/\/www.reveeveille.net\/lamontagnetranquille\/wp-json\/wp\/v2\/posts\/596","targetHints":{"allow":["GET"]}}],"collection":[{"href":"https:\/\/www.reveeveille.net\/lamontagnetranquille\/wp-json\/wp\/v2\/posts"}],"about":[{"href":"https:\/\/www.reveeveille.net\/lamontagnetranquille\/wp-json\/wp\/v2\/types\/post"}],"author":[{"embeddable":true,"href":"https:\/\/www.reveeveille.net\/lamontagnetranquille\/wp-json\/wp\/v2\/users\/1"}],"replies":[{"embeddable":true,"href":"https:\/\/www.reveeveille.net\/lamontagnetranquille\/wp-json\/wp\/v2\/comments?post=596"}],"version-history":[{"count":3,"href":"https:\/\/www.reveeveille.net\/lamontagnetranquille\/wp-json\/wp\/v2\/posts\/596\/revisions"}],"predecessor-version":[{"id":1353,"href":"https:\/\/www.reveeveille.net\/lamontagnetranquille\/wp-json\/wp\/v2\/posts\/596\/revisions\/1353"}],"wp:featuredmedia":[{"embeddable":true,"href":"https:\/\/www.reveeveille.net\/lamontagnetranquille\/wp-json\/wp\/v2\/media\/1567"}],"wp:attachment":[{"href":"https:\/\/www.reveeveille.net\/lamontagnetranquille\/wp-json\/wp\/v2\/media?parent=596"}],"wp:term":[{"taxonomy":"category","embeddable":true,"href":"https:\/\/www.reveeveille.net\/lamontagnetranquille\/wp-json\/wp\/v2\/categories?post=596"},{"taxonomy":"post_tag","embeddable":true,"href":"https:\/\/www.reveeveille.net\/lamontagnetranquille\/wp-json\/wp\/v2\/tags?post=596"}],"curies":[{"name":"wp","href":"https:\/\/api.w.org\/{rel}","templated":true}]}}