
{"id":587,"date":"2021-11-28T16:52:58","date_gmt":"2021-11-28T16:52:58","guid":{"rendered":"http:\/\/reveeveille.net\/lamontagnetranquille\/?p=587"},"modified":"2021-11-28T16:53:00","modified_gmt":"2021-11-28T16:53:00","slug":"hivernale-a-la-roche-de-jabel","status":"publish","type":"post","link":"https:\/\/www.reveeveille.net\/lamontagnetranquille\/hivernale-a-la-roche-de-jabel\/","title":{"rendered":"Hivernale \u00e0 la roche de Jabel"},"content":{"rendered":"\n<p>C&rsquo;est pour une fois une toute petite histoire&#8230; sans histoires, justement. Avec mon copain Pascal on pr\u00e9parait \u00e0 l&rsquo;\u00e9poque un voyage au P\u00e9rou. On venait de claquer r\u00e9ellement toutes nos \u00e9conomies pour acheter du mat\u00e9riel flambant neuf, et on br\u00fblait de l&rsquo;essayer avant de se retrouver \u00e0 6000 m\u00e8tres.<\/p>\n\n\n\n<p>L&rsquo;id\u00e9e \u00e9tait simple : on partait en hiver, dans le massif de l&rsquo;Oisan, plusieurs jours sans tente, pour tester la qualit\u00e9 de nos duvets et nos capacit\u00e9s \u00e0 nous de s&rsquo;adapter \u00e0 des conditions un peu&#8230; fra\u00eeches.<\/p>\n\n\n\n<p>Tout \u00e7a ne vaut pas sp\u00e9cialement un r\u00e9cit, voici donc juste quelques photos&#8230;<\/p>\n\n\n\n<p>On part du Mon\u00e9tier (vall\u00e9e de la Guisane), et on traverse la for\u00eat. La neige enfonce, la progression est si lente qu&rsquo;on commence par dormir dans un igloo ! Le lendemain, on monte un interminable versant dans une neige qui enfonce, et on se dirige vers le couloir de notre choix.<\/p>\n\n\n\n<p>C&rsquo;\u00e9tait marrant parce qu&rsquo;on faisait tout \u00ab\u00a0\u00e0 vue\u00a0\u00bb : on n&rsquo;avait pas consult\u00e9 de topo, on avait juste rep\u00e9r\u00e9 ce passage qui nous paraissait facile depuis la vall\u00e9e&#8230; C&rsquo;est sans doute comme \u00e7a que faisaient les premiers alpinistes, \u00e7a a un c\u00f4t\u00e9 excitant, on se dit qu&rsquo;on d\u00e9couvre quelque chose&#8230;<\/p>\n\n\n\n<p>On est finalement arriv\u00e9s au pied du couloir. Une petite avalanche nous est pass\u00e9e dessus. Dans la vall\u00e9e, Andr\u00e9 et Yvette nous observaient \u00e0 la jumelle, ils ont vu la coul\u00e9e et ils ont eu peur. Ils avaient raison, on \u00e9tait beaucoup trop tard dans la journ\u00e9e.<\/p>\n\n\n\n<figure class=\"wp-block-image\"><img decoding=\"async\" src=\"http:\/\/www.reveeveille.net\/photos\/1985\/0410_oisan_prepa_perou\/19850410_oisan_prepa_perou_09.jpg\" alt=\"\"\/><figcaption>Pause au sommet du couloir<\/figcaption><\/figure>\n\n\n\n<p>N&#8217;emp\u00eache, on est arriv\u00e9s au sommet du couloir sans encombres.<\/p>\n\n\n\n<p>En fait, quand j&rsquo;y repense, je trouve qu&rsquo;on n&rsquo;avan\u00e7ait jamais beaucoup : d\u00e8s qu&rsquo;on avait franchi un semblant de difficult\u00e9 ou d&rsquo;\u00e9tape, on s&rsquo;arr\u00eatait, on glandait&#8230; \u00e0 la fois c&rsquo;est pas s\u00e9rieux, tous les alpinistes vous le diront, et puis en m\u00eame temps je crois que c&rsquo;est comme \u00e7a que j&rsquo;aime aller en montagne. C&rsquo;est probablement pour \u00e7a que je ne r\u00e9aliserai jamais de grandes choses en montagne. J&rsquo;aime glander en me persuadant que je viens de faire quelque chose d&rsquo;exceptionnel. La vue m&rsquo;aide souvent \u00e0 le croire, car la vue en haute montagne est tr\u00e8s souvent exceptionnelle. Vous avez souvent pique-niqu\u00e9 dans ce genre d&rsquo;endroit, vous ?<\/p>\n\n\n\n<p>Bref, une fois au sommet du couloir, une fois le gueuleton absorb\u00e9, nous voici sur une sorte de vaste plateau d&rsquo;o\u00f9 l&rsquo;on aper\u00e7oit parfaitement l&rsquo;ar\u00eate que nous prendrons le lendemain, et la roche de Jabel.<\/p>\n\n\n\n<figure class=\"wp-block-image\"><img decoding=\"async\" src=\"http:\/\/www.reveeveille.net\/photos\/1985\/0410_oisan_prepa_perou\/19850410_oisan_prepa_perou_01.jpg\" alt=\"\"\/><\/figure>\n\n\n\n<p>J&rsquo;aime beaucoup, beaucoup les ar\u00eates. On s&rsquo;y sent au dessus de tout, et en g\u00e9n\u00e9ral on y est en s\u00e9curit\u00e9. Sur cette photo on voit au premier plan \u00e0 gauche la roche de Jabel, et en arri\u00e8re plan les agneaux, vers lesquels nous voulions nous diriger plus tard.<\/p>\n\n\n\n<p>On se met en route tout doucement&#8230;<\/p>\n\n\n\n<p>&#8230; mais assez rapidement on trouve qu&rsquo;on en a fait assez pour la journ\u00e9e, et on \u00ab\u00a0plante le camp\u00a0\u00bb, si l&rsquo;on peut dire. Ca consiste \u00e0 trouver une cong\u00e8re, \u00e0 y creuser deux trous de la taille de nos duvets, et \u00e0 s&rsquo;y installer.<\/p>\n\n\n\n<div class=\"wp-block-image\"><figure class=\"aligncenter is-resized\"><img loading=\"lazy\" decoding=\"async\" src=\"http:\/\/www.reveeveille.net\/photos\/1985\/0410_oisan_prepa_perou\/19850410_oisan_prepa_perou_06.jpg\" alt=\"\" width=\"334\" height=\"491\"\/><\/figure><\/div>\n\n\n\n<p>La photo est rat\u00e9e, mais c&rsquo;est la seule que j&rsquo;ai d&rsquo;un bivouac de ce type, et comme c&rsquo;est un souvenir cher \u00e0 mon c\u0153ur je la mets. Il faisait calme, il faisait doux. On n&rsquo;a pas eu froid avec nos duvets calibr\u00e9s pour r\u00e9sister \u00e0 -30\u00b0C, mais \u00e7a n&rsquo;a pas \u00e9t\u00e9 un test bien probant pour notre exp\u00e9dition p\u00e9ruvienne : l\u00e0-bas on a connu r\u00e9ellement des temp\u00e9ratures froides, on s&rsquo;est vraiment, vraiment pel\u00e9s, les hivers du massif de l&rsquo;Oisan c&rsquo;est de la rigolade, ma parole ! Non, je blague, des froids terribles il s&rsquo;en rencontre dans tous les massifs du monde. Aujourd&rsquo;hui j&rsquo;habite en Loz\u00e8re, le second sommet c&rsquo;est l&rsquo;Aigoual il mesure 1560 m\u00e8tres d&rsquo;altitude, il y fait chaque hiver des froids terribles. C&rsquo;est bizarre, je ne comprends pas bien comment \u00e7a marche, tout \u00e7a. Et le r\u00e9chauffement de la plan\u00e8te, \u00e7a va y changer des choses, aussi ? Je ne sais pas.<\/p>\n\n\n\n<p>Je crois que le lendemain matin a \u00e9t\u00e9 l&rsquo;un des top dans mes souvenirs de belle montagne, de beau temps calme. La vue portait \u00e0 l&rsquo;infini, le Mont Viso \u00e9tait si proche qu&rsquo;on aurait pu le toucher. Le silence \u00e9tait absolu.<\/p>\n\n\n\n<figure class=\"wp-block-image\"><img decoding=\"async\" src=\"http:\/\/www.reveeveille.net\/photos\/1985\/0410_oisan_prepa_perou\/19850410_oisan_prepa_perou_02.jpg\" alt=\"\"\/><\/figure>\n\n\n\n<p>Ce jour l\u00e0, on s&rsquo;y est crus, sur les sommets des Andes, autant que quelques mois plus tard.<\/p>\n\n\n\n<p>Alors, pour se r\u00e9compenser de cette petite mont\u00e9e, on s&rsquo;est pay\u00e9s un autre gueuleton. Le r\u00e9chaud enfonc\u00e9 dans la neige, Pascal nous a cuisin\u00e9 je ne sais plus quoi d&rsquo;immonde, mais \u00e7a n&rsquo;\u00e9tait pas grave. On \u00e9tait contents d&rsquo;\u00eatre l\u00e0.<\/p>\n\n\n\n<div class=\"wp-block-image\"><figure class=\"aligncenter is-resized\"><img loading=\"lazy\" decoding=\"async\" src=\"http:\/\/www.reveeveille.net\/photos\/1985\/0410_oisan_prepa_perou\/19850410_oisan_prepa_perou_26.jpg\" alt=\"\" width=\"840\" height=\"565\"\/><figcaption>Il faut parfois adopter des styles d\u00e9complex\u00e9s<\/figcaption><\/figure><\/div>\n\n\n\n<p>Et puis apr\u00e8s, la neige est devenue tr\u00e8s, tr\u00e8s molle. Notre programme initial, qui \u00e9tait de pousser jusqu&rsquo;aux agneaux, de redescendre sur le glacier blanc et de continuer jusqu&rsquo;aux \u00e9crins, nous a tout \u00e0 coup sembl\u00e9 vraiment fatigant. Alors on a pris le premier couloir qui s&rsquo;est pr\u00e9sent\u00e9 et qui nous a sembl\u00e9 praticable, et on est redescendus dans les pentes plus accueillantes qui menaient vers la vall\u00e9e.<\/p>\n\n\n\n<p>Bien s\u00fbr, on n&rsquo;avait pas r\u00e9alis\u00e9 grand chose de nos projets, ce qui d\u00e9cid\u00e9ment nous arrivait trop souvent, mais c&rsquo;\u00e9tait chouette quand m\u00eame. 4 mois plus tard on s&rsquo;envolait vers le P\u00e9rou, on avait 19 ans et on \u00e9tait vraiment fous. Mais c&rsquo;est une autre histoire qui sera cont\u00e9e ailleurs &#8230;<\/p>\n","protected":false},"excerpt":{"rendered":"<p>C&rsquo;est pour une fois une toute petite histoire&#8230; sans histoires, justement. Avec mon copain Pascal on pr\u00e9parait \u00e0 l&rsquo;\u00e9poque un voyage au P\u00e9rou. On venait de claquer r\u00e9ellement toutes nos&hellip; <\/p>\n","protected":false},"author":1,"featured_media":1561,"comment_status":"closed","ping_status":"open","sticky":false,"template":"","format":"standard","meta":{"footnotes":""},"categories":[14,1],"tags":[],"class_list":["post-587","post","type-post","status-publish","format-standard","has-post-thumbnail","hentry","category-oisans","category-recits"],"_links":{"self":[{"href":"https:\/\/www.reveeveille.net\/lamontagnetranquille\/wp-json\/wp\/v2\/posts\/587","targetHints":{"allow":["GET"]}}],"collection":[{"href":"https:\/\/www.reveeveille.net\/lamontagnetranquille\/wp-json\/wp\/v2\/posts"}],"about":[{"href":"https:\/\/www.reveeveille.net\/lamontagnetranquille\/wp-json\/wp\/v2\/types\/post"}],"author":[{"embeddable":true,"href":"https:\/\/www.reveeveille.net\/lamontagnetranquille\/wp-json\/wp\/v2\/users\/1"}],"replies":[{"embeddable":true,"href":"https:\/\/www.reveeveille.net\/lamontagnetranquille\/wp-json\/wp\/v2\/comments?post=587"}],"version-history":[{"count":2,"href":"https:\/\/www.reveeveille.net\/lamontagnetranquille\/wp-json\/wp\/v2\/posts\/587\/revisions"}],"predecessor-version":[{"id":1343,"href":"https:\/\/www.reveeveille.net\/lamontagnetranquille\/wp-json\/wp\/v2\/posts\/587\/revisions\/1343"}],"wp:featuredmedia":[{"embeddable":true,"href":"https:\/\/www.reveeveille.net\/lamontagnetranquille\/wp-json\/wp\/v2\/media\/1561"}],"wp:attachment":[{"href":"https:\/\/www.reveeveille.net\/lamontagnetranquille\/wp-json\/wp\/v2\/media?parent=587"}],"wp:term":[{"taxonomy":"category","embeddable":true,"href":"https:\/\/www.reveeveille.net\/lamontagnetranquille\/wp-json\/wp\/v2\/categories?post=587"},{"taxonomy":"post_tag","embeddable":true,"href":"https:\/\/www.reveeveille.net\/lamontagnetranquille\/wp-json\/wp\/v2\/tags?post=587"}],"curies":[{"name":"wp","href":"https:\/\/api.w.org\/{rel}","templated":true}]}}