
{"id":571,"date":"2021-11-28T16:44:17","date_gmt":"2021-11-28T16:44:17","guid":{"rendered":"http:\/\/reveeveille.net\/lamontagnetranquille\/?p=571"},"modified":"2021-11-28T16:44:18","modified_gmt":"2021-11-28T16:44:18","slug":"laltimetre-amoureux","status":"publish","type":"post","link":"https:\/\/www.reveeveille.net\/lamontagnetranquille\/laltimetre-amoureux\/","title":{"rendered":"L&rsquo;altim\u00e8tre amoureux"},"content":{"rendered":"\n<p class=\"has-text-align-right\">Ce texte figure dans le livre \u00ab\u00a0<a rel=\"noopener\" href=\"http:\/\/reveeveille.net\/lamontagnetranquille\/index.php\/sacre-mont-blanc-un-livre-pour-le-boss\/\" target=\"_blank\">Sacr\u00e9 mont Blanc<\/a>\u00a0\u00bb (2020)<\/p>\n\n\n\n<p>Aux quatre coins de la tente, de petits crochets permettent de suspendre en hauteur des objets l\u00e9gers. D\u00e8s que le camp est en place, certains objets usuels y sont accroch\u00e9s pour rester accessibles tout en leur \u00e9vitant d&rsquo;\u00eatre irr\u00e9m\u00e9diablement perdus sous l&rsquo;\u00e9paisse couche de bazar qui couvre le sol en permanence.&nbsp; Ce sont par exemple des lampes frontales, des paires de lunettes, des chaussettes qui s\u00e8chent en \u00e9vaporant une subtile brume odorante, et plein d&rsquo;autres trucs encore.<\/p>\n\n\n\n<p>Assez r\u00e9guli\u00e8rement, des mois apr\u00e8s le retour \u00e0 la civilisation, \u00e0 l&rsquo;occasion d&rsquo;une utilisation ult\u00e9rieure de la tente, je retrouve certains de ces objets usuels toujours suspendus \u00e0 leurs crochets, mais h\u00e9las \u00e9cras\u00e9 par le dernier pliage. Lors des d\u00e9montages dans le blizzard glac\u00e9, on ne prend pas toujours le temps de faire une inspection correcte des locaux, du coup il reste des miettes mouill\u00e9es coll\u00e9es par terre et des objets usuels pendus au plafond, c&rsquo;est ainsi. Personnellement je lutte depuis des ann\u00e9es contre moi-m\u00eame pour r\u00e9ussir \u00e0 laisser les lieux en l&rsquo;\u00e9tat dans lequel j&rsquo;aimerais les trouver en entrant, mais je n&rsquo;y arrive jamais.<\/p>\n\n\n\n<p>Christophe et Antoine sont tous deux fanas d\u2019objets usuels. Ils en ont amen\u00e9s en quantit\u00e9. Pendus aux crochets il y a donc deux thermom\u00e8tres. L\u2019un d\u2019eux surveille m\u00eame la temp\u00e9rature ext\u00e9rieure, nous passons beaucoup de temps \u00e0 le tripoter en tous sens pour voir s&rsquo;il fait froid au lieu de regarder dehors. Sur les crochets il y a \u00e9galement deux altim\u00e8tres, nous les surveillons pour voir lequel va gagner. Il y a aussi deux appareils photo, qui sont l&rsquo;objet d&rsquo;attentions minutieuses et permanentes de notre part. Antoine et moi aimons par-dessus tout parcourir les vues d\u00e9j\u00e0 prises, dans un sens puis dans l&rsquo;autre, pour nous \u00e9merveiller de ce que nous avons v\u00e9cu au lieu de profiter du paysage qui nous entoure. Cette ann\u00e9e, il y a surpopulation sur les crochets !<\/p>\n\n\n\n<p>Ce matin-l\u00e0, le r\u00e9veil sonne \u00e0 5 heures, comme d&rsquo;habitude. J&rsquo;allume la lampe et parcours lentement l&rsquo;habitacle d&rsquo;un regard circulaire. Pas un mouvement, les boudins multicolores press\u00e9s les uns contre les autres sont fig\u00e9s dans une immobilit\u00e9 absolue. Bande de fain\u00e9ants. Au crochet le plus proche, une grappe d&rsquo;objets usuels se balance tout doucement, effleurant mon visage en cadence. Histoire de voir si notre camp a mont\u00e9 ou descendu durant la nuit, j&rsquo;attrape le thermom\u00e8tre &#8211; altim\u00e8tre. Dans les brumes de mon demi-sommeil, j&rsquo;ai du mal \u00e0 y lire un chiffre. Bizarrement, sur l&rsquo;\u00e9cran \u00e0 cristaux liquides embu\u00e9 par la nuit, je crois d\u00e9chiffrer \u00ab\u00a0elle\u00a0\u00bb. Je me frotte les yeux, plie le cou pour m&rsquo;approcher et essaye \u00e0 nouveau de percer la p\u00e9nombre de mon regard endormi. Pas de doute, l&rsquo;altim\u00e8tre affiche :<\/p>\n\n\n\n<p>ELLE<\/p>\n\n\n\n<p>Au-dessus, et l\u00e9g\u00e8rement \u00e0 droite de ce sibyllin message r\u00e9dig\u00e9 en majuscules, appara\u00eet une seconde fois le m\u00eame mot en plus petit :<\/p>\n\n\n\n<p>Elle<\/p>\n\n\n\n<p>Quoi, elle ? Et d&rsquo;abord, pourquoi un altim\u00e8tre se pr\u00e9occupe-t-il d&rsquo;autre chose que de donner l&rsquo;altitude ? Ah, mais je sais, ce n&rsquo;est pas un argument, \u00e0 notre \u00e9poque les instruments \u00e9lectroniques deviennent de plus en plus perfectionn\u00e9s, et savent faire un nombre sans cesse croissant de choses tr\u00e8s utiles. De fait, la documentation de cet altim\u00e8tre-ci est \u00e9norme. Il faudrait sans doute de nombreuses ann\u00e9es de formation intensive pour savoir utiliser toutes ses fonctions. Peut-\u00eatre cet engin sait-il faire la conversation ? Auquel cas cette fonction serait peu performante car je n&rsquo;arrive pas \u00e0 comprendre ce qu&rsquo;il veut me signifier. Peut-\u00eatre qu&rsquo;il cherche \u00e0 m&rsquo;avertir d&rsquo;un danger ? Ou qu&rsquo;il veut me dire toute une phrase mais que seul le premier mot arrive \u00e0 sortir et que la suite lui reste coinc\u00e9e dans la gorge ?<\/p>\n\n\n\n<p>Mon \u00e9nervement du d\u00e9but se transforme en excitation. Quelle \u00e9nigme passionnante&nbsp;! Je suis s\u00fbr que cette machine cherche \u00e0 communiquer avec moi et j&rsquo;ai la ferme intention de comprendre ce qu&rsquo;elle veut me dire. Je fais rapidement un brainstorming silencieux avec moi-m\u00eame.<\/p>\n\n\n\n<p>\u00ab\u00a0Elle\u00a0\u00bb.&nbsp; Elle, elle. Elle, elle, elle elleelleellellelle.<\/p>\n\n\n\n<p>Je prends le rythme, psalmodie int\u00e9rieurement cette litanie sur un mode mineur harmonique (j&rsquo;aime beaucoup le mode mineur harmonique, il m\u2019\u00e9voque l\u2019Orient). Peu \u00e0 peu la vibration qui s&rsquo;installe me met en communication avec mon moi profond et le reste de l&rsquo;univers&#8230; Mon niveau de lucidit\u00e9 atteint des sommets vertigineux. Un ressenti se dessine, s&rsquo;impose : ce mot m&rsquo;\u00e9voque&#8230; quelque chose de&#8230; de f\u00e9minin ! Oui, de f\u00e9minin, j&rsquo;en suis certain, \u00e0 pr\u00e9sent. Une femelle. Peut \u00eatre m\u00eame une fille ! Ou m\u00eame, une femme ! Oui, tiens, une femme, c&rsquo;est une bonne id\u00e9e, \u00e7a. J&rsquo;en suis s\u00fbr \u00e0 pr\u00e9sent, cet instrument me parle d&rsquo;une femme. Ou bien cet instrument est une femme. Ou bien c&rsquo;est une femme qui me parle au travers de cet instrument. Ah, et puis zut, je ne sais plus, tout s&#8217;embrouille ! Bon sang, que tout cela est excitant !<\/p>\n\n\n\n<p>A ce moment pr\u00e9cis de mes r\u00e9flexions, le boudin qui est \u00e0 ma droite remue faiblement. Antoine se redresse lentement, les cheveux hirsutes. A moiti\u00e9 ensommeill\u00e9, il saisit l&rsquo;altim\u00e8tre, le retourne en grommelant et lit :<\/p>\n\n\n\n<p>3773<\/p>\n\n\n\n<p>Ah oui, tiens, c&rsquo;est vrai, je l&rsquo;avais pris \u00e0 l&rsquo;envers !<\/p>\n","protected":false},"excerpt":{"rendered":"<p>Ce texte figure dans le livre \u00ab\u00a0Sacr\u00e9 mont Blanc\u00a0\u00bb (2020) Aux quatre coins de la tente, de petits crochets permettent de suspendre en hauteur des objets l\u00e9gers. D\u00e8s que le&hellip; <\/p>\n","protected":false},"author":1,"featured_media":1551,"comment_status":"closed","ping_status":"open","sticky":false,"template":"","format":"standard","meta":{"footnotes":""},"categories":[14,1],"tags":[],"class_list":["post-571","post","type-post","status-publish","format-standard","has-post-thumbnail","hentry","category-oisans","category-recits"],"_links":{"self":[{"href":"https:\/\/www.reveeveille.net\/lamontagnetranquille\/wp-json\/wp\/v2\/posts\/571","targetHints":{"allow":["GET"]}}],"collection":[{"href":"https:\/\/www.reveeveille.net\/lamontagnetranquille\/wp-json\/wp\/v2\/posts"}],"about":[{"href":"https:\/\/www.reveeveille.net\/lamontagnetranquille\/wp-json\/wp\/v2\/types\/post"}],"author":[{"embeddable":true,"href":"https:\/\/www.reveeveille.net\/lamontagnetranquille\/wp-json\/wp\/v2\/users\/1"}],"replies":[{"embeddable":true,"href":"https:\/\/www.reveeveille.net\/lamontagnetranquille\/wp-json\/wp\/v2\/comments?post=571"}],"version-history":[{"count":3,"href":"https:\/\/www.reveeveille.net\/lamontagnetranquille\/wp-json\/wp\/v2\/posts\/571\/revisions"}],"predecessor-version":[{"id":1326,"href":"https:\/\/www.reveeveille.net\/lamontagnetranquille\/wp-json\/wp\/v2\/posts\/571\/revisions\/1326"}],"wp:featuredmedia":[{"embeddable":true,"href":"https:\/\/www.reveeveille.net\/lamontagnetranquille\/wp-json\/wp\/v2\/media\/1551"}],"wp:attachment":[{"href":"https:\/\/www.reveeveille.net\/lamontagnetranquille\/wp-json\/wp\/v2\/media?parent=571"}],"wp:term":[{"taxonomy":"category","embeddable":true,"href":"https:\/\/www.reveeveille.net\/lamontagnetranquille\/wp-json\/wp\/v2\/categories?post=571"},{"taxonomy":"post_tag","embeddable":true,"href":"https:\/\/www.reveeveille.net\/lamontagnetranquille\/wp-json\/wp\/v2\/tags?post=571"}],"curies":[{"name":"wp","href":"https:\/\/api.w.org\/{rel}","templated":true}]}}