
{"id":1624,"date":"2024-02-26T16:37:33","date_gmt":"2024-02-26T16:37:33","guid":{"rendered":"https:\/\/www.reveeveille.net\/lamontagnetranquille\/?p=1624"},"modified":"2024-03-08T16:39:07","modified_gmt":"2024-03-08T16:39:07","slug":"des-balades-pour-sacclimater-a-laltitude","status":"publish","type":"post","link":"https:\/\/www.reveeveille.net\/lamontagnetranquille\/des-balades-pour-sacclimater-a-laltitude\/","title":{"rendered":"Des balades pour s&rsquo;acclimater \u00e0 l&rsquo;altitude"},"content":{"rendered":"\n<p>Pour s&rsquo;engager dans des itin\u00e9raires en haute altitude, par exemple un sommet de 4000 m\u00e8tres, il est confortable d&rsquo;arriver d\u00e9j\u00e0 bien acclimat\u00e9. Pour d\u00e9buter un s\u00e9jour, je suis donc toujours \u00e0 la recherche de balades qui m&#8217;emm\u00e8nent relativement haut (\u00e0 partir de 3000 m\u00e8tres, plus si possible) mais pr\u00e9sentant peu de difficult\u00e9s techniques ou de dangers objectifs, ce qui me permet de les parcourir seul si n\u00e9cessaire. Le top est de pouvoir y dormir le plus haut possible, ce qui est une mani\u00e8re reposante de s&rsquo;acclimater.<\/p>\n\n\n\n<p>Voil\u00e0 quelques-unes de mes balades qui cochent ces caract\u00e9ristiques :<\/p>\n\n\n<div class=\"pt-cv-wrapper\"><div class=\"pt-cv-view pt-cv-grid pt-cv-colsys\" id=\"pt-cv-view-30dea1b9hr\"><div data-id=\"pt-cv-page-1\" class=\"pt-cv-page\" data-cvc=\"2\"><div class=\"col-md-6 col-sm-12 col-xs-12 pt-cv-content-item pt-cv-1-col\" ><div class='pt-cv-ifield'><a href=\"https:\/\/www.reveeveille.net\/lamontagnetranquille\/la-grande-sassiere\/\" class=\"_self pt-cv-href-thumbnail pt-cv-thumb-default\" target=\"_self\" ><img loading=\"lazy\" decoding=\"async\" width=\"300\" height=\"225\" src=\"https:\/\/www.reveeveille.net\/lamontagnetranquille\/wp-content\/uploads\/2024\/03\/20230808_grande_sassiere_06-300x225.jpg\" class=\"pt-cv-thumbnail\" alt=\"\" \/><\/a>\n<div class=\"pt-cv-taxoterm above_title\"><a href='https:\/\/www.reveeveille.net\/lamontagnetranquille\/category\/itineraires\/acclimatation\/' title='Acclimatation' class='pt-cv-tax-acclimatation'>Acclimatation<\/a><a href='https:\/\/www.reveeveille.net\/lamontagnetranquille\/category\/massifs-et-sommets\/alpes\/vanoise\/' title='Vanoise' class='pt-cv-tax-vanoise'>Vanoise<\/a><\/div>\n<h4 class=\"pt-cv-title\"><a href=\"https:\/\/www.reveeveille.net\/lamontagnetranquille\/la-grande-sassiere\/\" class=\"_self\" target=\"_self\" >La grande Sassi\u00e8re, un sommet parfait pour l&rsquo;acclimatation \u00e0 l&rsquo;altitude<\/a><\/h4>\n<div class=\"pt-cv-content\">Avec ses 3747 m\u00e8tres d'altitude (\u00e0 peine 100 m\u00e8tres de moins que l'Aiguille du Midi ou le Viso), la grande ...<\/div><\/div><\/div>\n<div class=\"col-md-6 col-sm-12 col-xs-12 pt-cv-content-item pt-cv-1-col\" ><div class='pt-cv-ifield'><a href=\"https:\/\/www.reveeveille.net\/lamontagnetranquille\/le-viso-loin-au-dessus-de-la-plaine-du-po\/\" class=\"_self pt-cv-href-thumbnail pt-cv-thumb-default\" target=\"_self\" ><img loading=\"lazy\" decoding=\"async\" width=\"300\" height=\"225\" src=\"https:\/\/www.reveeveille.net\/lamontagnetranquille\/wp-content\/uploads\/2024\/03\/20230806_viso_12-300x225.jpg\" class=\"pt-cv-thumbnail\" alt=\"\" \/><\/a>\n<div class=\"pt-cv-taxoterm above_title\"><a href='https:\/\/www.reveeveille.net\/lamontagnetranquille\/category\/itineraires\/acclimatation\/' title='Acclimatation' class='pt-cv-tax-acclimatation'>Acclimatation<\/a><a href='https:\/\/www.reveeveille.net\/lamontagnetranquille\/category\/massifs-et-sommets\/alpes\/italie\/' title='Italie' class='pt-cv-tax-italie'>Italie<\/a><\/div>\n<h4 class=\"pt-cv-title\"><a href=\"https:\/\/www.reveeveille.net\/lamontagnetranquille\/le-viso-loin-au-dessus-de-la-plaine-du-po\/\" class=\"_self\" target=\"_self\" >Le Viso, loin au dessus de la plaine du P\u00f4<\/a><\/h4>\n<div class=\"pt-cv-content\">Le Viso est un sommet singulier, par bien des aspects. Ses 3800 m\u00e8tres d'altitude ne le classent pas parmi les ...<\/div><\/div><\/div>\n<div class=\"col-md-6 col-sm-12 col-xs-12 pt-cv-content-item pt-cv-1-col\" ><div class='pt-cv-ifield'><a href=\"https:\/\/www.reveeveille.net\/lamontagnetranquille\/boucle-au-buet-une-balade-pour-se-mettre-en-forme\/\" class=\"_self pt-cv-href-thumbnail pt-cv-thumb-default\" target=\"_self\" ><img loading=\"lazy\" decoding=\"async\" width=\"300\" height=\"168\" src=\"https:\/\/www.reveeveille.net\/lamontagnetranquille\/wp-content\/uploads\/2021\/11\/20200713_glaciers_du_tour_et_du_trient_manon_11-300x168.jpg\" class=\"pt-cv-thumbnail\" alt=\"\" \/><\/a>\n<div class=\"pt-cv-taxoterm above_title\"><a href='https:\/\/www.reveeveille.net\/lamontagnetranquille\/category\/itineraires\/acclimatation\/' title='Acclimatation' class='pt-cv-tax-acclimatation'>Acclimatation<\/a><a href='https:\/\/www.reveeveille.net\/lamontagnetranquille\/category\/massifs-et-sommets\/alpes\/mont-blanc\/' title='Mont-Blanc' class='pt-cv-tax-mont-blanc'>Mont-Blanc<\/a><\/div>\n<h4 class=\"pt-cv-title\"><a href=\"https:\/\/www.reveeveille.net\/lamontagnetranquille\/boucle-au-buet-une-balade-pour-se-mettre-en-forme\/\" class=\"_self\" target=\"_self\" >Boucle au Buet, une balade pour se mettre en forme<\/a><\/h4>\n<div class=\"pt-cv-content\">Le Buet, avec ses 3086 m\u00e8tres, ne peut pas vraiment \u00eatre class\u00e9 dans la cat\u00e9gorie \"Haute montagne\". La voie normale ...<\/div><\/div><\/div><\/div><\/div><\/div>\n","protected":false},"excerpt":{"rendered":"<p>Pour s&rsquo;engager dans des itin\u00e9raires en haute altitude, par exemple un sommet de 4000 m\u00e8tres, il est confortable d&rsquo;arriver d\u00e9j\u00e0 bien acclimat\u00e9. Pour d\u00e9buter un s\u00e9jour, je suis donc toujours&hellip; <\/p>\n","protected":false},"author":2,"featured_media":1643,"comment_status":"closed","ping_status":"open","sticky":false,"template":"","format":"standard","meta":{"footnotes":""},"categories":[3],"tags":[],"class_list":["post-1624","post","type-post","status-publish","format-standard","has-post-thumbnail","hentry","category-pratiquer"],"_links":{"self":[{"href":"https:\/\/www.reveeveille.net\/lamontagnetranquille\/wp-json\/wp\/v2\/posts\/1624","targetHints":{"allow":["GET"]}}],"collection":[{"href":"https:\/\/www.reveeveille.net\/lamontagnetranquille\/wp-json\/wp\/v2\/posts"}],"about":[{"href":"https:\/\/www.reveeveille.net\/lamontagnetranquille\/wp-json\/wp\/v2\/types\/post"}],"author":[{"embeddable":true,"href":"https:\/\/www.reveeveille.net\/lamontagnetranquille\/wp-json\/wp\/v2\/users\/2"}],"replies":[{"embeddable":true,"href":"https:\/\/www.reveeveille.net\/lamontagnetranquille\/wp-json\/wp\/v2\/comments?post=1624"}],"version-history":[{"count":5,"href":"https:\/\/www.reveeveille.net\/lamontagnetranquille\/wp-json\/wp\/v2\/posts\/1624\/revisions"}],"predecessor-version":[{"id":1636,"href":"https:\/\/www.reveeveille.net\/lamontagnetranquille\/wp-json\/wp\/v2\/posts\/1624\/revisions\/1636"}],"wp:featuredmedia":[{"embeddable":true,"href":"https:\/\/www.reveeveille.net\/lamontagnetranquille\/wp-json\/wp\/v2\/media\/1643"}],"wp:attachment":[{"href":"https:\/\/www.reveeveille.net\/lamontagnetranquille\/wp-json\/wp\/v2\/media?parent=1624"}],"wp:term":[{"taxonomy":"category","embeddable":true,"href":"https:\/\/www.reveeveille.net\/lamontagnetranquille\/wp-json\/wp\/v2\/categories?post=1624"},{"taxonomy":"post_tag","embeddable":true,"href":"https:\/\/www.reveeveille.net\/lamontagnetranquille\/wp-json\/wp\/v2\/tags?post=1624"}],"curies":[{"name":"wp","href":"https:\/\/api.w.org\/{rel}","templated":true}]}}