
{"id":1576,"date":"2022-09-01T15:21:59","date_gmt":"2022-09-01T15:21:59","guid":{"rendered":"https:\/\/www.reveeveille.net\/lamontagnetranquille\/?p=1576"},"modified":"2022-09-03T10:17:35","modified_gmt":"2022-09-03T10:17:35","slug":"mais-pourquoi-donc-les-alpinistes-se-levent-ils-si-tot","status":"publish","type":"post","link":"https:\/\/www.reveeveille.net\/lamontagnetranquille\/mais-pourquoi-donc-les-alpinistes-se-levent-ils-si-tot\/","title":{"rendered":"Mais pourquoi les alpinistes se l\u00e8vent-ils donc si t\u00f4t ?"},"content":{"rendered":"\n<p>C&rsquo;est un fait, l&rsquo;alpiniste est un animal tr\u00e8s matinal. La moindre petite course pour d\u00e9butant le mettra debout \u00e0 4 heures. Pour les itin\u00e9raires plus longs il programmera le r\u00e9veil \u00e0 2 heures, voire \u00e0 minuit.<\/p>\n\n\n\n<p>Tout le monde en conviendra : se lever t\u00f4t, c&rsquo;est dur. Particuli\u00e8rement pendant cette portion de nuit, b\u00e9nie entre toutes, qui s&rsquo;\u00e9tend de minuit \u00e0 6 heures. C&rsquo;est pr\u00e9cis\u00e9ment \u00e0 ce moment l\u00e0 que l&rsquo;on dort tr\u00e8s profond\u00e9ment, d&rsquo;un sommeil efficace, r\u00e9parateur. Y faire sonner le r\u00e9veil est quasiment un crime pour les gens qui ont du mal \u00e0 dormir, ou qui tout simplement aiment \u00e7a. S&rsquo;extirper du cocon du duvet dans le froid et le noir est inhumain. Venant s&rsquo;ajouter \u00e0 la fatigue, les effets de l&rsquo;altitude et de la d\u00e9shydratation vous mettent invariablement le ventre en vrac, souvent \u00e0 la limite de la naus\u00e9e. Il faut beaucoup de courage, beaucoup de motivation pour d\u00e9passer la l\u00e9gitime flemme qui se fait jour lorsque retentit la sonnerie maudite. Pourquoi pas remettre le d\u00e9part \u00e0 plus tard &#8211; voire \u00e0 jamais ? On est si bien !<\/p>\n\n\n\n<p>Il est facile d&rsquo;apporter des r\u00e9ponses intelligentes \u00e0 cette question. La montagne est assur\u00e9ment en meilleure condition en pleine nuit ou au petit matin, lorsqu&rsquo;il fait froid : la neige dure porte mieux, les cailloux branlants restent coll\u00e9s \u00e0 la paroi par le gel, les s\u00e9racs craquent moins (encore que j&rsquo;aie un doute sur ce fait, peut-\u00eatre n&rsquo;est-ce qu&rsquo;une l\u00e9gende montagnarde). La m\u00e9t\u00e9o est elle aussi plus souvent mena\u00e7ante le jour. Non qu&rsquo;il ne neige ni ne vente la nuit, mais il est fr\u00e9quent que de belles apr\u00e8s-midi d&rsquo;\u00e9t\u00e9 soit g\u00e2ch\u00e9es par des orages, g\u00e9n\u00e9ralement fugaces mais parfois violents et dangereux.<\/p>\n\n\n\n<p>Partir t\u00f4t est une attitude raisonnable, qui m\u00e9nage une tr\u00e8s longue journ\u00e9e devant soi, pour ne pas \u00eatre pris par le temps si on progresse lentement, pour g\u00e9rer les \u00e9ventuels probl\u00e8mes qui pourraient survenir et seront plus faciles \u00e0 g\u00e9rer en plein jour. Et lorsque tout se passe bien, l&rsquo;on aura le plaisir d&rsquo;atteindre son sommet au lever du jour, ce qui est souvent grandiose il faut en convenir. La descente se fera t\u00f4t en journ\u00e9e, sereine, et permettra de se payer un petit restau de retour dans la vall\u00e9e.<\/p>\n\n\n\n<p>Tout cela est vrai, et en tenir compte am\u00e9liorera ind\u00e9niablement les chances d&rsquo;atteindre son objectif &#8211; voire de continuer \u00e0 vivre. Mais cela ne va pas sans une certaine dose de souffrance. Car pass\u00e9e l&rsquo;\u00e9preuve du r\u00e9veil, du petit d\u00e9jeuner le c\u0153ur au bord des l\u00e8vres, va commencer une interminable progression dans la nuit. Le souffle court malgr\u00e9 le pas de l\u00e9gionnaire, le contenu des narines coll\u00e9 par le froid glacial, un paysage r\u00e9duit \u00e0 un c\u00f4ne de lumi\u00e8re \u00e0 l&rsquo;int\u00e9rieur duquel vont et viennent inlassablement les pieds du compagnon de cord\u00e9e qui nous pr\u00e9c\u00e8de, tout cela rythm\u00e9 par le cliquetis l\u00e9ger des broches \u00e0 glace et autres mousquetons se heurtant doucement \u00e0 nos ceintures&#8230; o\u00f9 est le plaisir, se demanderont certains, et parfois les alpinistes eux-m\u00eames<\/p>\n\n\n\n<p>A la v\u00e9rit\u00e9, il y a malgr\u00e9 tout une certaine po\u00e9sie dans cet \u00e9tat interm\u00e9diaire. S&rsquo;il est rare que cette progression en heures sombres constituent une partie de plaisir, on ne s&rsquo;y ennuie pas vraiment. Le temps s&rsquo;\u00e9coule irr\u00e9guli\u00e8rement. Peu de mots sont \u00e9chang\u00e9s, quelques pens\u00e9es alanguies vont et viennent en boucle. De longues p\u00e9riodes de semi-sommeil propice \u00e0 la r\u00eaverie sont interrompues par de brefs moments de lucidit\u00e9, durant lesquels on jette un regard au c\u0153ur de la nuit pour constater avec plaisir que l&rsquo;on a progress\u00e9 plus que ce que l&rsquo;on croyait. De cycle en cycle, le noir profond du ciel prend tr\u00e8s lentement une teinte plus gris bleut\u00e9e, augurant l&rsquo;aube grandiose, vrai r\u00e9veil de l&rsquo;alpiniste qui conna\u00eetra alors ses heures de bonheur fou.<\/p>\n","protected":false},"excerpt":{"rendered":"<p>C&rsquo;est un fait, l&rsquo;alpiniste est un animal tr\u00e8s matinal. La moindre petite course pour d\u00e9butant le mettra debout \u00e0 4 heures. Pour les itin\u00e9raires plus longs il programmera le r\u00e9veil&hellip; <\/p>\n","protected":false},"author":2,"featured_media":1488,"comment_status":"closed","ping_status":"open","sticky":false,"template":"","format":"standard","meta":{"footnotes":""},"categories":[23],"tags":[],"class_list":["post-1576","post","type-post","status-publish","format-standard","has-post-thumbnail","hentry","category-chroniques"],"_links":{"self":[{"href":"https:\/\/www.reveeveille.net\/lamontagnetranquille\/wp-json\/wp\/v2\/posts\/1576","targetHints":{"allow":["GET"]}}],"collection":[{"href":"https:\/\/www.reveeveille.net\/lamontagnetranquille\/wp-json\/wp\/v2\/posts"}],"about":[{"href":"https:\/\/www.reveeveille.net\/lamontagnetranquille\/wp-json\/wp\/v2\/types\/post"}],"author":[{"embeddable":true,"href":"https:\/\/www.reveeveille.net\/lamontagnetranquille\/wp-json\/wp\/v2\/users\/2"}],"replies":[{"embeddable":true,"href":"https:\/\/www.reveeveille.net\/lamontagnetranquille\/wp-json\/wp\/v2\/comments?post=1576"}],"version-history":[{"count":5,"href":"https:\/\/www.reveeveille.net\/lamontagnetranquille\/wp-json\/wp\/v2\/posts\/1576\/revisions"}],"predecessor-version":[{"id":1586,"href":"https:\/\/www.reveeveille.net\/lamontagnetranquille\/wp-json\/wp\/v2\/posts\/1576\/revisions\/1586"}],"wp:featuredmedia":[{"embeddable":true,"href":"https:\/\/www.reveeveille.net\/lamontagnetranquille\/wp-json\/wp\/v2\/media\/1488"}],"wp:attachment":[{"href":"https:\/\/www.reveeveille.net\/lamontagnetranquille\/wp-json\/wp\/v2\/media?parent=1576"}],"wp:term":[{"taxonomy":"category","embeddable":true,"href":"https:\/\/www.reveeveille.net\/lamontagnetranquille\/wp-json\/wp\/v2\/categories?post=1576"},{"taxonomy":"post_tag","embeddable":true,"href":"https:\/\/www.reveeveille.net\/lamontagnetranquille\/wp-json\/wp\/v2\/tags?post=1576"}],"curies":[{"name":"wp","href":"https:\/\/api.w.org\/{rel}","templated":true}]}}