
{"id":1013,"date":"2021-11-28T16:59:35","date_gmt":"2021-11-28T16:59:35","guid":{"rendered":"http:\/\/reveeveille.net\/lamontagnetranquille\/?p=1013"},"modified":"2021-11-28T16:59:37","modified_gmt":"2021-11-28T16:59:37","slug":"autour-du-glacier-blanc","status":"publish","type":"post","link":"https:\/\/www.reveeveille.net\/lamontagnetranquille\/autour-du-glacier-blanc\/","title":{"rendered":"Autour du glacier blanc"},"content":{"rendered":"\n<p>J&rsquo;aime parcourir et sugg\u00e9rer des balades \u00e0 l&rsquo;\u00e9cart des lieux trop courus. Pour autant, je ne leur renie pas leur int\u00e9r\u00eat : s&rsquo;ils sont courus, il y a g\u00e9n\u00e9ralement de solides raisons. Le glacier blanc fait partie de cette cat\u00e9gorie de site mythiques. C&rsquo;est un des grands glaciers de l&rsquo;Oisans, il est situ\u00e9 assez haut pour garder, m\u00eame au c\u0153ur de l&rsquo;\u00e9t\u00e9, une atmosph\u00e8re de neige et de glace pas encore trop pourrie par le r\u00e9chauffement climatique. La double muraille de sommets qui l&rsquo;entourent, difficiles sur sa rive droite, plus accessibles sur sa rive gauche, et la silhouette reconnaissable entre tous de la face nord de la Barre des \u00c9crins, 4000 le plus m\u00e9ridional des Alpes&#8230;<\/p>\n\n\n\n<p>Pour toutes ces raisons, il est tentant d&rsquo;aller y faire un tour au moins une fois dans sa vie. Comme le Mont Blanc, il est souvent blind\u00e9 de monde, mais de petites ruses simples vous permettront de vous y retrouver tr\u00e8s tranquilles, voire quasiment seuls, comme ce f\u00fbt le cas cette fois. Je vous conseille d\u00e9j\u00e0 de choisir votre p\u00e9riode. D\u00e8s la fin ao\u00fbt, le flot de visiteurs se ralentit fortement. Pour peu que vous arriviez \u00e0 vous lib\u00e9rer en semaine, il y a fort \u00e0 parier que vous n&rsquo;y croiserez pas grand monde.<\/p>\n\n\n\n<p>Choisissez aussi votre itin\u00e9raire d&rsquo;acc\u00e8s. 90% des alpinistes arrivent par le pr\u00e9 de madame Carle, c\u00f4t\u00e9 Vallouise. L&rsquo;acc\u00e8s oppos\u00e9, par le col des \u00c9crins, depuis la B\u00e9rarde, est d&rsquo;un calme relatif, et d&rsquo;une sauvagerie tr\u00e8s sup\u00e9rieure (vous ne pourrez pas, comme de l&rsquo;autre c\u00f4t\u00e9, y nourrir les marmottes \u00e0 bout de bras !). Je gardais le souvenir de la remont\u00e9e du vallon de Bonne-pierre comme d&rsquo;un pensum \u00e9pouvantable. Il n&rsquo;en est rien : tous les 500 m\u00e8tres l&rsquo;ambiance change du tout au tout, depuis les alpages bucoliques de la B\u00e9rarde aux pierriers de la station m\u00e9t\u00e9orologique, en passant par la moraine (mais pas avec ses sabots !) fine et \u00e9lanc\u00e9e (et instable, comme partout en ces d\u00e9cennies de r\u00e9chauffement climatique, faites gaffe) et le glacier de Bonne-Pierre proprement dit.<\/p>\n\n\n\n<div class=\"wp-block-image\"><figure class=\"aligncenter\"><img decoding=\"async\" src=\"http:\/\/www.reveeveille.net\/photos\/2018\/0826_ecrins_raphael_mariepascale_fredo\/20180826_ecrins_raphael_mariepascale_fredo_13.jpg\" alt=\"\"\/><figcaption> La fameuse moraine de Bonne-Pierre<\/figcaption><\/figure><\/div>\n\n\n\n<p>Cela dit, la d\u00e9nivel\u00e9e reste importante : 1600 m\u00e8tres. Aussi vous sugg\u00e9rais-je de scinder votre ascension. Malgr\u00e9 ce que la raideur du vallon laisse supposer, vers 2500 m\u00e8tres d&rsquo;altitude vous trouverez un charmant petit replat herbeux sur la rive droite de la moraine, entre celle-ci et le versant sud de la t\u00eate de la Somme. De quoi poser une ou deux tentes (pas plus) sur le bord d&rsquo;un minuscule ruisseau qui vous facilitera la vie. Par contre n&rsquo;oubliez pas qu&rsquo;on est ici en zone c\u0153ur du Parc national des \u00c9crins. Le camping permanent est interdit, est tol\u00e9r\u00e9 le bivouac, du coucher au lever de soleil, pas plus&#8230;<\/p>\n\n\n\n<p>En dormant l\u00e0, vous pourrez le lendemain terminer plus sereinement l&rsquo;ascension du col des \u00c9crins. Les derni\u00e8res centaines de m\u00e8tres de d\u00e9nivel\u00e9e pr\u00e9sentent une certaine difficult\u00e9. Les rocher raides, \u00e9quip\u00e9s de c\u00e2bles m\u00e9talliques, constituent une petite \u00e9preuve pour qui porte un sac de 20 kilos. Malgr\u00e9 la ressemblance, on est tr\u00e8s loin de la facilit\u00e9 d&rsquo;une via ferrata abondamment pourvue de prises et barreaux scell\u00e9s, parcourue en toute l\u00e9g\u00e8ret\u00e9 avec un \u00e9quipement appropri\u00e9. Quelques n\u00e9v\u00e9s raides hors c\u00e2ble n\u00e9cessitent \u00e9galement une attention soutenue.<\/p>\n\n\n\n<div class=\"wp-block-image\"><figure class=\"aligncenter\"><img decoding=\"async\" src=\"http:\/\/www.reveeveille.net\/photos\/2018\/0826_ecrins_raphael_mariepascale_fredo\/20180826_ecrins_raphael_mariepascale_fredo_12.jpg\" alt=\"\"\/><figcaption>Dans les cha\u00eenes du col des Ecrins<\/figcaption><\/figure><\/div>\n\n\n\n<p>Mais une fois au col, tous vos effort seront largement r\u00e9compens\u00e9s. Il y a l\u00e0 de quoi poser un camp confortable et en s\u00e9curit\u00e9. A 3300 m\u00e8tres d&rsquo;altitude, vous touchez du doigt les deux sommets les plus \u00e9lev\u00e9s des environs : Roche Faurio et la barre des \u00c9crins. Avec deux kilom\u00e8tres et demi et deux cent m\u00e8tres de d\u00e9nivel\u00e9 d&rsquo;avance sur les gens qui dorment au refuge, vous serez les rois du p\u00e9trole quand vous en prendrez le chemin, les mains dans les poches. Vous serez d\u00e9j\u00e0 haut sur les pentes de la Barre lorsque vous apercevrez la file de lampes frontales appara\u00eetre au tournant du glacier&#8230;<\/p>\n\n\n\n<figure class=\"wp-block-image\"><img decoding=\"async\" src=\"http:\/\/www.reveeveille.net\/photos\/2018\/0826_ecrins_raphael_mariepascale_fredo\/20180826_ecrins_raphael_mariepascale_fredo_16.jpg\" alt=\"\"\/><figcaption>Camp au col des Ecrins<\/figcaption><\/figure>\n\n\n\n<p>D&rsquo;ici, il ne faudra que 2h30 pour atteindre Roche-Faurio&#8230;<\/p>\n\n\n\n<div class=\"wp-block-image\"><figure class=\"aligncenter\"><img decoding=\"async\" src=\"http:\/\/www.reveeveille.net\/photos\/2018\/0826_ecrins_raphael_mariepascale_fredo\/20180826_ecrins_raphael_mariepascale_fredo_14.jpg\" alt=\"\"\/><figcaption>Dans la mont\u00e9e vers Roche-Faurio<\/figcaption><\/figure><\/div>\n\n\n\n<p>&#8230; 3h30 pour le d\u00f4me des Ecrins, 5h30 pour la Barre&#8230;<\/p>\n\n\n\n<div class=\"wp-block-image\"><figure class=\"aligncenter\"><img decoding=\"async\" src=\"http:\/\/www.reveeveille.net\/photos\/2018\/0826_ecrins_raphael_mariepascale_fredo\/20180826_ecrins_raphael_mariepascale_fredo_15.jpg\" alt=\"\"\/><figcaption> La rimaye de la Barre des \u00c9crins, plut\u00f4t facile cette ann\u00e9e-l\u00e0 <\/figcaption><\/figure><\/div>\n\n\n\n<p>En r\u00e9sum\u00e9, voil\u00e0 un programme parfait pour une vir\u00e9e de 3 ou 4 jours, qui permet de commencer par s&rsquo;acclimater avant d&rsquo;aller vers les 4000 de la Barre :<\/p>\n\n\n\n<ul class=\"wp-block-list\"><li>1er jour, d\u00e9part de la B\u00e9rarde, bivouac dans le vallon de Bonne-pierre vers 2500 m\u00e8tres.<\/li><li>2\u00e8me jour : mont\u00e9e au col des Ecrins, installation du bivouac, mont\u00e9e dans la foul\u00e9e \u00e0 Roche Faurio, bivouac au col des Ecrins.<\/li><li>3\u00e8me jour : ascension du d\u00f4me ou de la Barre, d\u00e9montage du bivouac et redescente vers la B\u00e9rarde ou le pr\u00e9 de madame Carle.<\/li><\/ul>\n","protected":false},"excerpt":{"rendered":"<p>J&rsquo;aime parcourir et sugg\u00e9rer des balades \u00e0 l&rsquo;\u00e9cart des lieux trop courus. Pour autant, je ne leur renie pas leur int\u00e9r\u00eat : s&rsquo;ils sont courus, il y a g\u00e9n\u00e9ralement de&hellip; <\/p>\n","protected":false},"author":1,"featured_media":1457,"comment_status":"closed","ping_status":"open","sticky":false,"template":"","format":"standard","meta":{"footnotes":""},"categories":[6,14],"tags":[],"class_list":["post-1013","post","type-post","status-publish","format-standard","has-post-thumbnail","hentry","category-itineraires","category-oisans"],"_links":{"self":[{"href":"https:\/\/www.reveeveille.net\/lamontagnetranquille\/wp-json\/wp\/v2\/posts\/1013","targetHints":{"allow":["GET"]}}],"collection":[{"href":"https:\/\/www.reveeveille.net\/lamontagnetranquille\/wp-json\/wp\/v2\/posts"}],"about":[{"href":"https:\/\/www.reveeveille.net\/lamontagnetranquille\/wp-json\/wp\/v2\/types\/post"}],"author":[{"embeddable":true,"href":"https:\/\/www.reveeveille.net\/lamontagnetranquille\/wp-json\/wp\/v2\/users\/1"}],"replies":[{"embeddable":true,"href":"https:\/\/www.reveeveille.net\/lamontagnetranquille\/wp-json\/wp\/v2\/comments?post=1013"}],"version-history":[{"count":5,"href":"https:\/\/www.reveeveille.net\/lamontagnetranquille\/wp-json\/wp\/v2\/posts\/1013\/revisions"}],"predecessor-version":[{"id":1446,"href":"https:\/\/www.reveeveille.net\/lamontagnetranquille\/wp-json\/wp\/v2\/posts\/1013\/revisions\/1446"}],"wp:featuredmedia":[{"embeddable":true,"href":"https:\/\/www.reveeveille.net\/lamontagnetranquille\/wp-json\/wp\/v2\/media\/1457"}],"wp:attachment":[{"href":"https:\/\/www.reveeveille.net\/lamontagnetranquille\/wp-json\/wp\/v2\/media?parent=1013"}],"wp:term":[{"taxonomy":"category","embeddable":true,"href":"https:\/\/www.reveeveille.net\/lamontagnetranquille\/wp-json\/wp\/v2\/categories?post=1013"},{"taxonomy":"post_tag","embeddable":true,"href":"https:\/\/www.reveeveille.net\/lamontagnetranquille\/wp-json\/wp\/v2\/tags?post=1013"}],"curies":[{"name":"wp","href":"https:\/\/api.w.org\/{rel}","templated":true}]}}