{"id":703,"date":"2024-10-24T17:02:35","date_gmt":"2024-10-24T15:02:35","guid":{"rendered":"http:\/\/www.reveeveille.net\/cevennevivante\/wordpress\/?p=703"},"modified":"2024-10-24T17:02:38","modified_gmt":"2024-10-24T15:02:38","slug":"laven-des-corneilles","status":"publish","type":"post","link":"https:\/\/www.reveeveille.net\/cevennevivante\/laven-des-corneilles\/","title":{"rendered":"L&rsquo;aven des Corneilles"},"content":{"rendered":"\n<p>Pourquoi visiter l&rsquo;aven des Corneilles, plut\u00f4t que l&rsquo;aven Armand, son illustre voisin ? La question n&rsquo;est pas anodine, car le grand fr\u00e8re Armand a de quoi s\u00e9duire avec ses stalagmites en choux-fleurs, son funiculaire absolument pratique, son d\u00e9couvreur illustre et pilier de la sp\u00e9l\u00e9ologie moderne, sa salle aux dimensions tr\u00e8s v\u00e9n\u00e9rables, ses touristes nombreux et \u00e9bahis&#8230; Je ne manque pas, au moins une fois par an, d&rsquo;aller faire la sortie traditionnelle \u00e0 l&rsquo;aven Armand avec quelques amis de passage&#8230; et j&rsquo;en reste toujours sans voix !<\/p>\n\n\n\n<p>Mais il faut \u00e9galement aller \u00e0 l&rsquo;aven des Corneilles, car il repr\u00e9sente justement le contraire parfait de l&rsquo;autre, et que les contraires se valorisent mutuellement. Pas d&rsquo;int\u00e9r\u00eat \u00e0 l&rsquo;aven Armand s&rsquo;il n&rsquo;existe, quelque part, un aven des Corneilles, et vice-versa. Tout ici sera sujet \u00e0 comparaison, \u00e0 mise en perspective de l&rsquo;autre site.<\/p>\n\n\n\n<figure class=\"wp-block-image\"><img decoding=\"async\" src=\"http:\/\/www.reveeveille.net\/photos\/2005\/0327_aven_corneilles\/20050327_aven_corneilles_draperies.jpg\" alt=\"\"\/><figcaption class=\"wp-element-caption\">Draperies dans les premiers m\u00e8tres<\/figcaption><\/figure>\n\n\n\n<p>Cherchez bien sur la carte IGN : vous n&rsquo;y trouverez aucun aven des Corneilles. Voil\u00e0 qui est \u00e9tonnant pour cette ample ouverture, forc\u00e9ment connue depuis toujours. Cinq cent m\u00e8tres au nord, un autre aven de m\u00eame taille s&rsquo;ouvre au bord de la route : il a lui trouv\u00e9 sa place sur la carte. L&rsquo;aven des Corneilles serait-il un endroit \u00e0 tenir secret ? Pour le trouver malgr\u00e9 tout, voici comment proc\u00e9der. Montez sur le causse M\u00e9jean, et rejoignez l&rsquo;a\u00e9rodrome de Chanet. Prenez plein nord, direction Fraissinet de Poujol. A 2 km, tournez \u00e0 gauche vers Vallongue, p\u00e9n\u00e9trez une \u00e9paisse plantation de r\u00e9sineux. Parcourez encore 1,5 km. A mi-chemin entre un virage \u00e0 droite bien marqu\u00e9 et la sortie de la for\u00eat, une \u00e9bauche de trace s&rsquo;amorce \u00e0 gauche et s&rsquo;enfonce dans l&rsquo;ombre des pins&#8230; Pas de parking, pas de drapeaux de diff\u00e9rents pays de la communaut\u00e9 europ\u00e9enne, pas de cars rang\u00e9s en \u00e9pis, pas un bruit. Seul le doute d&rsquo;\u00eatre bien \u00e0 l&rsquo;endroit qu&rsquo;il faut. Un petit cairn est parfois dress\u00e9 au bord de la route mais m\u00eame sur lui il ne faudra pas trop compter car r\u00e9guli\u00e8rement il dispara\u00eet myst\u00e9rieusement, \u00e9parpill\u00e9 par des esprits farceurs.<\/p>\n\n\n\n<p>La trace serpente sur une \u00e9paisse couche d&rsquo;aiguilles. De loin en loin, quelques maigres rayons de soleil parviennent \u00e0 percer le couvert v\u00e9g\u00e9tal \u00e9touffant et posent des taches de lumi\u00e8res sur le sol acide. Apr\u00e8s quelques minutes de marche silencieuse, l&rsquo;ambiance sonore se modifie subtilement : \u00e0 travers la cotonnade \u00e9touff\u00e9e du sous-bois pointe autre chose&#8230; une sorte d&rsquo;\u00e9cho, impr\u00e9cis et lointain&#8230; C&rsquo;est s\u00fbr, il y a \u00ab\u00a0quelque chose\u00a0\u00bb dans cette direction. Sous l&rsquo;effet de l&rsquo;excitation le pas s&rsquo;acc\u00e9l\u00e8re. Il semble&#8230; que droit devant, le couvert v\u00e9g\u00e9tal est moins sombre&#8230; Oui, c&rsquo;est bien \u00e7a : une clairi\u00e8re s&rsquo;ouvre un peu plus loin&#8230; C&rsquo;est en courant que l&rsquo;on fait irruption dans cet espace lumineux, centr\u00e9 autour d&rsquo;une bouche \u00e9norme et sombre, qui d\u00e9gage une aura de fra\u00eecheur dans la chaleur de l&rsquo;\u00e9t\u00e9 br\u00fblant. Au dessus de l&rsquo;entonnoir vertigineux, des oiseaux noirs tournent, plongent, surgissent&#8230; ce sont des corneilles, bien sur ! Les corneilles de l&rsquo;aven.<\/p>\n\n\n\n<div class=\"wp-block-group\"><div class=\"wp-block-group__inner-container is-layout-flow wp-block-group-is-layout-flow\">\n<div class=\"wp-block-columns is-layout-flex wp-container-core-columns-is-layout-9d6595d7 wp-block-columns-is-layout-flex\">\n<div class=\"wp-block-column is-layout-flow wp-block-column-is-layout-flow\"><div class=\"wp-block-image\">\n<figure class=\"aligncenter\"><img decoding=\"async\" src=\"http:\/\/www.reveeveille.net\/photos\/2012\/0704_aven_des_corneilles\/20120704_aven_des_corneilles_01.jpg\" alt=\"\"\/><figcaption class=\"wp-element-caption\">L&rsquo;entr\u00e9e, maintenant presque enti\u00e8rement dissimul\u00e9e par les arbres qui y ont pouss\u00e9.<\/figcaption><\/figure>\n<\/div><\/div>\n\n\n\n<div class=\"wp-block-column is-layout-flow wp-block-column-is-layout-flow\">\n<figure class=\"wp-block-image\"><img decoding=\"async\" src=\"http:\/\/www.reveeveille.net\/photos\/2005\/0327_aven_corneilles\/20050327_aven_corneilles_rampe_acces.jpg\" alt=\"\"\/><figcaption class=\"wp-element-caption\">Descente de la rampe d&rsquo;acc\u00e8s \u00e0 l&rsquo;aven des Corneilles<\/figcaption><\/figure>\n<\/div>\n<\/div>\n<\/div><\/div>\n\n\n\n<p>Apr\u00e8s un moment de saisissement, l&rsquo;observateur attentif d\u00e9tecte, sur la gauche, un versant moins raide. Il semble m\u00eame y avoir&#8230; un sentier, oui, un sentier qui serpente tranquillement vers l&rsquo;ab\u00eeme. Non, d\u00e9cid\u00e9ment, cet aven ne ressemble pas au fr\u00e8re Armand et \u00e0 tant d&rsquo;autres des environs : ici, pas de puits vertical n\u00e9cessitant cordes et mat\u00e9riel sp\u00e9cialis\u00e9. L&rsquo;aven des corneilles s&rsquo;ouvre <strong>en pente<\/strong>. Une pente certes raide (35 degr\u00e9s, peut-\u00eatre) mais, gr\u00e2ce \u00e0 ce sentier, praticable par des gens ordinaires.<\/p>\n\n\n\n<p>C&rsquo;est donc, ici comme l\u00e0-bas, par cette sorte de funiculaire rustique que l&rsquo;on p\u00e9n\u00e8tre dans l&rsquo;antre des corneilles.<\/p>\n\n\n\n<p>Luxe inou\u00ef pour une incursion sous terre, les premi\u00e8res dizaines de m\u00e8tres se parcourent en plein soleil. Tout doucement, on s&rsquo;approche d&rsquo;une lourde vo\u00fbte rocheuse \u00e0 laquelle un bloc rocheux effil\u00e9, tomb\u00e9 en travers de l&#8217;embouchure sombre, donne l&rsquo;allure d&rsquo;une gueule grima\u00e7ante, comme en dessinait Druillet, l&rsquo;auteur de BD de science-fiction. Finalement, on p\u00e9n\u00e8tre dans l&rsquo;obscurit\u00e9. La tache de ciel s&rsquo;\u00e9loigne peu \u00e0 peu. La faible lumi\u00e8re qui en provient encore n&rsquo;\u00e9claire bient\u00f4t plus que quelques asp\u00e9rit\u00e9s d\u00e9passant de la pente unie.<\/p>\n\n\n<div class=\"wp-block-image\">\n<figure class=\"aligncenter\"><img decoding=\"async\" src=\"http:\/\/www.reveeveille.net\/photos\/2012\/0704_aven_des_corneilles\/20120704_aven_des_corneilles_02.jpg\" alt=\"\"\/><figcaption class=\"wp-element-caption\">Lorsque l&rsquo;on s&rsquo;enfonce dans les profondeurs de la terre, un rond de lumi\u00e8re reste visible un moment<\/figcaption><\/figure>\n<\/div>\n\n\n<p>Soudain, on est en bas. Pas \u00ab\u00a0tout en bas\u00a0\u00bb, bien s\u00fbr. En bas de cette pente facile. Le sol s&rsquo;aplanit sur quelques m\u00e8tres, puis plonge \u00e0 la verticale. Ici commence le royaume du dessous, celui qui est r\u00e9serv\u00e9 aux sp\u00e9l\u00e9ologues, aux chauves souris, et aux phantasmes inavouables. Une corde,&nbsp;fix\u00e9e de loin en loin \u00e0 la paroi verticale, traverse l&rsquo;ab\u00eeme en suivant un cheminement a\u00e9rien de vires minuscules. Comme une invitation. Voil\u00e0 la diff\u00e9rence ultime entre les corneilles et Armand : au bas de la pente des Corneilles, aucun guide en livr\u00e9e rouge ne nous attend pour nous proposer une visite guid\u00e9e et s\u00e9curis\u00e9e. Dans la solitude obscure, chacun doit faire son choix.<\/p>\n\n\n\n<p>Descendre le puits est&nbsp;impossible sans \u00e9quipement sp\u00e9cial. Ne le regrettez pas, il m\u00e8ne vers un cul de sac. Il sera plus facile, bien que dangereux pour le non sp\u00e9cialise, de suivre la corde (ne vous y engagez pas sans mat\u00e9riel et savoir-faire adapt\u00e9). Elle m\u00e8ne \u00e0 une plateforme. Grattez-y quelques stalactites sonores au passage.<\/p>\n\n\n\n<iframe loading=\"lazy\" src=\"https:\/\/www.youtube.com\/embed\/thste5vENfI\" allow=\"accelerometer; autoplay; clipboard-write; encrypted-media; gyroscope; picture-in-picture\" allowfullscreen=\"\" width=\"100%\" height=\"315\" frameborder=\"0\"><\/iframe>\n\n\n\n<div class=\"wp-block-columns is-layout-flex wp-container-core-columns-is-layout-9d6595d7 wp-block-columns-is-layout-flex\">\n<div class=\"wp-block-column is-layout-flow wp-block-column-is-layout-flow\"><div class=\"wp-block-image\">\n<figure class=\"aligncenter\"><img decoding=\"async\" src=\"http:\/\/www.reveeveille.net\/photos\/2022\/0312_aven_des_corneilles\/20220312_aven_des_corneilles_02.jpg\" alt=\"\"\/><figcaption class=\"wp-element-caption\">Premi\u00e8re petite difficult\u00e9, la mont\u00e9e vers la galerie sup\u00e9rieure<\/figcaption><\/figure>\n<\/div><\/div>\n\n\n\n<div class=\"wp-block-column is-layout-flow wp-block-column-is-layout-flow\"><div class=\"wp-block-image\">\n<figure class=\"aligncenter\"><img decoding=\"async\" src=\"http:\/\/www.reveeveille.net\/photos\/2012\/0704_aven_des_corneilles\/20120704_aven_des_corneilles_03.jpg\" alt=\"\"\/><figcaption class=\"wp-element-caption\">Mais \u00e7a passe<\/figcaption><\/figure>\n<\/div><\/div>\n<\/div>\n\n\n<div class=\"wp-block-image\">\n<figure class=\"aligncenter\"><img decoding=\"async\" src=\"http:\/\/www.reveeveille.net\/photos\/2022\/0312_aven_des_corneilles\/20220312_aven_des_corneilles_04.jpg\" alt=\"\"\/><figcaption class=\"wp-element-caption\">Apr\u00e8s la corde, l&rsquo;\u00e9troiture<\/figcaption><\/figure>\n<\/div>\n\n\n<figure class=\"wp-block-image\"><img decoding=\"async\" src=\"http:\/\/www.reveeveille.net\/photos\/2024\/0426_aven_des_corneilles\/20240426_aven_des_corneilles_02.jpg\" alt=\"\"\/><\/figure>\n\n\n\n<p>Une courte \u00e9troiture donne acc\u00e8s \u00e0 une galerie plus ample, riche en belles concr\u00e9tions. Au del\u00e0, les choix se multiplient, menant vers des galeries de plus grande ampleur mais \u00e0 l&rsquo;acc\u00e8s l\u00e9g\u00e8rement techniques. Vous, moi, ferons souvent demi-tour \u00e0 cet endroit.<\/p>\n\n\n<div class=\"wp-block-image\">\n<figure class=\"aligncenter\"><img decoding=\"async\" src=\"http:\/\/www.reveeveille.net\/photos\/2012\/0704_aven_des_corneilles\/20120704_aven_des_corneilles_04.jpg\" alt=\"\"\/><figcaption class=\"wp-element-caption\">Les deux niveaux de la galerie sup\u00e9rieure<\/figcaption><\/figure>\n<\/div>\n\n<div class=\"wp-block-image\">\n<figure class=\"aligncenter\"><img decoding=\"async\" src=\"http:\/\/www.reveeveille.net\/photos\/2022\/0312_aven_des_corneilles\/20220312_aven_des_corneilles_03.jpg\" alt=\"\"\/><figcaption class=\"wp-element-caption\">Tout au fonds, un petit lac aux eaux claires<\/figcaption><\/figure>\n<\/div>\n\n<div class=\"wp-block-image\">\n<figure class=\"aligncenter\"><img decoding=\"async\" src=\"http:\/\/www.reveeveille.net\/photos\/2024\/0426_aven_des_corneilles\/20240426_aven_des_corneilles_08.jpg\" alt=\"\"\/><figcaption class=\"wp-element-caption\">Dans une petite salle cach\u00e9e, un gourg et des stalagmites<\/figcaption><\/figure>\n<\/div>\n\n\n<p>Lors de la remont\u00e9e, quelques m\u00e8tres avant d&rsquo;\u00e9merger \u00e0 nouveau de la vo\u00fbte rocheuse, une cavit\u00e9 secondaire attire le regard, dans un recoin sombre. J&rsquo;y p\u00e9n\u00e8tre et me voici dans une sorte de nid assez douillet et intime : elle forme comme une petite pi\u00e8ce ovale, de 3 ou 4 m\u00e8tres de long, haute de moins de 2 m\u00e8tres. Des <a href=\"https:\/\/www.reveeveille.net\/cevennevivante\/?p=700\" data-type=\"post\" data-id=\"700\">hommes ont v\u00e9cu l\u00e0<\/a>, il y a tr\u00e8s longtemps. A l&rsquo;inverse de ceux qui s&rsquo;installaient sous des porches ensoleill\u00e9s au pied des falaises orient\u00e9es au sud, ceux-ci ont choisi cette grotte-au-fond-d&rsquo;une-une-grotte. Choix sans doute judicieux pour passer l&rsquo;hiver : la temp\u00e9rature devait y \u00eatre d&rsquo;une remarquable stabilit\u00e9. Mais aux premi\u00e8res douceurs du printemps, ils devaient se h\u00e2ter de trouver un g\u00eete plus rieur.<\/p>\n\n\n<div class=\"wp-block-image\">\n<figure class=\"aligncenter\"><img decoding=\"async\" src=\"http:\/\/www.reveeveille.net\/photos\/2024\/0426_aven_des_corneilles\/20240426_aven_des_corneilles_07.jpg\" alt=\"\"\/><figcaption class=\"wp-element-caption\">On se prend momentan\u00e9ment pour des hommes pr\u00e9historiques<\/figcaption><\/figure>\n<\/div>\n\n<div class=\"wp-block-image\">\n<figure class=\"aligncenter\"><img decoding=\"async\" src=\"http:\/\/www.reveeveille.net\/photos\/1900\/0101_illustrations_cevennevivante\/19000101_illustrations_cevennevivante_14.jpg\" alt=\"\"\/><figcaption class=\"wp-element-caption\"> Le topo. Merci aux auteurs <\/figcaption><\/figure>\n<\/div>\n\n\n<p>Il&nbsp;se raconte que tout au fond de l&rsquo;aven, bien au del\u00e0 du puits, existe une salle d\u00e9cor\u00e9e. L&rsquo;homme de la grotte-dans-la-grotte est donc all\u00e9 jusque l\u00e0-bas ? Un jour, peut-\u00eatre, j&rsquo;irai et je saurais.<\/p>\n","protected":false},"excerpt":{"rendered":"<p>Pourquoi visiter l&rsquo;aven des Corneilles, plut\u00f4t que l&rsquo;aven Armand, son illustre voisin ? La question n&rsquo;est pas anodine, car le grand fr\u00e8re Armand a de quoi s\u00e9duire avec ses stalagmites&hellip; <\/p>\n","protected":false},"author":3,"featured_media":704,"comment_status":"open","ping_status":"open","sticky":false,"template":"","format":"standard","meta":{"_jetpack_memberships_contains_paid_content":false,"footnotes":"","jetpack_publicize_message":"","jetpack_publicize_feature_enabled":true,"jetpack_social_post_already_shared":false,"jetpack_social_options":{"image_generator_settings":{"template":"highway","default_image_id":0,"font":"","enabled":false},"version":2}},"categories":[12,17],"tags":[],"class_list":["post-703","post","type-post","status-publish","format-standard","has-post-thumbnail","hentry","category-causse-mejean","category-grotte"],"jetpack_publicize_connections":[],"jetpack_featured_media_url":"https:\/\/www.reveeveille.net\/cevennevivante\/wp-content\/uploads\/2021\/03\/20050327_aven_corneilles_rampe_acces.jpg","jetpack_sharing_enabled":true,"_links":{"self":[{"href":"https:\/\/www.reveeveille.net\/cevennevivante\/wp-json\/wp\/v2\/posts\/703","targetHints":{"allow":["GET"]}}],"collection":[{"href":"https:\/\/www.reveeveille.net\/cevennevivante\/wp-json\/wp\/v2\/posts"}],"about":[{"href":"https:\/\/www.reveeveille.net\/cevennevivante\/wp-json\/wp\/v2\/types\/post"}],"author":[{"embeddable":true,"href":"https:\/\/www.reveeveille.net\/cevennevivante\/wp-json\/wp\/v2\/users\/3"}],"replies":[{"embeddable":true,"href":"https:\/\/www.reveeveille.net\/cevennevivante\/wp-json\/wp\/v2\/comments?post=703"}],"version-history":[{"count":7,"href":"https:\/\/www.reveeveille.net\/cevennevivante\/wp-json\/wp\/v2\/posts\/703\/revisions"}],"predecessor-version":[{"id":3072,"href":"https:\/\/www.reveeveille.net\/cevennevivante\/wp-json\/wp\/v2\/posts\/703\/revisions\/3072"}],"wp:featuredmedia":[{"embeddable":true,"href":"https:\/\/www.reveeveille.net\/cevennevivante\/wp-json\/wp\/v2\/media\/704"}],"wp:attachment":[{"href":"https:\/\/www.reveeveille.net\/cevennevivante\/wp-json\/wp\/v2\/media?parent=703"}],"wp:term":[{"taxonomy":"category","embeddable":true,"href":"https:\/\/www.reveeveille.net\/cevennevivante\/wp-json\/wp\/v2\/categories?post=703"},{"taxonomy":"post_tag","embeddable":true,"href":"https:\/\/www.reveeveille.net\/cevennevivante\/wp-json\/wp\/v2\/tags?post=703"}],"curies":[{"name":"wp","href":"https:\/\/api.w.org\/{rel}","templated":true}]}}