{"id":673,"date":"2021-05-01T19:31:35","date_gmt":"2021-05-01T17:31:35","guid":{"rendered":"http:\/\/www.reveeveille.net\/cevennevivante\/wordpress\/?p=673"},"modified":"2021-05-01T19:31:40","modified_gmt":"2021-05-01T17:31:40","slug":"lenceinte-protohistorique-de-la-rode","status":"publish","type":"post","link":"https:\/\/www.reveeveille.net\/cevennevivante\/lenceinte-protohistorique-de-la-rode\/","title":{"rendered":"L&rsquo;enceinte protohistorique de la Rode"},"content":{"rendered":"\n<p>Au d\u00e9but de l&rsquo;\u00e2ge du fer, (VIII\u00e8me si\u00e8cle avant JC), un essor d\u00e9mographique pousse les \u00ab\u00a0celtes des tumulus\u00a0\u00bb \u00e0 s&rsquo;installer de mani\u00e8re permanente sur la totalit\u00e9 des grands causses. Ce sont d&rsquo;abord les rebords des plateaux qui se h\u00e9rissent de \u00ab\u00a0cap barr\u00e9s\u00a0\u00bb ou \u00ab\u00a0\u00e9perons barr\u00e9s\u00a0\u00bb, simples murs de pierre s\u00e8che barrant l&rsquo;acc\u00e8s \u00e0 un promontoire rocheux naturellement d\u00e9fendu sur au moins deux c\u00f4t\u00e9s.<\/p>\n\n\n\n<figure class=\"wp-block-image\"><img decoding=\"async\" src=\"http:\/\/www.reveeveille.net\/photos\/2007\/1027_enceinte_protohistorique_drigas\/20071027_enceinte_protohistorique_drigas_enceinte.jpg\" alt=\"\"\/><figcaption>Vue d&rsquo;ensemble de l&rsquo;enceinte de Drigas depuis l&rsquo;ouest<\/figcaption><\/figure>\n\n\n\n<p>Puis, \u00e0 partir du VI\u00e8me si\u00e8cle avant JC, des ouvrages d\u00e9fensifs plus \u00e9labor\u00e9s sont \u00e9difi\u00e9s sur les plateaux. Ils n\u00e9cessitent la construction d&rsquo;une muraille compl\u00e8tement ferm\u00e9e qui demande beaucoup plus de travail, mais permettent en revanche de choisir les sites d&rsquo;implantation en fonction de leurs diff\u00e9rentes qualit\u00e9 strat\u00e9giques ou logistiques. Ce sont les \u00ab\u00a0enceintes protohistoriques\u00a0\u00bb. Trois sont connues \u00e0 ce jour sur le Causse M\u00e9jean : le Tourel \u00e0 Mas Saint Ch\u00e9ly, le Mont Buisson, et la Rode \u00e0 Hures.<\/p>\n\n\n\n<p>L&rsquo;enceinte protohistorique de la Rode, situ\u00e9e sur la commune d&rsquo;Hures la Parade au milieu du Causse M\u00e9jean, indiff\u00e9remment appel\u00e9e enceinte de Drigas, de Hures ou du Buffre, est la plus belle des enceintes protohistoriques du Causse M\u00e9jean. Situ\u00e9e entre les hameaux du Buffre et de Drigas, elle occupe tout le sommet d&rsquo;une vaste colline de 1107 m d&rsquo;altitude du haut de laquelle la vue porte \u00e0 perte de vue dans toutes les directions, vers l&rsquo;Aubrac, le mont Loz\u00e8re, l&rsquo;Aigoual&#8230; Le choix du site est facilement compr\u00e9hensible ! Plusieurs autres raisons l&rsquo;expliquent : au col tout proche, \u00e0 quelques centaines de m\u00e8tres \u00e0 l&rsquo;ouest, passe une branche d&rsquo;une draille sans doute tr\u00e8s anciennement emprunt\u00e9e. Par ailleurs, une source existe au pied de la colline, en direction du Buffre.<\/p>\n\n\n\n<figure class=\"wp-block-image\"><img decoding=\"async\" src=\"http:\/\/www.reveeveille.net\/photos\/2007\/1027_enceinte_protohistorique_drigas\/20071027_enceinte_protohistorique_drigas_mur_virage.jpg\" alt=\"\"\/><figcaption>Une partie de l&rsquo;int\u00e9rieur de l&rsquo;enceinte de Drigas, c\u00f4t\u00e9 sud-est<\/figcaption><\/figure>\n\n\n\n<p>L&rsquo;enceinte date de l&rsquo;\u00e2ge du fer, plus exactement de la p\u00e9riode de la T\u00e8ne, probablement du VIe si\u00e8cle avant JC. A cette \u00e9poque, la for\u00eat caussenarde a d\u00e9j\u00e0 nettement r\u00e9gress\u00e9 sous l&rsquo;influence de la d\u00e9forestation humaine.<\/p>\n\n\n\n<p>Le rempart, de plan elliptique, mesure 150 m\u00e8tres sur 100. Il entoure totalement une surface de plus d&rsquo;un hectare, presque parfaitement plane, l\u00e9g\u00e8rement bomb\u00e9e en son centre.<\/p>\n\n\n\n<p>Le mur d&rsquo;origine \u00e9tait vertical et devait mesurer environ 4 m de haut. Il \u00e9tait construit en pierres s\u00e8ches selon une technique et avec des mat\u00e9riaux assez rudimentaires : deux parement sont mont\u00e9s par empilement de pierres ne pr\u00e9sentant pas de coh\u00e9rence de taille ni de forme. L&rsquo;espace entre les deux parement est ensuite rempli de pierres (un sondage en partie ouest du site permet d&rsquo;observer la structure d&rsquo;un parement).<\/p>\n\n\n\n<figure class=\"wp-block-image\"><img decoding=\"async\" src=\"http:\/\/www.reveeveille.net\/photos\/2007\/1027_enceinte_protohistorique_drigas\/20071027_enceinte_protohistorique_drigas_bourrelet.jpg\" alt=\"\"\/><figcaption>Le bourrelet t\u00e9moin du foss\u00e9 qui entourait l&rsquo;enceinte protohistorique de Drigas<\/figcaption><\/figure>\n\n\n\n<p>Ce style d&rsquo;appareillage, fragile, n&rsquo;a pas r\u00e9sist\u00e9 au temps. Les pierres issues des effondrements successifs du sommet du mur ont progressivement noy\u00e9 la base dans un c\u00f4ne d&rsquo;\u00e9boulis qui a ensuite prot\u00e9g\u00e9 ce qui restait des parements. L&rsquo;actuel talus d&rsquo;\u00e9boulis fait plus de 2 m de haut, et jusqu&rsquo;\u00e0 8 m\u00e8tres de large !<\/p>\n\n\n\n<p>Un foss\u00e9 entourait le mur pour en renforcer l&rsquo;efficacit\u00e9. Il est encore visible en de nombreux endroits du site (notamment au nord ouest), sous la forme d&rsquo;un bourrelet de terre qui court \u00e0 2 ou 3 m\u00e8tres de la base de la muraille.<\/p>\n\n\n\n<figure class=\"wp-block-image\"><img decoding=\"async\" src=\"http:\/\/www.reveeveille.net\/photos\/2007\/1027_enceinte_protohistorique_drigas\/20071027_enceinte_protohistorique_drigas_parement_degage.jpg\" alt=\"\"\/><figcaption>Le parement interne de l\u2019enceinte de Drigas d\u00e9gag\u00e9 par la fouille sur quelques m\u00e8tres<\/figcaption><\/figure>\n\n\n\n<p>Deux portes encore nettement visibles s&rsquo;ouvrent dans la muraille :<\/p>\n\n\n\n<ul class=\"wp-block-list\"><li>la principale, au sud-ouest, mat\u00e9rialis\u00e9e par un point bas dans le talus d&rsquo;\u00e9boulis (photo), et la trace nettement visible d&rsquo;un chemin qui part en direction du col<\/li><li>une autre, tr\u00e8s \u00e9troite, vers le nord.<\/li><\/ul>\n\n\n\n<p>Des maisons d&rsquo;habitation de forme rectangulaire \u00e9taient \u00e9tablies \u00e0 m\u00eame le rocher et s&rsquo;appuyaient contre la muraille, c\u00f4t\u00e9 int\u00e9rieur. Des sondages ont permis de d\u00e9couvrir une structure d&rsquo;habitats avec un foyer constitu\u00e9 d&rsquo;une surface d&rsquo;argile dam\u00e9e, de la c\u00e9ramique, des reliefs de repas, dont une quantit\u00e9 impressionnante de restes de cheval. Le mobilier qui y a \u00e9t\u00e9 recueilli est caract\u00e9ristique de la fin du Premier Age du Fer et de l&rsquo;\u00e9poque de la T\u00e8ne. L&rsquo;occupation du site serait continue du VIe au 1er si\u00e8cle avant JC, mais s&rsquo;est probablement prolong\u00e9e durant la p\u00e9riode gallo-romaine car une monnaie romaine du III\u00e8me si\u00e8cle y a \u00e9t\u00e9 d\u00e9couverte (signal\u00e9e par Martel).<\/p>\n\n\n\n<p>La partie centrale de l&rsquo;enceinte est rest\u00e9e libre de constructions, probablement pour accueillir les troupeaux. Les clapas qui l&rsquo;occupent aujourd&rsquo;hui sont probablement de facture plus r\u00e9cente.<\/p>\n\n\n\n<p>Au sud-ouest de cette enceinte, un groupe de tumuli constituait probablement l&rsquo;une des zones d&rsquo;inhumation des personnes vivant l\u00e0. En principe, les inhumations se faisaient toujours \u00e0 l&rsquo;ext\u00e9rieur des enceintes.<\/p>\n\n\n\n<p>Aujourd&rsquo;hui, le site est libre d&rsquo;acc\u00e8s, peu de gens prennent la peine d&rsquo;y aller car il faut marcher environ une demi-heure, mais la balade vaut vraiment le d\u00e9tour. Le lieu a une force d&rsquo;\u00e9vocation historique, mais aussi po\u00e9tique impressionnante, comme en t\u00e9moignent les tr\u00e8s nombreux cairns et jeux de pierre que l&rsquo;on peut voir en de nombreux endroits du site&#8230; des fl\u00e2neurs se sont fait plaisir \u00e0 laisser libre cours \u00e0 leur imagination. Les arch\u00e9ologues ne verraient sans doute pas d&rsquo;un bon \u0153il ce m\u00e9lange des genres et des pierres, mais bon&#8230; c&rsquo;est peut-\u00eatre pour ce site une mani\u00e8re pas plus moche qu&rsquo;une autre de ne pas tomber dans l&rsquo;oubli.<\/p>\n\n\n\n<figure class=\"wp-block-image\"><img decoding=\"async\" src=\"http:\/\/www.reveeveille.net\/photos\/2007\/1027_enceinte_protohistorique_drigas\/20071027_enceinte_protohistorique_drigas_cairns_sur_mur.jpg\" alt=\"\"\/><figcaption>Des cairns comme s&rsquo;il en poussait sur la muraille de l&rsquo;enceinte protohistorique de la Rode<\/figcaption><\/figure>\n\n\n\n<p>&#8212;&#8212;&#8212;&#8211;<\/p>\n\n\n\n<p>Bibliographie :<\/p>\n\n\n\n<p>H. Gallet de Santerre, dans Gallia, 24, 2, 1966, p. 483;<\/p>\n\n\n\n<p>G. Barruol, dans Gallia, 27, 2, 1969, p. 415.<\/p>\n\n\n\n<p>A Martel, Les Causses majeurs, 1936, p. 161<\/p>\n","protected":false},"excerpt":{"rendered":"<p>Au d\u00e9but de l&rsquo;\u00e2ge du fer, (VIII\u00e8me si\u00e8cle avant JC), un essor d\u00e9mographique pousse les \u00ab\u00a0celtes des tumulus\u00a0\u00bb \u00e0 s&rsquo;installer de mani\u00e8re permanente sur la totalit\u00e9 des grands causses. Ce&hellip; <\/p>\n","protected":false},"author":3,"featured_media":674,"comment_status":"open","ping_status":"open","sticky":false,"template":"","format":"standard","meta":{"_jetpack_memberships_contains_paid_content":false,"footnotes":"","jetpack_publicize_message":"","jetpack_publicize_feature_enabled":true,"jetpack_social_post_already_shared":false,"jetpack_social_options":{"image_generator_settings":{"template":"highway","default_image_id":0,"font":"","enabled":false},"version":2}},"categories":[38,6,12],"tags":[],"class_list":["post-673","post","type-post","status-publish","format-standard","has-post-thumbnail","hentry","category-archeologie","category-balades","category-causse-mejean"],"jetpack_publicize_connections":[],"jetpack_featured_media_url":"https:\/\/www.reveeveille.net\/cevennevivante\/wp-content\/uploads\/2021\/03\/20071027_enceinte_protohistorique_drigas_mur_virage.jpg","jetpack_sharing_enabled":true,"_links":{"self":[{"href":"https:\/\/www.reveeveille.net\/cevennevivante\/wp-json\/wp\/v2\/posts\/673","targetHints":{"allow":["GET"]}}],"collection":[{"href":"https:\/\/www.reveeveille.net\/cevennevivante\/wp-json\/wp\/v2\/posts"}],"about":[{"href":"https:\/\/www.reveeveille.net\/cevennevivante\/wp-json\/wp\/v2\/types\/post"}],"author":[{"embeddable":true,"href":"https:\/\/www.reveeveille.net\/cevennevivante\/wp-json\/wp\/v2\/users\/3"}],"replies":[{"embeddable":true,"href":"https:\/\/www.reveeveille.net\/cevennevivante\/wp-json\/wp\/v2\/comments?post=673"}],"version-history":[{"count":2,"href":"https:\/\/www.reveeveille.net\/cevennevivante\/wp-json\/wp\/v2\/posts\/673\/revisions"}],"predecessor-version":[{"id":1060,"href":"https:\/\/www.reveeveille.net\/cevennevivante\/wp-json\/wp\/v2\/posts\/673\/revisions\/1060"}],"wp:featuredmedia":[{"embeddable":true,"href":"https:\/\/www.reveeveille.net\/cevennevivante\/wp-json\/wp\/v2\/media\/674"}],"wp:attachment":[{"href":"https:\/\/www.reveeveille.net\/cevennevivante\/wp-json\/wp\/v2\/media?parent=673"}],"wp:term":[{"taxonomy":"category","embeddable":true,"href":"https:\/\/www.reveeveille.net\/cevennevivante\/wp-json\/wp\/v2\/categories?post=673"},{"taxonomy":"post_tag","embeddable":true,"href":"https:\/\/www.reveeveille.net\/cevennevivante\/wp-json\/wp\/v2\/tags?post=673"}],"curies":[{"name":"wp","href":"https:\/\/api.w.org\/{rel}","templated":true}]}}