{"id":547,"date":"2022-11-28T10:40:22","date_gmt":"2022-11-28T09:40:22","guid":{"rendered":"http:\/\/www.reveeveille.net\/cevennevivante\/wordpress\/?p=547"},"modified":"2022-11-29T19:19:34","modified_gmt":"2022-11-29T18:19:34","slug":"noms-et-prenoms-en-cevennes","status":"publish","type":"post","link":"https:\/\/www.reveeveille.net\/cevennevivante\/noms-et-prenoms-en-cevennes\/","title":{"rendered":"Noms et pr\u00e9noms en C\u00e9vennes"},"content":{"rendered":"\n<p>Les c\u00e9venols de souche, de par leur appartenance \u00e0 des familles locales, ont cette chance de porter des noms connus. Il y a les Atger, les Roumejon, les Meynadier, les Agulhon&#8230; Ces patronymes, qui signent sans ambigu\u00eft\u00e9 leur origine, leur conf\u00e8rent une certaine noblesse : leurs anc\u00eatres parcouraient d\u00e9j\u00e0 ces terres il y a cent ou mille ans, ils en ont v\u00e9cu les grands \u00e9v\u00e9nements historiques, et particip\u00e9 \u00e0 en \u00e9crire la l\u00e9gende. A chaque famille son a\u00efeul chef camisard ou son r\u00e9sistant du m\u00eame nom. Le nom fait la racine.<\/p>\n\n\n\n<p>Mais les patronymes c\u00e9venols sont somme toute assez peu nombreux, et les familles, tentaculaires. Avec le temps, il y eut des d\u00e9placements, des mariages&#8230; Les noms de famille, sans doute \u00e0 l&rsquo;origine circonscrit \u00e0 un unique \u00ab\u00a0quartier\u00a0\u00bb, ont essaim\u00e9 dans les vall\u00e9es, du Pont de Montvert \u00e0 Sainte Croix vall\u00e9e Fran\u00e7aise et plus loin, jusqu&rsquo;au sommet du Mont-Loz\u00e8re ou \u00e0 l&rsquo;autre bout du causse M\u00e9jean. Les Rouquette et Bancilhon ont maintenant des repr\u00e9sentants un peu partout, \u00e0 tel point qu&rsquo;il n&rsquo;est pas toujours facile de s&rsquo;y retrouver :<\/p>\n\n\n\n<p>&#8211; Monsieur Poujol ? Bien s\u00fbr que je le connais : il a \u00e9pous\u00e9 la fille Chapelle&#8230;<\/p>\n\n\n\n<p>&#8211; Ah non, lui c&rsquo;est son cousin issu de germain. Celui dont je te parle, il est pl\u00e2trier \u00e0 Fraissinet, et il est mari\u00e9 avec Lucette Chaptal, la soeur de Louise Jouve, tu vois ?<\/p>\n\n\n\n<p>&#8211; Ah tiens, je ne le connais pas, celui-l\u00e0 ! A mon avis c&rsquo;est une autre branche, rien \u00e0 voir !<\/p>\n\n\n\n<p>Pour faciliter l&rsquo;identification, on emploie parfois des surnoms&#8230; mais des surnoms&#8230; de noms de famille ! L&rsquo;une des branches de la famille Roum\u00e9jon a \u00e9t\u00e9 surnomm\u00e9e, allez savoir pourquoi, \u00ab\u00a0Grel\u00a0\u00bb (\u00ab\u00a0le germe\u00a0\u00bb, en occitan). Efficace&#8230; sauf quand, comme par hasard, une autre famille porte vraiment le nom \u00ab\u00a0Grel\u00a0\u00bb&#8230; rien n&rsquo;est parfait !<\/p>\n\n\n\n<p>Les liens de parent\u00e9 entre personnes de m\u00eame nom ont parfois \u00e9t\u00e9 oubli\u00e9s : il n&rsquo;est pas rare que deux Pantel ou deux Genoyer, voisins, ne se sachent pas cousins, m\u00eame lointains&#8230;<\/p>\n\n\n\n<p>Chez les n\u00e9o ruraux, la question de l&rsquo;appellation se joue tr\u00e8s diff\u00e9remment. Originaires de tout la France voire de plus loin, ils portent des noms aux sonorit\u00e9s disparates, sans ancrage dans ce pays. Lorsque l&rsquo;on n&rsquo;est pas c\u00e9venol d&rsquo;origine, il est inutile de donner son nom : personne n&rsquo;\u00e9coute, personne ne retient. Lors des pr\u00e9sentations, on ne donne que son pr\u00e9nom. Ca a un petit c\u00f4t\u00e9 cool, sympa, certes. Mais un pr\u00e9nom, c&rsquo;est insuffisant pour identifier quelqu&rsquo;un avec certitude : il y a beaucoup de doublons. Comment d\u00e8s lors diff\u00e9rencier Vincent de Vincent ?<\/p>\n\n\n\n<p>Les couples sont avantag\u00e9s. Accoler deux pr\u00e9noms r\u00e9duit la probabilit\u00e9 d&rsquo;homonymie. \u00ab\u00a0Yann et Julie\u00a0\u00bb, \u00ab\u00a0Steph et Nadia\u00a0\u00bb, \u00ab\u00a0Laurent et Natoche\u00a0\u00bb constituent des entit\u00e9s solidement identifiables. Pour \u00e9voquer Martine sans risque d&rsquo;erreur il suffit alors de l&rsquo;appeler \u00ab\u00a0Martine de Riton\u00a0\u00bb (ou \u00ab\u00a0La Martine au Riton\u00a0\u00bb), et le tour est jou\u00e9. Le pr\u00e9nom du conjoint joue ici un r\u00f4le de nom de famille, et tout est invers\u00e9 en miroir pour l&rsquo;autre membre du couple. La technique est efficace&#8230; mais pas sans risque. Les couples se d\u00e9font parfois et les habitudes ont la vie dure. Jean-Mi restera longtemps \u00ab\u00a0Jean-Mi de V\u00e9ro\u00a0\u00bb, bien apr\u00e8s la fin de leur vie commune. Et puis, le hasard aime s&rsquo;amuser : il existera parfois plusieurs \u00ab\u00a0Steph et Nadia\u00a0\u00bb, il faudra alors trouver un syst\u00e8me plus performant.<\/p>\n\n\n\n<p>On peut accoler au pr\u00e9nom un renseignement suppl\u00e9mentaire, une information suffisamment pr\u00e9cise pour \u00e9viter toute confusion. Il peut s&rsquo;agir du lieu dans lequel vit la personne concern\u00e9e, comme pour \u00ab\u00a0Franck du Cr\u00e9mat\u00a0\u00bb, ou \u00ab\u00a0Jean-Christophe de la Borie\u00a0\u00bb. Les C\u00e9vennes sont ainsi peupl\u00e9es de jeunes nobles qui s&rsquo;ignorent. Mais le syst\u00e8me pr\u00e9sente lui aussi ses inconv\u00e9nients : un d\u00e9m\u00e9nagement rebaptisera automatiquement \u00ab\u00a0Marie des Vanels\u00a0\u00bb en \u00ab\u00a0Marie de la Vern\u00e8de\u00a0\u00bb et ceux qui n&rsquo;auront pas eu l&rsquo;information seront perdus.<\/p>\n\n\n\n<p>Le m\u00e9tier de la personne concern\u00e9e peut \u00e9galement \u00eatre utilis\u00e9 comme information utile, ce qui donne des r\u00e9sultats aux consonances plus ou moins po\u00e9tiques selon le cas : entre \u00ab\u00a0Am\u00e9lie des Jardins\u00a0\u00bb et \u00ab\u00a0Yvette fromage\u00a0\u00bb, je sais comment je pr\u00e9f\u00e8rerai que l&rsquo;on m&rsquo;appelle !<\/p>\n\n\n\n<p>Et puis, bien s\u00fbr, la m\u00e9thode du surnom est employ\u00e9e, comme pour les c\u00e9venols de souche, \u00e0 la diff\u00e9rence qu&rsquo;ils portent sur les pr\u00e9noms. Les C\u00e9vennes regorgent de Coco, zap, p&rsquo;tit Steph et grand Steph.<\/p>\n\n\n\n<p>Ces moyens d&rsquo;identification artisanaux et inventifs peuvent malgr\u00e9 tout se r\u00e9v\u00e9ler insuffisants dans des circonstances plus administratives. Comment passer un coup de fil \u00e0 \u00ab\u00a0Marie de Saint-Laurent\u00a0\u00bb alors que vous ne connaissez ni son nom ni son num\u00e9ro de t\u00e9l\u00e9phone ? Les annuaires internet ne citent ni les surnoms, ni le pr\u00e9nom des conjoints ! Si comme moi vous gardez pr\u00e9cieusement un exemplaire poussi\u00e9reux du dernier annuaire papier (2019), celui-ci vous sera d&rsquo;un grand secours. La m\u00e9thode est la suivante :<\/p>\n\n\n\n<ul class=\"wp-block-list\">\n<li>ouvrez l&rsquo;annuaire \u00e0 la page de la commune dans laquelle vit Marie<\/li>\n\n\n\n<li>parcourez l&rsquo;ensemble des abonn\u00e9s de la commune. Ce sera vite fait : dans ce d\u00e9partement qui ne compte que 70.000 habitants, il y aura rarement plus d&rsquo;une cinquantaine de noms (l&rsquo;annuaire mesure 1,5 cm d&rsquo;\u00e9paisseur, pages jaunes comprises !)<\/li>\n\n\n\n<li>ignorez royalement les noms de famille, concentrez vous sur les pr\u00e9noms<\/li>\n\n\n\n<li>lorsque vous tombez sur le pr\u00e9nom \u00ab\u00a0Marie\u00a0\u00bb, v\u00e9rifiez juste que le hameau est le bon, pour le cas o\u00f9 la commune abriterait deux personnes du m\u00eame pr\u00e9nom<\/li>\n<\/ul>\n\n\n\n<p>En quelques secondes, vous obtiendrez satisfaction. Et vous vous exclamerez alors :<\/p>\n\n\n\n<p>\u00ab\u00a0Ah ! Marie, la voil\u00e0, \u00e0 Ferreyrette ! Tiens&#8230; quel dr\u00f4le de nom !\u00a0\u00bb<\/p>\n","protected":false},"excerpt":{"rendered":"<p>Les c\u00e9venols de souche, de par leur appartenance \u00e0 des familles locales, ont cette chance de porter des noms connus. Il y a les Atger, les Roumejon, les Meynadier, les&hellip; <\/p>\n","protected":false},"author":3,"featured_media":548,"comment_status":"open","ping_status":"open","sticky":false,"template":"","format":"standard","meta":{"_jetpack_memberships_contains_paid_content":false,"footnotes":"","jetpack_publicize_message":"","jetpack_publicize_feature_enabled":true,"jetpack_social_post_already_shared":true,"jetpack_social_options":{"image_generator_settings":{"template":"highway","default_image_id":0,"font":"","enabled":false},"version":2}},"categories":[30],"tags":[],"class_list":["post-547","post","type-post","status-publish","format-standard","has-post-thumbnail","hentry","category-lesprit-des-lieux"],"jetpack_publicize_connections":[],"jetpack_featured_media_url":"https:\/\/www.reveeveille.net\/cevennevivante\/wp-content\/uploads\/2021\/02\/Sur-la-crete-scaled.jpg","jetpack_sharing_enabled":true,"_links":{"self":[{"href":"https:\/\/www.reveeveille.net\/cevennevivante\/wp-json\/wp\/v2\/posts\/547","targetHints":{"allow":["GET"]}}],"collection":[{"href":"https:\/\/www.reveeveille.net\/cevennevivante\/wp-json\/wp\/v2\/posts"}],"about":[{"href":"https:\/\/www.reveeveille.net\/cevennevivante\/wp-json\/wp\/v2\/types\/post"}],"author":[{"embeddable":true,"href":"https:\/\/www.reveeveille.net\/cevennevivante\/wp-json\/wp\/v2\/users\/3"}],"replies":[{"embeddable":true,"href":"https:\/\/www.reveeveille.net\/cevennevivante\/wp-json\/wp\/v2\/comments?post=547"}],"version-history":[{"count":10,"href":"https:\/\/www.reveeveille.net\/cevennevivante\/wp-json\/wp\/v2\/posts\/547\/revisions"}],"predecessor-version":[{"id":2159,"href":"https:\/\/www.reveeveille.net\/cevennevivante\/wp-json\/wp\/v2\/posts\/547\/revisions\/2159"}],"wp:featuredmedia":[{"embeddable":true,"href":"https:\/\/www.reveeveille.net\/cevennevivante\/wp-json\/wp\/v2\/media\/548"}],"wp:attachment":[{"href":"https:\/\/www.reveeveille.net\/cevennevivante\/wp-json\/wp\/v2\/media?parent=547"}],"wp:term":[{"taxonomy":"category","embeddable":true,"href":"https:\/\/www.reveeveille.net\/cevennevivante\/wp-json\/wp\/v2\/categories?post=547"},{"taxonomy":"post_tag","embeddable":true,"href":"https:\/\/www.reveeveille.net\/cevennevivante\/wp-json\/wp\/v2\/tags?post=547"}],"curies":[{"name":"wp","href":"https:\/\/api.w.org\/{rel}","templated":true}]}}