{"id":362,"date":"2026-04-03T10:20:42","date_gmt":"2026-04-03T08:20:42","guid":{"rendered":"http:\/\/www.reveeveille.net\/cevennevivante\/wordpress\/?p=362"},"modified":"2026-04-03T10:20:47","modified_gmt":"2026-04-03T08:20:47","slug":"malaval-la-mauvaise-vallee","status":"publish","type":"post","link":"https:\/\/www.reveeveille.net\/cevennevivante\/malaval-la-mauvaise-vallee\/","title":{"rendered":"Malaval, la mauvaise vall\u00e9e"},"content":{"rendered":"\n<p>Malaval, la mauvaise vall\u00e9e&#8230; Malbosc : la mauvaise for\u00eat&#8230; Malapertus : le mauvais passage&#8230; Qu&rsquo;a donc fait ce vallon au bon dieu pour m\u00e9riter de telles appellations. Certes, l&rsquo;endroit est truff\u00e9 d&rsquo;\u00e9tranget\u00e9s. Mais elles m&rsquo;ont plut\u00f4t sembl\u00e9 \u00e9mettre de bonnes vibrations, et de cette randonn\u00e9e en boucle on revient charg\u00e9s d&rsquo;images merveilleuses.<\/p>\n\n\n<div class=\"wp-block-image\">\n<figure class=\"aligncenter\"><img decoding=\"async\" src=\"http:\/\/www.reveeveille.net\/photos\/2023\/0830_descente_mont_lozere_velo\/20230830_descente_mont_lozere_velo_10.jpg\" alt=\"\"\/><figcaption class=\"wp-element-caption\">Tout le vallon en enfilade, depuis le sud, surmont\u00e9 des \u00ab\u00a0puechs\u00a0\u00bb<\/figcaption><\/figure>\n<\/div>\n\n<div class=\"wp-block-image\">\n<figure class=\"aligncenter\"><img decoding=\"async\" src=\"http:\/\/www.reveeveille.net\/photos\/2005\/0110_boucle_malaval\/20050110_boucle_malaval_moutons_autour_arbre.jpg\" alt=\"\"\/><figcaption class=\"wp-element-caption\">Les moutons autour de l&rsquo;arbre<\/figcaption><\/figure>\n<\/div>\n\n\n<p>Dans les pentes au dessus du Chadenet, on domine comme en avion les vastes prairies rases d&rsquo;\u00eatre brout\u00e9es sans cesse. Les moutons ont fait la ronde autour de l&rsquo;arbre, tous tourn\u00e9s dans la m\u00eame direction.<\/p>\n\n\n<div class=\"wp-block-image\">\n<figure class=\"aligncenter\"><img decoding=\"async\" src=\"http:\/\/www.reveeveille.net\/photos\/2005\/0110_boucle_malaval\/20050110_boucle_malaval_mines_baryte.jpg\" alt=\"\"\/><figcaption class=\"wp-element-caption\">Les mines de baryte du vallon de Malaval<\/figcaption><\/figure>\n<\/div>\n\n<div class=\"wp-block-image\">\n<figure class=\"aligncenter\"><img decoding=\"async\" src=\"http:\/\/www.reveeveille.net\/photos\/2024\/1226_tour_de_malaval\/20241226_tour_de_malaval_06.jpg\" alt=\"\"\/><figcaption class=\"wp-element-caption\">En montant vers l&rsquo;eschino-d&rsquo;aze<\/figcaption><\/figure>\n<\/div>\n\n<div class=\"wp-block-image\">\n<figure class=\"aligncenter\"><img decoding=\"async\" src=\"http:\/\/www.reveeveille.net\/photos\/2024\/1226_tour_de_malaval\/20241226_tour_de_malaval_07.jpg\" alt=\"\"\/><figcaption class=\"wp-element-caption\">Ambiance de far-west<\/figcaption><\/figure>\n<\/div>\n\n<div class=\"wp-block-image\">\n<figure class=\"aligncenter\"><img decoding=\"async\" src=\"http:\/\/www.reveeveille.net\/photos\/2024\/1226_tour_de_malaval\/20241226_tour_de_malaval_08.jpg\" alt=\"\"\/><figcaption class=\"wp-element-caption\">Les premiers m\u00e8tres de l&rsquo;ar\u00eate sont tr\u00e8s raides, mais il ne faut pas se laisser impressionner, la suite sera plus facile.<\/figcaption><\/figure>\n<\/div>\n\n\n<p>Lorsqu&rsquo;on s&rsquo;engage sur l&rsquo;Eschino d&rsquo;Aze, la vue se d\u00e9gage \u00e0 une distance stup\u00e9fiante. A peine plus \u00e9lev\u00e9s que le causse, on semble pourtant le dominer et le regard porte jusqu&rsquo;au Mont Aigoual.<\/p>\n\n\n\n<figure class=\"wp-block-image\"><img decoding=\"async\" src=\"http:\/\/www.reveeveille.net\/photos\/2005\/0110_boucle_malaval\/20050110_boucle_malaval_sommet_eschino_aze.jpg\" alt=\"\"\/><\/figure>\n\n\n\n<p>Sur le chemin, nous croisons une \u00e9trange cavit\u00e9 ma\u00e7onn\u00e9e en pierre s\u00e8che, dans laquelle subsiste une plaque de neige prot\u00e9g\u00e9e de la duret\u00e9 des rayons du soleil. Renseignement pris au retour, il s&rsquo;agirait d&rsquo;un \u00ab\u00a0pi\u00e8ge \u00e0 loups\u00a0\u00bb. J&rsquo;ai des doutes&#8230; mais il est si bon d&rsquo;avoir un folklore local que j&rsquo;accepte l&rsquo;explication avec bonne volont\u00e9.<\/p>\n\n\n<div class=\"wp-block-image\">\n<figure class=\"aligncenter\"><img decoding=\"async\" src=\"http:\/\/www.reveeveille.net\/photos\/2005\/0110_boucle_malaval\/20050110_boucle_malaval_piege_a_loups.jpg\" alt=\"\"\/><figcaption class=\"wp-element-caption\">Le pi\u00e8ge \u00e0 loups de l&rsquo;Eschino-d&rsquo;Aze<\/figcaption><\/figure>\n<\/div>\n\n\n<figure class=\"wp-block-image\"><img decoding=\"async\" src=\"http:\/\/www.reveeveille.net\/photos\/2024\/1226_tour_de_malaval\/20241226_tour_de_malaval_13.jpg\" alt=\"\"\/><\/figure>\n\n\n\n<p>Au point le plus haut de l\u2019Eschino-d\u2019Aze, on d\u00e9bouche sur de vastes prairies, que la topographie du lieu ne laissait pas pr\u00e9voir. Les hommes de la protohistoire y ont d\u00e9tect\u00e9 le site parfait pour y construire une <a href=\"https:\/\/www.reveeveille.net\/candelhospitalet\/?p=2264\">enceinte protohistorique<\/a>. Un peu plus au sud, dans la partie plus \u00e9troite, sans structure d&rsquo;habitat visible, ont \u00e9t\u00e9 trouv\u00e9s quantit\u00e9s de tessons, de morceaux d&rsquo;amphores, de fragments de meules, qui viennent probablement d&rsquo;un site d\u00e9fensif plus r\u00e9cent, probablement de la fin de l&rsquo;\u00e2ge du fer, destin\u00e9 \u00e0 surveiller le passage de la draille (avant l&rsquo;histoire, p. 51).<\/p>\n\n\n\n<p>La descente de l&rsquo;eschino d&rsquo;aze se fait par un sentier peu marqu\u00e9 sur l&rsquo;ar\u00eate nord. Ambiance aust\u00e8re, raide et vaguement mena\u00e7ante, mais sans risque si vous faites attention \u00e0 l&rsquo;itin\u00e9raire. Une fois en bas, on peut choisir de monter sur l&rsquo;un ou l&rsquo;autre des <a href=\"https:\/\/www.reveeveille.net\/cevennevivante\/allegre-et-mariette-ou-les-puechs-des-bondons\/\" data-type=\"post\" data-id=\"1322\">puechs des Bondons<\/a>, ou les deux, au choix.<\/p>\n\n\n<div class=\"wp-block-image\">\n<figure class=\"aligncenter\"><img decoding=\"async\" src=\"http:\/\/www.reveeveille.net\/photos\/2024\/1226_tour_de_malaval\/20241226_tour_de_malaval_01.jpg\" alt=\"\"\/><figcaption class=\"wp-element-caption\">Arriv\u00e9e au sommet du premier puech<\/figcaption><\/figure>\n<\/div>\n\n<div class=\"wp-block-image\">\n<figure class=\"aligncenter\"><img decoding=\"async\" src=\"http:\/\/www.reveeveille.net\/photos\/2024\/1226_tour_de_malaval\/20241226_tour_de_malaval_12.jpg\" alt=\"\"\/><figcaption class=\"wp-element-caption\">L&rsquo;ombre du sommet se projette sur la plaine lointaine<\/figcaption><\/figure>\n<\/div>\n\n\n<p>Si vous \u00eates fatigu\u00e9.e, vous pouvez aussi passer au pied des puech sans les escalader.<\/p>\n\n\n<div class=\"wp-block-image\">\n<figure class=\"aligncenter\"><img decoding=\"async\" src=\"http:\/\/www.reveeveille.net\/photos\/2005\/0110_boucle_malaval\/20050110_boucle_malaval_silhouette_sur_base_puech.jpg\" alt=\"\"\/><figcaption class=\"wp-element-caption\">En passant au pied du puech \u00ab\u00a0All\u00e8gre\u00a0\u00bb<\/figcaption><\/figure>\n<\/div>\n\n<div class=\"wp-block-image\">\n<figure class=\"aligncenter\"><img decoding=\"async\" src=\"http:\/\/www.reveeveille.net\/photos\/2005\/0110_boucle_malaval\/20050110_boucle_malaval_pano_2_puech_jasse_corrige.jpg\" alt=\"\"\/><figcaption class=\"wp-element-caption\">Une photo classique mais qui fait toujours son petit effet : la jasse au pied du puech \u00ab\u00a0All\u00e8gre\u00a0\u00bb<\/figcaption><\/figure>\n<\/div>\n\n\n<p>Pour une descente facile suivez la piste qui vous ram\u00e8nera \u00e0 Malbosc sans difficult\u00e9. Mais bien s\u00fbr, je vous sugg\u00e8re la descente hors sentier dans les pentes raides au sud d\u2019All\u00e8gre\u2026 voil\u00e0 enfin l&rsquo;entr\u00e9e de la <a href=\"https:\/\/www.reveeveille.net\/cevennevivante\/?p=1319\" data-type=\"post\" data-id=\"1319\">grotte de Malaval<\/a>. C&rsquo;est peut-\u00eatre ici que l&rsquo;impression de \u00ab\u00a0quelque chose\u00a0\u00bb de mauvais peut momentan\u00e9ment se r\u00e9veiller. La vall\u00e9e est encaiss\u00e9e, sombre. L&rsquo;ouverture de l&rsquo;aven est tortueuse, et peut para\u00eetre inqui\u00e9tante. Probablement l&rsquo;une des explications de la d\u00e9nomination du lieu : Malapertus. L&rsquo;<a href=\"https:\/\/www.reveeveille.net\/cevennevivante\/la-grotte-de-malaval\/\" data-type=\"post\" data-id=\"1319\">histoire de cette grotte <\/a>est elle aussi charg\u00e9e de surprises, plus ou moins gaies.<\/p>\n\n\n<div class=\"wp-block-image\">\n<figure class=\"aligncenter\"><img decoding=\"async\" src=\"http:\/\/www.reveeveille.net\/photos\/2005\/0110_boucle_malaval\/20050110_boucle_malaval_entree_aven_malaval.jpg\" alt=\"\"\/><figcaption class=\"wp-element-caption\">L&rsquo;entr\u00e9e historique de l&rsquo;aven de Malaval<\/figcaption><\/figure>\n<\/div>\n\n\n<p>Enfin, au jour baissant, le village de Malbosc r\u00e9appara\u00eet \u00e0 l&rsquo;horizon. Dans ce frais fonds de vall\u00e9e, subsistent des t\u00e9moins d&rsquo;un autre \u00e2ge : des tas de bois empil\u00e9s en c\u00f4ne.\u00a0\u00bbLes chapeaux pointus de quelques g\u00e9ants enterr\u00e9s l\u00e0-dessous pour l&rsquo;hiver\u00a0\u00bb, a d\u00e9cid\u00e9 notre amie C\u00e9cile en passant par l\u00e0.<\/p>\n\n\n<div class=\"wp-block-image\">\n<figure class=\"aligncenter\"><img decoding=\"async\" src=\"http:\/\/www.reveeveille.net\/photos\/2023\/0830_descente_mont_lozere_velo\/20230830_descente_mont_lozere_velo_11.jpg\" alt=\"\"\/><figcaption class=\"wp-element-caption\">Le bas du vallon, depuis les environs de Malbosc<\/figcaption><\/figure>\n<\/div>\n\n\n<h3 class=\"wp-block-heading\">En pratique<\/h3>\n\n\n\n<p>Pour rejoindre Malbosc, le point de d\u00e9part : de Florac, prendre la direction \u00ab\u00a0Le Pont de Montvert\u00a0\u00bb. Juste avant l&rsquo;entr\u00e9e dans Cocur\u00e8s, tourner \u00e0 gauche vers \u00ab\u00a0Les Bondons\u00a0\u00bb. A 2 km, prendre la premi\u00e8re \u00e0 gauche. En vue du village de Malbosc, prendre \u00e0 gauche et se garer dans le virage pr\u00e8s de la rivi\u00e8re.<\/p>\n\n\n<div class=\"wp-block-image\">\n<figure class=\"aligncenter\"><img decoding=\"async\" src=\"http:\/\/www.reveeveille.net\/photos\/2013\/0105_autour_de_malaval\/20130105_autour_de_malaval_06.jpg\" alt=\"\"\/><figcaption class=\"wp-element-caption\">Au hameau de malaval, entr\u00e9e du chemin qui redescend \u00e0 Malbosc. Il y en a qui ont le sens de l&rsquo;humour, par ici\u2026<\/figcaption><\/figure>\n<\/div>\n\n<div class=\"wp-block-image\">\n<figure class=\"aligncenter\"><img decoding=\"async\" src=\"http:\/\/www.reveeveille.net\/photos\/2024\/0410_fayet_issenge_malaval\/20240410_fayet_issenge_malaval_06.jpg\" alt=\"\"\/><figcaption class=\"wp-element-caption\">Et malgr\u00e9 son nom, le village de Malaval pr\u00e9sente une allure tout \u00e0 fait charmante !<\/figcaption><\/figure>\n<\/div>\n\n\n<p>Prendre le GR et monter sur la cr\u00eate (apr\u00e8s Chadenet il est possible de quitter le GR et de monter \u00e0 gauche dans les pentes ensoleill\u00e9es. Monter sur l&rsquo;Eschino d&rsquo;Aze. Il n&rsquo;y a pas de sentier officiel mais \u00e7a passe tr\u00e8s bien partout. Le parcourir dans sa grande longueur et redescendre par une pente assez raide mais laissant appara\u00eetre un petit sentier escarp\u00e9.<\/p>\n\n\n<div class=\"wp-block-image\">\n<figure class=\"aligncenter\"><img decoding=\"async\" src=\"http:\/\/www.reveeveille.net\/photos\/2005\/0110_boucle_malaval\/20050110_boucle_malaval_chapeaux_geants_malbosc.jpg\" alt=\"\"\/><figcaption class=\"wp-element-caption\">Les tas de bois en \u00ab\u00a0chapeaux de g\u00e9ants\u00a0\u00bb dans le vallon de Malaval<\/figcaption><\/figure>\n<\/div>\n\n\n<p>Passer au sud des deux puechs. Trouver la bergerie de la photo panoramique, et viser plein sud pour descendre dans des pentes raides jusqu&rsquo;\u00e0 l&rsquo;aven de Malaval qui s&rsquo;ouvre tout pr\u00e8s du lit du ruisseau.<br>Descendre au hameau de Malaval en suivant le lit de la rivi\u00e8re.<br>Descendre \u00e0 Malbosc par le sentier.<\/p>\n\n\n<div class=\"wp-block-image\">\n<figure class=\"aligncenter\"><img decoding=\"async\" src=\"http:\/\/www.reveeveille.net\/photos\/2005\/0110_boucle_malaval\/20050110_boucle_malaval_carte.jpg\" alt=\"\"\/><\/figure>\n<\/div>\n\n\n<iframe loading=\"lazy\" src=\"https:\/\/www.reveeveille.net\/geoportail\/cartepublique.aspx?idecrit=93\" width=\"100%\" height=\"400\"><\/iframe>\n","protected":false},"excerpt":{"rendered":"<p>Malaval, la mauvaise vall\u00e9e&#8230; Malbosc : la mauvaise for\u00eat&#8230; Malapertus : le mauvais passage&#8230; Qu&rsquo;a donc fait ce vallon au bon dieu pour m\u00e9riter de telles appellations. Certes, l&rsquo;endroit est&hellip; <\/p>\n","protected":false},"author":3,"featured_media":363,"comment_status":"open","ping_status":"open","sticky":false,"template":"","format":"standard","meta":{"_jetpack_memberships_contains_paid_content":false,"footnotes":"","jetpack_publicize_message":"","jetpack_publicize_feature_enabled":true,"jetpack_social_post_already_shared":false,"jetpack_social_options":{"image_generator_settings":{"template":"highway","default_image_id":0,"font":"","enabled":false},"version":2}},"categories":[6,15],"tags":[],"class_list":["post-362","post","type-post","status-publish","format-standard","has-post-thumbnail","hentry","category-balades","category-mont-lozere"],"jetpack_publicize_connections":[],"jetpack_featured_media_url":"https:\/\/www.reveeveille.net\/cevennevivante\/wp-content\/uploads\/2021\/02\/20050110_boucle_malaval_silhouette_sur_base_puech.jpg","jetpack_sharing_enabled":true,"_links":{"self":[{"href":"https:\/\/www.reveeveille.net\/cevennevivante\/wp-json\/wp\/v2\/posts\/362","targetHints":{"allow":["GET"]}}],"collection":[{"href":"https:\/\/www.reveeveille.net\/cevennevivante\/wp-json\/wp\/v2\/posts"}],"about":[{"href":"https:\/\/www.reveeveille.net\/cevennevivante\/wp-json\/wp\/v2\/types\/post"}],"author":[{"embeddable":true,"href":"https:\/\/www.reveeveille.net\/cevennevivante\/wp-json\/wp\/v2\/users\/3"}],"replies":[{"embeddable":true,"href":"https:\/\/www.reveeveille.net\/cevennevivante\/wp-json\/wp\/v2\/comments?post=362"}],"version-history":[{"count":9,"href":"https:\/\/www.reveeveille.net\/cevennevivante\/wp-json\/wp\/v2\/posts\/362\/revisions"}],"predecessor-version":[{"id":3207,"href":"https:\/\/www.reveeveille.net\/cevennevivante\/wp-json\/wp\/v2\/posts\/362\/revisions\/3207"}],"wp:featuredmedia":[{"embeddable":true,"href":"https:\/\/www.reveeveille.net\/cevennevivante\/wp-json\/wp\/v2\/media\/363"}],"wp:attachment":[{"href":"https:\/\/www.reveeveille.net\/cevennevivante\/wp-json\/wp\/v2\/media?parent=362"}],"wp:term":[{"taxonomy":"category","embeddable":true,"href":"https:\/\/www.reveeveille.net\/cevennevivante\/wp-json\/wp\/v2\/categories?post=362"},{"taxonomy":"post_tag","embeddable":true,"href":"https:\/\/www.reveeveille.net\/cevennevivante\/wp-json\/wp\/v2\/tags?post=362"}],"curies":[{"name":"wp","href":"https:\/\/api.w.org\/{rel}","templated":true}]}}