{"id":352,"date":"2024-03-17T18:26:42","date_gmt":"2024-03-17T17:26:42","guid":{"rendered":"http:\/\/www.reveeveille.net\/cevennevivante\/wordpress\/?p=352"},"modified":"2024-04-07T21:18:37","modified_gmt":"2024-04-07T19:18:37","slug":"le-chemin-de-mitterrand","status":"publish","type":"post","link":"https:\/\/www.reveeveille.net\/cevennevivante\/le-chemin-de-mitterrand\/","title":{"rendered":"Le chemin de Mitterrand"},"content":{"rendered":"\n<p>Fran\u00e7ois Mitterrand connaissait et aimait les C\u00e9vennes. Vingt ans durant, il est r\u00e9guli\u00e8rement venu s\u00e9journer dans ce pays retranch\u00e9 du monde, pour s&rsquo;y ressourcer au contact de la nature et des c\u00e9venols. J&rsquo;ai longuement racont\u00e9 <a href=\"https:\/\/www.reveeveille.net\/cevennevivante\/?p=567\" data-type=\"post\" data-id=\"567\">ici<\/a> les motivations du grand homme \u00e0 fr\u00e9quenter nos montagnes, et les souvenirs \u00e9mus qu&rsquo;en gardent les gens du pays. Vous y apprendrez peut-\u00eatre que Mitterrand \u00e9tait un grand marcheur, et qu&rsquo;il a souvent arpent\u00e9 les chemins qui jalonnaient le flanc nord de l&rsquo;Aigoual, en particulier autour de Massevaques (sur la commune de Rousses), hameau o\u00f9 il \u00e9tait accueilli par un ami. Il faisait en particulier r\u00e9guli\u00e8rement le trajet Massevaques &#8211; Les Vanels pour descendre d\u00e9jeuner \u00e0 l&rsquo;auberge, \u00e0 tel point que les gens du pays ont pris l&rsquo;habitude d&rsquo;appeler l&rsquo;itin\u00e9raire en question \u00ab\u00a0Le chemin de Mitterrand\u00a0\u00bb.<\/p>\n\n\n\n<p>Je vous propose donc un itin\u00e9raire qui emprunte ce trajet. Je l&rsquo;ai \u00e9largi pour en faire une boucle. Si, comme moi, vous \u00eates adeptes des p\u00e8lerinages, je vous conseille cette balade magnifique, aux paysages tr\u00e8s diversifi\u00e9s et souvent grandioses.<\/p>\n\n\n\n<p>A Rousses, prenez la D119 en direction de Cabrillac. Passez le pont et garez vous d\u00e8s que vous pouvez. Le d\u00e9part se fait sur la droite, juste apr\u00e8s le dernier b\u00e2timent. \u00e0 300 m\u00e8tres, prendre la piste qui part \u00e0 gauche. Vous pouvez soit la suivre jusqu&rsquo;au col de Porte, soit la quitter avant le second virage pour rejoindre puis suivre l&rsquo;ar\u00eate par un sentier raide qui monte tout droit jusqu&rsquo;\u00e0 la \u00ab\u00a0Quillette\u00a0\u00bb, rocher embl\u00e9matique et objectif de balade pour les habitants du village. Vous me connaissez, je vous conseille \u00e9videmment cette seconde option, qui est plus sportive et n\u00e9cessite un peu d&rsquo;initiative (il faudra faire une petite section hors sentier) mais se r\u00e9v\u00e8lera beaucoup plus grandiose.<\/p>\n\n\n\n<div class=\"wp-block-columns is-layout-flex wp-container-core-columns-is-layout-9d6595d7 wp-block-columns-is-layout-flex\">\n<div class=\"wp-block-column is-layout-flow wp-block-column-is-layout-flow\"><div class=\"wp-block-image\">\n<figure class=\"aligncenter\"><img decoding=\"async\" src=\"http:\/\/www.reveeveille.net\/photos\/2022\/0828_au_dessus_de_rousses\/20220828_au_dessus_de_rousses_06.jpg\" alt=\"\"\/><figcaption class=\"wp-element-caption\">Rousses, surplomb\u00e9e par le sommet de la Quillette<\/figcaption><\/figure>\n<\/div><\/div>\n\n\n\n<div class=\"wp-block-column is-layout-flow wp-block-column-is-layout-flow\"><div class=\"wp-block-image\">\n<figure class=\"aligncenter\"><img decoding=\"async\" src=\"http:\/\/www.reveeveille.net\/photos\/2022\/0828_au_dessus_de_rousses\/20220828_au_dessus_de_rousses_04.jpg\" alt=\"\"\/><figcaption class=\"wp-element-caption\">Le chemin de la Quillette, au fil de l&rsquo;ar\u00eate<\/figcaption><\/figure>\n<\/div><\/div>\n<\/div>\n\n\n<div class=\"wp-block-image\">\n<figure class=\"aligncenter\"><img decoding=\"async\" src=\"http:\/\/www.reveeveille.net\/photos\/2013\/0326_massevaques_montcamp\/20130326_massevaques_montcamp_01.jpg\" alt=\"\"\/><figcaption class=\"wp-element-caption\">La croix de \u00ab\u00a0La quillette\u00a0\u00bb, au dessus de Rousses<\/figcaption><\/figure>\n<\/div>\n\n\n<p>A partir de la Quillette, suivez l&rsquo;ar\u00eate, comme vous pouvez. Le chemin n&rsquo;est pas toujours tr\u00e8s net, mais il n&rsquo;est pas possible de se perdre. Au col de Porte, rejoindre Massevaques par la piste. Monter \u00e0 la sortie sup\u00e9rieure du village et prendre \u00e0 droite le sentier qui monte au pr\u00e9 de Terron. A partir d&rsquo;ici vous \u00eates sur la balade favorite de Mitterrand.<\/p>\n\n\n<div class=\"wp-block-image\">\n<figure class=\"aligncenter\"><img decoding=\"async\" src=\"http:\/\/www.reveeveille.net\/photos\/2013\/0326_massevaques_montcamp\/20130326_massevaques_montcamp_03.jpg\" alt=\"\"\/><figcaption class=\"wp-element-caption\">Hors sentier, sur la cr\u00eate entre la quillette et le col de Porte. Au loin, le Mont Loz\u00e8re est encore enneig\u00e9.<\/figcaption><\/figure>\n<\/div>\n\n<div class=\"wp-block-image\">\n<figure class=\"aligncenter\"><img decoding=\"async\" src=\"http:\/\/www.reveeveille.net\/photos\/2013\/0326_massevaques_montcamp\/20130326_massevaques_montcamp_04.jpg\" alt=\"\"\/><figcaption class=\"wp-element-caption\">A peu de distance du col de Porte, le sentier serpente sur la cr\u00eate.<\/figcaption><\/figure>\n<\/div>\n\n<div class=\"wp-block-image\">\n<figure class=\"aligncenter\"><img decoding=\"async\" src=\"http:\/\/www.reveeveille.net\/photos\/2013\/0326_massevaques_montcamp\/20130326_massevaques_montcamp_06.jpg\" alt=\"\"\/><figcaption class=\"wp-element-caption\">Au d\u00e9tour de la piste appara\u00eet Massevaques<\/figcaption><\/figure>\n<\/div>\n\n<div class=\"wp-block-image\">\n<figure class=\"aligncenter\"><img decoding=\"async\" src=\"http:\/\/www.reveeveille.net\/photos\/2013\/0326_massevaques_montcamp\/20130326_massevaques_montcamp_07.jpg\" alt=\"\"\/><figcaption class=\"wp-element-caption\">Le sentier d\u00e9bouche au pr\u00e9 de Terron.<\/figcaption><\/figure>\n<\/div>\n\n<div class=\"wp-block-image\">\n<figure class=\"aligncenter\"><img decoding=\"async\" src=\"http:\/\/www.reveeveille.net\/photos\/2013\/0326_massevaques_montcamp\/20130326_massevaques_montcamp_10.jpg\" alt=\"\"\/><figcaption class=\"wp-element-caption\">Au pr\u00e9 de Terron, de magnifiques c\u00e9p\u00e9es de h\u00eatres.<\/figcaption><\/figure>\n<\/div>\n\n\n<p>Traverser le col du pr\u00e9 de Terron, suivre une longue piste foresti\u00e8re horizontale jusqu&rsquo;\u00e0 un second col o\u00f9 la vue bascule c\u00f4t\u00e9 Tarnon. <\/p>\n\n\n<div class=\"wp-block-image\">\n<figure class=\"aligncenter\"><img decoding=\"async\" src=\"http:\/\/www.reveeveille.net\/photos\/2017\/0612_chemin_de_mitterrand\/20170612_chemin_de_mitterrand_01.jpg\" alt=\"\"\/><figcaption class=\"wp-element-caption\">Ambiance de sous-bois de h\u00eatre, derri\u00e8re le pr\u00e9 du Terron<\/figcaption><\/figure>\n<\/div>\n\n\n<p>Suivre plein nord la piste jusqu&rsquo;au col de Peyrerol, par une vaste \u00e9tendue ouvertes appel\u00e9e le Serre de Combe Calde.<\/p>\n\n\n<div class=\"wp-block-image\">\n<figure class=\"aligncenter\"><img decoding=\"async\" src=\"http:\/\/www.reveeveille.net\/photos\/2017\/0612_chemin_de_mitterrand\/20170612_chemin_de_mitterrand_05.jpg\" alt=\"\"\/><figcaption class=\"wp-element-caption\">En marche sur le chemin de Mitterrand, sur le serre de Combe Calde<\/figcaption><\/figure>\n<\/div>\n\n\n<p>Au col de Peyrerol prendre \u00e0 droite la descente vers Montcamp, traverser le hameau. Descendre la route jusqu&rsquo;au valat de Besset. L\u00e0, prendre \u00e0 droite un sentier balis\u00e9 qui remonte l\u00e9g\u00e8rement, aller jusqu&rsquo;au hameau des Ablatats. Dans le hameau, chercher la piste qui descend vers la rivi\u00e8re. Traverser le pont, puis suivre la piste qui revient plein nord en longeant la rivi\u00e8re et rejoint le point de d\u00e9part.<\/p>\n\n\n\n<p>L&rsquo;itin\u00e9raire fait une quinzaine de kilom\u00e8tres, pour 700 m\u00e8tres de mont\u00e9e. Vous allez en prendre plein les yeux !<\/p>\n\n\n<div class=\"wp-block-image\">\n<figure class=\"aligncenter\"><img decoding=\"async\" src=\"http:\/\/www.reveeveille.net\/photos\/2013\/0326_massevaques_montcamp\/20130326_massevaques_montcamp_22.jpg\" alt=\"\"\/><figcaption class=\"wp-element-caption\">L&rsquo;itin\u00e9raire que je vous propose<\/figcaption><\/figure>\n<\/div>\n\n<div class=\"wp-block-image\">\n<figure class=\"aligncenter\"><img decoding=\"async\" src=\"http:\/\/www.reveeveille.net\/photos\/2013\/0326_massevaques_montcamp\/20130326_massevaques_montcamp_17.jpg\" alt=\"\"\/><figcaption class=\"wp-element-caption\">Montcamp, nich\u00e9 au pied d&rsquo;une butte-t\u00e9moin de calcaire.<\/figcaption><\/figure>\n<\/div>\n\n<div class=\"wp-block-image\">\n<figure class=\"aligncenter\"><img decoding=\"async\" src=\"http:\/\/www.reveeveille.net\/photos\/2013\/0326_massevaques_montcamp\/20130326_massevaques_montcamp_14.jpg\" alt=\"\"\/><figcaption class=\"wp-element-caption\">Descente vers Montcamp. Au loin le Mont Loz\u00e8re, \u00e0 gauche, le causse M\u00e9jean, entre les deux la vall\u00e9e du Tarn.<\/figcaption><\/figure>\n<\/div>\n\n<div class=\"wp-block-image\">\n<figure class=\"aligncenter\"><img decoding=\"async\" src=\"http:\/\/www.reveeveille.net\/photos\/2013\/0326_massevaques_montcamp\/20130326_massevaques_montcamp_20.jpg\" alt=\"\"\/><figcaption class=\"wp-element-caption\">Aux Ablatats, une \u00ab\u00a0mine \u00e0 eau\u00a0\u00bb<\/figcaption><\/figure>\n<\/div>\n\n<div class=\"wp-block-image\">\n<figure class=\"aligncenter\"><img decoding=\"async\" src=\"http:\/\/www.reveeveille.net\/photos\/2013\/0326_massevaques_montcamp\/20130326_massevaques_montcamp_21.jpg\" alt=\"\"\/><figcaption class=\"wp-element-caption\">Depuis la piste qui rejoint Rousses, la cr\u00eate au dessus des ablatats prend le profil de Mitterrand<\/figcaption><\/figure>\n<\/div>\n\n\n<p>Je vous signale deux variantes \u00e0 cet itin\u00e9raire, que comme de bien entendu je pr\u00e9f\u00e8re \u00e0 l&rsquo;itin\u00e9raire de base car elles sortent des sentiers battus&#8230; et des sentiers tout court :<\/p>\n\n\n\n<p>A la mont\u00e9e, depuis le col de Portes, montez tout droit sur l&rsquo;ar\u00eate qui part sud sud-est et suivez la jusqu&rsquo;\u00e0 rejoindre le Pr\u00e9 du Terron. Pas de chemin trac\u00e9, mais un itin\u00e9raire \u00e9vident (il suffit de suivre la cr\u00eate) et beaucoup plus grandiose que la piste de Massevaques&#8230; mais \u00e9videmment vous vous \u00e9cartez de Mitterrand et de son chemin, on ne peut pas tout avoir.<\/p>\n\n\n<div class=\"wp-block-image\">\n<figure class=\"aligncenter\"><img decoding=\"async\" src=\"http:\/\/www.reveeveille.net\/photos\/2024\/0121_chemin_de_mitterrand\/20240121_chemin_de_mitterrand_01.jpg\" alt=\"\"\/><figcaption class=\"wp-element-caption\">Sur la cr\u00eate, au dessus de Massevaques<\/figcaption><\/figure>\n<\/div>\n\n<div class=\"wp-block-image\">\n<figure class=\"aligncenter\"><img decoding=\"async\" src=\"http:\/\/www.reveeveille.net\/photos\/2024\/0121_chemin_de_mitterrand\/20240121_chemin_de_mitterrand_03.jpg\" alt=\"\"\/><figcaption class=\"wp-element-caption\">Sur la cr\u00eate, au dessus de Massevaques<\/figcaption><\/figure>\n<\/div>\n\n<div class=\"wp-block-image\">\n<figure class=\"aligncenter\"><img decoding=\"async\" src=\"http:\/\/www.reveeveille.net\/photos\/2024\/0121_chemin_de_mitterrand\/20240121_chemin_de_mitterrand_05.jpg\" alt=\"\"\/><figcaption class=\"wp-element-caption\">Arriv\u00e9e au pr\u00e9 du Terron par le haut.<\/figcaption><\/figure>\n<\/div>\n\n\n<p>A la redescente, au lieu dit Combe Calde, quittez la piste vers la droite et rejoignez un point c\u00f4t\u00e9 1080, puis suivez l&rsquo;ar\u00eat epeu marqu\u00e9e qui descend vers Rousses en passant par les points 1054 et 984. Totalement hors sentier, totalement grandiose. Il faut un peu d&rsquo;intelligence de l&rsquo;itin\u00e9raire vers le bas, mais \u00e7a passe sans probl\u00e8me. Rejoignez le sentier des Ablatats et terminez comme la boucle pr\u00e9c\u00e9dente.<\/p>\n\n\n<div class=\"wp-block-image\">\n<figure class=\"aligncenter\"><img decoding=\"async\" src=\"http:\/\/www.reveeveille.net\/photos\/2024\/0121_chemin_de_mitterrand\/20240121_chemin_de_mitterrand_07.jpg\" alt=\"\"\/><figcaption class=\"wp-element-caption\">En redescendant hors sentier vers Rousses<\/figcaption><\/figure>\n<\/div>\n\n<div class=\"wp-block-image\">\n<figure class=\"aligncenter\"><img decoding=\"async\" src=\"http:\/\/www.reveeveille.net\/photos\/2024\/0121_chemin_de_mitterrand\/20240121_chemin_de_mitterrand_06.jpg\" alt=\"\"\/><figcaption class=\"wp-element-caption\">La \u00ab\u00a0quille \u00e0 Poujol\u00a0\u00bb devant le causse M\u00e9jean et le Mont Loz\u00e8re<\/figcaption><\/figure>\n<\/div>\n\n\n<iframe loading=\"lazy\" src=\"https:\/\/www.reveeveille.net\/photos_ecrit.aspx?idecrit=1216\" width=\"100%\" height=\"400\"><\/iframe>\n<iframe loading=\"lazy\" src=\"https:\/\/www.reveeveille.net\/geoportail\/cartepublique.aspx?idecrit=1216\" width=\"100%\" height=\"400\"><\/iframe>\n","protected":false},"excerpt":{"rendered":"<p>Fran\u00e7ois Mitterrand connaissait et aimait les C\u00e9vennes. Vingt ans durant, il est r\u00e9guli\u00e8rement venu s\u00e9journer dans ce pays retranch\u00e9 du monde, pour s&rsquo;y ressourcer au contact de la nature et&hellip; <\/p>\n","protected":false},"author":3,"featured_media":353,"comment_status":"open","ping_status":"open","sticky":false,"template":"","format":"standard","meta":{"_jetpack_memberships_contains_paid_content":false,"footnotes":"","jetpack_publicize_message":"","jetpack_publicize_feature_enabled":true,"jetpack_social_post_already_shared":false,"jetpack_social_options":{"image_generator_settings":{"template":"highway","default_image_id":0,"font":"","enabled":false},"version":2}},"categories":[6,14],"tags":[],"class_list":["post-352","post","type-post","status-publish","format-standard","has-post-thumbnail","hentry","category-balades","category-mont-aigoual"],"jetpack_publicize_connections":[],"jetpack_featured_media_url":"https:\/\/www.reveeveille.net\/cevennevivante\/wp-content\/uploads\/2021\/02\/20170612_chemin_de_mitterrand_05-scaled.jpg","jetpack_sharing_enabled":true,"_links":{"self":[{"href":"https:\/\/www.reveeveille.net\/cevennevivante\/wp-json\/wp\/v2\/posts\/352","targetHints":{"allow":["GET"]}}],"collection":[{"href":"https:\/\/www.reveeveille.net\/cevennevivante\/wp-json\/wp\/v2\/posts"}],"about":[{"href":"https:\/\/www.reveeveille.net\/cevennevivante\/wp-json\/wp\/v2\/types\/post"}],"author":[{"embeddable":true,"href":"https:\/\/www.reveeveille.net\/cevennevivante\/wp-json\/wp\/v2\/users\/3"}],"replies":[{"embeddable":true,"href":"https:\/\/www.reveeveille.net\/cevennevivante\/wp-json\/wp\/v2\/comments?post=352"}],"version-history":[{"count":11,"href":"https:\/\/www.reveeveille.net\/cevennevivante\/wp-json\/wp\/v2\/posts\/352\/revisions"}],"predecessor-version":[{"id":2685,"href":"https:\/\/www.reveeveille.net\/cevennevivante\/wp-json\/wp\/v2\/posts\/352\/revisions\/2685"}],"wp:featuredmedia":[{"embeddable":true,"href":"https:\/\/www.reveeveille.net\/cevennevivante\/wp-json\/wp\/v2\/media\/353"}],"wp:attachment":[{"href":"https:\/\/www.reveeveille.net\/cevennevivante\/wp-json\/wp\/v2\/media?parent=352"}],"wp:term":[{"taxonomy":"category","embeddable":true,"href":"https:\/\/www.reveeveille.net\/cevennevivante\/wp-json\/wp\/v2\/categories?post=352"},{"taxonomy":"post_tag","embeddable":true,"href":"https:\/\/www.reveeveille.net\/cevennevivante\/wp-json\/wp\/v2\/tags?post=352"}],"curies":[{"name":"wp","href":"https:\/\/api.w.org\/{rel}","templated":true}]}}