{"id":342,"date":"2022-10-07T15:13:00","date_gmt":"2022-10-07T13:13:00","guid":{"rendered":"http:\/\/www.reveeveille.net\/cevennevivante\/wordpress\/?p=342"},"modified":"2022-10-07T15:13:02","modified_gmt":"2022-10-07T13:13:02","slug":"barre-des-cevennes-le-pont-de-montvert-trajet-historique-des-premiers-camisards","status":"publish","type":"post","link":"https:\/\/www.reveeveille.net\/cevennevivante\/barre-des-cevennes-le-pont-de-montvert-trajet-historique-des-premiers-camisards\/","title":{"rendered":"Barre-des-C\u00e9vennes \/ Le Pont de Montvert, trajet historique des premiers camisards"},"content":{"rendered":"\n<p>Sur ce trajet de deux ou trois journ\u00e9es, pas de sites naturels plus remarquables qu&rsquo;ailleurs autour. L&rsquo;itin\u00e9raire emprunte des sentiers assez classiques, voire des pistes. Seul le passage au sommet du Mont Boug\u00e8s porte le chemin a des altitudes telles qu&rsquo;on \u00e9merge un moment au dessus du monde ordinaire.<\/p>\n\n\n\n<p>L&rsquo;int\u00e9r\u00eat majeur de ce parcours est ailleurs. Il r\u00e9side dans le fait que c&rsquo;est celui qu&rsquo;ont emprunt\u00e9 un groupe de protestants en r\u00e9volte, entre le 22 et le 24 juillet 1702. Ces trois journ\u00e9es et ces quelques paysans ont fait basculer pour toujours le destin de cette r\u00e9gion en lan\u00e7ant la guerre des camisards, \u00e9v\u00e9nement qui a fait conna\u00eetre les C\u00e9vennes dans la France enti\u00e8re et bien au del\u00e0 sans doute. C&rsquo;est donc un itin\u00e9raire qu&rsquo;il faut parcourir en s&rsquo;immergeant dans l&rsquo;histoire, les livres \u00e0 la main. Je recommande tout particuli\u00e8rement \u00ab\u00a0<a href=\"https:\/\/www.reveeveille.net\/candelhospitalet\/?p=2421\">Les premiers camisards<\/a>\u00ab\u00a0, d&rsquo;Henri Mouysset, dans lequel j&rsquo;ai puis\u00e9 l&rsquo;essentiel de la mati\u00e8re qui m&rsquo;a servi \u00e0 construire cet itin\u00e9raire. J&rsquo;ai d\u00e9taill\u00e9 l&rsquo;histoire de ces journ\u00e9es ailleurs dans ce site, je n&rsquo;y reviens pas plus, vous pouvez vous reporter <a href=\"https:\/\/www.reveeveille.net\/candelhospitalet\/?page_id=2627\">ici<\/a>.<\/p>\n\n\n\n<p>Attention, l&rsquo;itin\u00e9raire d\u00e9crit, s&rsquo;il est av\u00e9r\u00e9 dans ses grandes lignes, laisse des doutes sur le d\u00e9tail de certains tron\u00e7ons exactement emprunt\u00e9s par les camisards. A vous de choisir parmi les diff\u00e9rentes possibilit\u00e9s !<\/p>\n\n\n\n<h3 class=\"wp-block-heading\"><strong>Premier Jour<\/strong><\/h3>\n\n\n\n<p><strong>Barre des C\u00e9vennes &#8211; Saint Julien d&rsquo;Arpaon.<\/strong> En cette premi\u00e8re journ\u00e9e le groupe de (futurs) camisards converge vers Saint Julien d&rsquo;Arpaon depuis la foire de Barre des C\u00e9vennes. Plusieurs itin\u00e9raires sont principalement possibles aujourd&rsquo;hui : le sentier p\u00e9destre qui descend dans la vall\u00e9e d\u00e8s le d\u00e9part et suit le lit du Brian\u00e7on, la route, ou le d\u00e9tour par la cure. J&rsquo;ai choisi le premier, qui passe par \u00ab\u00a0Le Bosc\u00a0\u00bb, un des lieux possibles d&rsquo;une courte r\u00e9union secr\u00e8te.<\/p>\n\n\n\n<figure class=\"wp-block-image\"><img decoding=\"async\" src=\"http:\/\/www.reveeveille.net\/photos\/2020\/1029_vallon_du_briancon\/20201029_vallon_du_briancon_03.jpg\" alt=\"\"\/><figcaption>La vall\u00e9e du Brian\u00e7on, sous le hameau du Bosc<\/figcaption><\/figure>\n\n\n\n<h3 class=\"wp-block-heading\">Deuxi\u00e8me jour<\/h3>\n\n\n\n<p>A partir de Saint-Julien d&rsquo;Arpaon, les choses deviennent plus confuses. Pendant les deux journ\u00e9es qui suivent, le groupe se s\u00e9pare en trois faction principales qui partent porter la nouvelle dans les vall\u00e9es c\u00e9venoles pour rameuter du monde. Certains ont d\u00fb faire plusieurs dizaines de kilom\u00e8tres au pas de course. Quelle sant\u00e9 !<\/p>\n\n\n\n<p>Une bonne partie se retrouvent \u00e0 Cassagnas, d&rsquo;autres \u00e0 Vieljouves.  Je vous propose de ne pas essayer de suivre toutes ces circonvolutions sinon on ne s&rsquo;en sortira pas. Suivons donc simplement le trajet Saint Julien d&rsquo;Arpaon &#8211; Cassagnas. Aujourd&rsquo;hui, l&rsquo;itin\u00e9raire le plus \u00e9vident pour relier ces deux villages est la \u00ab\u00a0voie verte\u00a0\u00bb, itin\u00e9raire de balade cr\u00e9\u00e9 sur l&rsquo;ancienne voie ferr\u00e9e d\u00e9saffect\u00e9e. C&rsquo;est agr\u00e9able, ombrag\u00e9, et&#8230; horizontal ! \u00c9videmment, elle n&rsquo;existait pas \u00e0 l&rsquo;\u00e9poque.<\/p>\n\n\n\n<h3 class=\"wp-block-heading\"><strong>Troisi\u00e8me jour<\/strong><\/h3>\n\n\n\n<p><strong>Mont\u00e9e aux 3 fayards et descente sur le Pont de Montvert<\/strong>. De retour des C\u00e9vennes, nos futurs camisards ont converg\u00e9 vers le sommet du Boug\u00e8s, en un lieu appel\u00e9 \u00ab\u00a0los 3 faus\u00a0\u00bb (les 3 fayards, ou h\u00eatres). Ils y ont tenu une assembl\u00e9e pour d\u00e9cider de la conduite \u00e0 tenir \u00e0 Barre des C\u00e9vennes, puis ont repris la route vers le Pont auquel ils sont arriv\u00e9s vers 21h30 le 24 juillet.<\/p>\n\n\n\n<figure class=\"wp-block-image\"><img decoding=\"async\" src=\"http:\/\/www.reveeveille.net\/photos\/2013\/0326_massevaques_montcamp\/20130326_massevaques_montcamp_09.jpg\" alt=\"\"\/><figcaption>Une c\u00e9p\u00e9e de h\u00eatres<\/figcaption><\/figure>\n\n\n\n<p>Par la suite, les camisards ont entam\u00e9 un p\u00e9riple en C\u00e9vennes pour se cacher et continuer \u00e0 mettre \u00e0 mal des responsables catholiques, mais l&rsquo;int\u00e9r\u00eat se dilue un peu&#8230;<\/p>\n\n\n\n<iframe loading=\"lazy\" scrolling=\"no\" marginheight=\"0\" marginwidth=\"0\" sandbox=\"allow-forms allow-scripts allow-same-origin\" src=\"https:\/\/www.geoportail.gouv.fr\/embed\/visu.html?c=3.7456578526026276,44.308655795927905&amp;z=12&amp;l0=GEOGRAPHICALGRIDSYSTEMS.MAPS::GEOPORTAIL:OGC:WMTS(1)&amp;d1=3787146(1)&amp;permalink=yes\" allowfullscreen=\"\" width=\"100%\" height=\"400\" frameborder=\"0\"><\/iframe>\n\n\n\n<iframe loading=\"lazy\" src=\"https:\/\/www.reveeveille.net\/geoportail\/cartepublique.aspx?idecrit=259\" width=\"100%\" height=\"400\"><\/iframe>\n","protected":false},"excerpt":{"rendered":"<p>Sur ce trajet de deux ou trois journ\u00e9es, pas de sites naturels plus remarquables qu&rsquo;ailleurs autour. L&rsquo;itin\u00e9raire emprunte des sentiers assez classiques, voire des pistes. Seul le passage au sommet&hellip; <\/p>\n","protected":false},"author":3,"featured_media":343,"comment_status":"open","ping_status":"open","sticky":false,"template":"","format":"standard","meta":{"_jetpack_memberships_contains_paid_content":false,"footnotes":"","jetpack_publicize_message":"","jetpack_publicize_feature_enabled":true,"jetpack_social_post_already_shared":false,"jetpack_social_options":{"image_generator_settings":{"template":"highway","default_image_id":0,"font":"","enabled":false},"version":2}},"categories":[6,31,16,15],"tags":[],"class_list":["post-342","post","type-post","status-publish","format-standard","has-post-thumbnail","hentry","category-balades","category-histoire","category-les-cans","category-mont-lozere"],"jetpack_publicize_connections":[],"jetpack_featured_media_url":"https:\/\/www.reveeveille.net\/cevennevivante\/wp-content\/uploads\/2021\/02\/20100929_prospection_castelas_de_barre_01.jpg","jetpack_sharing_enabled":true,"_links":{"self":[{"href":"https:\/\/www.reveeveille.net\/cevennevivante\/wp-json\/wp\/v2\/posts\/342","targetHints":{"allow":["GET"]}}],"collection":[{"href":"https:\/\/www.reveeveille.net\/cevennevivante\/wp-json\/wp\/v2\/posts"}],"about":[{"href":"https:\/\/www.reveeveille.net\/cevennevivante\/wp-json\/wp\/v2\/types\/post"}],"author":[{"embeddable":true,"href":"https:\/\/www.reveeveille.net\/cevennevivante\/wp-json\/wp\/v2\/users\/3"}],"replies":[{"embeddable":true,"href":"https:\/\/www.reveeveille.net\/cevennevivante\/wp-json\/wp\/v2\/comments?post=342"}],"version-history":[{"count":9,"href":"https:\/\/www.reveeveille.net\/cevennevivante\/wp-json\/wp\/v2\/posts\/342\/revisions"}],"predecessor-version":[{"id":1992,"href":"https:\/\/www.reveeveille.net\/cevennevivante\/wp-json\/wp\/v2\/posts\/342\/revisions\/1992"}],"wp:featuredmedia":[{"embeddable":true,"href":"https:\/\/www.reveeveille.net\/cevennevivante\/wp-json\/wp\/v2\/media\/343"}],"wp:attachment":[{"href":"https:\/\/www.reveeveille.net\/cevennevivante\/wp-json\/wp\/v2\/media?parent=342"}],"wp:term":[{"taxonomy":"category","embeddable":true,"href":"https:\/\/www.reveeveille.net\/cevennevivante\/wp-json\/wp\/v2\/categories?post=342"},{"taxonomy":"post_tag","embeddable":true,"href":"https:\/\/www.reveeveille.net\/cevennevivante\/wp-json\/wp\/v2\/tags?post=342"}],"curies":[{"name":"wp","href":"https:\/\/api.w.org\/{rel}","templated":true}]}}