{"id":335,"date":"2022-10-06T17:17:42","date_gmt":"2022-10-06T15:17:42","guid":{"rendered":"http:\/\/www.reveeveille.net\/cevennevivante\/wordpress\/?p=335"},"modified":"2022-10-06T17:17:44","modified_gmt":"2022-10-06T15:17:44","slug":"le-plateau-de-grizac","status":"publish","type":"post","link":"https:\/\/www.reveeveille.net\/cevennevivante\/le-plateau-de-grizac\/","title":{"rendered":"Le plateau de Grizac"},"content":{"rendered":"\n<p>Le petit plateau de Grizac, perch\u00e9 au dessus du village du Pont de Montvert, sous les derni\u00e8res pentes du mont Boug\u00e8s, est un endroit singulier. On y croise un m\u00e9lange de calcaire et de granite, avec deux v\u00e9g\u00e9tations bien diff\u00e9rentes, des formes de relief changeantes&#8230;<\/p>\n\n\n\n<figure class=\"wp-block-image\"><img decoding=\"async\" src=\"http:\/\/www.reveeveille.net\/photos\/2014\/1018_autour_de_grizac\/20141018_autour_de_grizac_02.jpg\" alt=\"\"\/><figcaption>Du plateau de Grizac, l&rsquo;eschino d&rsquo;aze et les puechs des Bondons<\/figcaption><\/figure>\n\n\n\n<p>Malgr\u00e9 son altitude moyenne (entre 1000 et 1100 m\u00e8tres), la vue est \u00e9tonnamment vaste, vers le Mont Loz\u00e8re au nord, les Bondons et les rebords du causse M\u00e9jean \u00e0 l&rsquo;ouest. Deux petits villages (Grizac et l&rsquo;Hermet) s&rsquo;y sont install\u00e9e, sans doute attir\u00e9s par les \u00e9tendues relativement planes, si rares dans nos contr\u00e9es.Je ne vous recommanderai pas de balade particuli\u00e8re ici, je vous conseille plut\u00f4t de laisser guider vos pas par votre intuition, mais vous ne le regretterez pas&#8230;<\/p>\n\n\n\n<figure class=\"wp-block-image\"><img decoding=\"async\" src=\"http:\/\/www.reveeveille.net\/photos\/2014\/1018_autour_de_grizac\/20141018_autour_de_grizac_03.jpg\" alt=\"\"\/><figcaption>Mi nature, mi land-art sur le plateau de Grizac<\/figcaption><\/figure>\n\n\n\n<p><\/p>\n\n\n\n<iframe loading=\"lazy\" src=\"https:\/\/www.reveeveille.net\/geoportail\/cartepublique.aspx?idecrit=1258\" width=\"100%\" height=\"400\"><\/iframe>\n","protected":false},"excerpt":{"rendered":"<p>Le petit plateau de Grizac, perch\u00e9 au dessus du village du Pont de Montvert, sous les derni\u00e8res pentes du mont Boug\u00e8s, est un endroit singulier. On y croise un m\u00e9lange&hellip; <\/p>\n","protected":false},"author":3,"featured_media":336,"comment_status":"open","ping_status":"open","sticky":false,"template":"","format":"standard","meta":{"footnotes":""},"categories":[6],"tags":[],"class_list":["post-335","post","type-post","status-publish","format-standard","has-post-thumbnail","hentry","category-balades"],"jetpack_featured_media_url":"https:\/\/www.reveeveille.net\/cevennevivante\/wp-content\/uploads\/2021\/02\/20141018_autour_de_grizac_01-scaled.jpg","_links":{"self":[{"href":"https:\/\/www.reveeveille.net\/cevennevivante\/wp-json\/wp\/v2\/posts\/335","targetHints":{"allow":["GET"]}}],"collection":[{"href":"https:\/\/www.reveeveille.net\/cevennevivante\/wp-json\/wp\/v2\/posts"}],"about":[{"href":"https:\/\/www.reveeveille.net\/cevennevivante\/wp-json\/wp\/v2\/types\/post"}],"author":[{"embeddable":true,"href":"https:\/\/www.reveeveille.net\/cevennevivante\/wp-json\/wp\/v2\/users\/3"}],"replies":[{"embeddable":true,"href":"https:\/\/www.reveeveille.net\/cevennevivante\/wp-json\/wp\/v2\/comments?post=335"}],"version-history":[{"count":4,"href":"https:\/\/www.reveeveille.net\/cevennevivante\/wp-json\/wp\/v2\/posts\/335\/revisions"}],"predecessor-version":[{"id":2021,"href":"https:\/\/www.reveeveille.net\/cevennevivante\/wp-json\/wp\/v2\/posts\/335\/revisions\/2021"}],"wp:featuredmedia":[{"embeddable":true,"href":"https:\/\/www.reveeveille.net\/cevennevivante\/wp-json\/wp\/v2\/media\/336"}],"wp:attachment":[{"href":"https:\/\/www.reveeveille.net\/cevennevivante\/wp-json\/wp\/v2\/media?parent=335"}],"wp:term":[{"taxonomy":"category","embeddable":true,"href":"https:\/\/www.reveeveille.net\/cevennevivante\/wp-json\/wp\/v2\/categories?post=335"},{"taxonomy":"post_tag","embeddable":true,"href":"https:\/\/www.reveeveille.net\/cevennevivante\/wp-json\/wp\/v2\/tags?post=335"}],"curies":[{"name":"wp","href":"https:\/\/api.w.org\/{rel}","templated":true}]}}