{"id":298,"date":"2022-10-07T15:21:48","date_gmt":"2022-10-07T13:21:48","guid":{"rendered":"http:\/\/www.reveeveille.net\/cevennevivante\/wordpress\/?p=298"},"modified":"2022-10-07T15:21:51","modified_gmt":"2022-10-07T13:21:51","slug":"mes-cevennes-a-moi","status":"publish","type":"post","link":"https:\/\/www.reveeveille.net\/cevennevivante\/mes-cevennes-a-moi\/","title":{"rendered":"Mes C\u00e9vennes \u00e0 moi"},"content":{"rendered":"\n<p>C&rsquo;est quoi, au juste, les C\u00e9vennes ? A cette question vaste comme le monde, je vais d\u2019abord vous proposer ma propre r\u00e9ponse au travers des diff\u00e9rentes rubriques du site, dans lesquelles je vous prom\u00e8nerai l\u00e0 ou j\u2019ai envie, si vous voulez bien me suivre.  Attention, mes C\u00e9vennes \u00e0 moi constituent un territoire qui n&rsquo;existe que dans mon c\u0153ur. Il s&rsquo;\u00e9tend grosso-modo du <a href=\"https:\/\/www.reveeveille.net\/cevennevivante\/?page_id=273\" data-type=\"page\" data-id=\"273\">Massif de l&rsquo;Aigoual<\/a>, au sud, au <a href=\"https:\/\/www.reveeveille.net\/cevennevivante\/?page_id=267\" data-type=\"page\" data-id=\"267\">Mont Loz\u00e8re<\/a>, au nord, en passant par le Causse M\u00e9jean, \u00e0 l&rsquo;ouest, et les vall\u00e9es c\u00e9venoles schisteuses, \u00e0 l&rsquo;est.<\/p>\n\n\n\n<p>Pour les besoins de ce site, j&rsquo;ai d\u00e9coup\u00e9 mes C\u00e9vennes personnelles en grandes zones correspondant grosso-modo aux diff\u00e9rents massifs qui les composent. C&rsquo;est \u00e9videmment un peu sommaire, si vous voulez approfondir il vous faudra chercher vous-m\u00eame les lieux sur une carte (mais \u00e7a ne fait pas de mal aux r\u00eaves).<\/p>\n\n\n\n<p>Dans cette liste, la <a href=\"https:\/\/www.reveeveille.net\/candelhospitalet\/\">can de l&rsquo;Hospitalet<\/a>, last but no least, \u00e0 fait l&rsquo;objet d&rsquo;un travail particulier, plus fouill\u00e9 que pour le reste de la r\u00e9gion. Parce que j&rsquo;y vis, tout simplement, et que l&rsquo;acuit\u00e9 de mon int\u00e9r\u00eat y est encore plus forte qu&rsquo;ailleurs. Du coup, le ton de cette rubrique est plus sp\u00e9cialis\u00e9, plus analytique, avec de nombreuses r\u00e9f\u00e9rences \u00e0 des \u00e9crits et travaux d&rsquo;autres personnes &#8211; donc forc\u00e9ment un peu moins personnel&#8230;<\/p>\n\n\n\n<p>Puis, \u00e0 un moment ou un autre de vos lectures sur ces pages, il est possible que ce pays vous happe dans les replis de ses montagnes, de ses destins crois\u00e9s ou de ses histoires folles. Alors vous aurez sans doute envie de tracer votre propre route. Le moment sera venu de plonger \u00e0 votre tour !<br>Allez, bonne route, et tenez-moi au courant ! Je vous laisse avec ma propre cartographie, qui renvoie vers plein de lieux qui me parlent (cliquez sur les points) :<\/p>\n\n\n\n<iframe loading=\"lazy\" scrolling=\"no\" marginheight=\"0\" marginwidth=\"0\" sandbox=\"allow-forms allow-scripts allow-same-origin\" src=\"https:\/\/www.geoportail.gouv.fr\/embed\/visu.html?c=3.6386672976863883,44.27189928472967&amp;z=13&amp;l0=GEOGRAPHICALGRIDSYSTEMS.MAPS::GEOPORTAIL:OGC:WMTS(1)&amp;d1=3933729(1)&amp;permalink=yes\" allowfullscreen=\"\" width=\"100%\" height=\"500\" frameborder=\"0\"><\/iframe>\n","protected":false},"excerpt":{"rendered":"<p>C&rsquo;est quoi, au juste, les C\u00e9vennes ? A cette question vaste comme le monde, je vais d\u2019abord vous proposer ma propre r\u00e9ponse au travers des diff\u00e9rentes rubriques du site, dans&hellip; <\/p>\n","protected":false},"author":3,"featured_media":929,"comment_status":"open","ping_status":"open","sticky":false,"template":"","format":"standard","meta":{"footnotes":""},"categories":[30],"tags":[],"class_list":["post-298","post","type-post","status-publish","format-standard","has-post-thumbnail","hentry","category-lesprit-des-lieux"],"jetpack_featured_media_url":"https:\/\/www.reveeveille.net\/cevennevivante\/wp-content\/uploads\/2021\/04\/20181215_alpes_depuis_lespinas_01.jpg","_links":{"self":[{"href":"https:\/\/www.reveeveille.net\/cevennevivante\/wp-json\/wp\/v2\/posts\/298","targetHints":{"allow":["GET"]}}],"collection":[{"href":"https:\/\/www.reveeveille.net\/cevennevivante\/wp-json\/wp\/v2\/posts"}],"about":[{"href":"https:\/\/www.reveeveille.net\/cevennevivante\/wp-json\/wp\/v2\/types\/post"}],"author":[{"embeddable":true,"href":"https:\/\/www.reveeveille.net\/cevennevivante\/wp-json\/wp\/v2\/users\/3"}],"replies":[{"embeddable":true,"href":"https:\/\/www.reveeveille.net\/cevennevivante\/wp-json\/wp\/v2\/comments?post=298"}],"version-history":[{"count":5,"href":"https:\/\/www.reveeveille.net\/cevennevivante\/wp-json\/wp\/v2\/posts\/298\/revisions"}],"predecessor-version":[{"id":2074,"href":"https:\/\/www.reveeveille.net\/cevennevivante\/wp-json\/wp\/v2\/posts\/298\/revisions\/2074"}],"wp:featuredmedia":[{"embeddable":true,"href":"https:\/\/www.reveeveille.net\/cevennevivante\/wp-json\/wp\/v2\/media\/929"}],"wp:attachment":[{"href":"https:\/\/www.reveeveille.net\/cevennevivante\/wp-json\/wp\/v2\/media?parent=298"}],"wp:term":[{"taxonomy":"category","embeddable":true,"href":"https:\/\/www.reveeveille.net\/cevennevivante\/wp-json\/wp\/v2\/categories?post=298"},{"taxonomy":"post_tag","embeddable":true,"href":"https:\/\/www.reveeveille.net\/cevennevivante\/wp-json\/wp\/v2\/tags?post=298"}],"curies":[{"name":"wp","href":"https:\/\/api.w.org\/{rel}","templated":true}]}}