{"id":2603,"date":"2024-10-06T09:51:41","date_gmt":"2024-10-06T07:51:41","guid":{"rendered":"https:\/\/www.reveeveille.net\/cevennevivante\/?p=2603"},"modified":"2024-10-07T10:37:35","modified_gmt":"2024-10-07T08:37:35","slug":"journal-dune-decouverte-paleontologique","status":"publish","type":"post","link":"https:\/\/www.reveeveille.net\/cevennevivante\/journal-dune-decouverte-paleontologique\/","title":{"rendered":"Nouvelles empreintes de dinosaures \u00e0 Saint-Laurent-de-Tr\u00e8ves : journal d&rsquo;une d\u00e9couverte pal\u00e9ontologique"},"content":{"rendered":"\n<h3 class=\"wp-block-heading\">Mai 2023<\/h3>\n\n\n\n<p>Les champignons, \u00e7a m\u00e8ne \u00e0 tout. Ecoutez plut\u00f4t.<\/p>\n\n\n\n<p>Ce jour l\u00e0, quelque part sur le plateau qui domine Saint-Laurent-de-Tr\u00e8ves, Sophie \u00e9tait comme \u00e0 son habitude en chasse autour de ronds de sorci\u00e8re h\u00e9bergeant parfois des Mousserons de la Saint-Georges. Peu concern\u00e9 par cette qu\u00eate, je baguenaudais dans les travers, suivant une trajectoire erratique qui n&rsquo;avait d&rsquo;autre objectif que de passer le temps. La parcelle, r\u00e9cemment d\u00e9frich\u00e9e, pr\u00e9sentait une surface chaotique, entrem\u00ealement de souches calcin\u00e9es, de cailloux entass\u00e9s et d&rsquo;\u00e9pineux en reconqu\u00e8te. Passant sans y faire attention au large d&rsquo;une bande rocheuse, je sentis s&rsquo;allumer le petit avertisseur que connaissent tous les passionn\u00e9s de prospection arch\u00e9ologique. \u00ab\u00a0Qui sait ? ne sois pas fain\u00e9ant, jette un oeil !\u00a0\u00bb. Je fis donc demi-tour pour comprendre ce qui avait d\u00e9clench\u00e9 ce signal.<\/p>\n\n\n\n<p>L\u00e0, sur la surface rocheuse, se dessinait nettement une empreinte de dinosaure.<\/p>\n\n\n<div class=\"wp-block-image\">\n<figure class=\"aligncenter\"><img decoding=\"async\" src=\"http:\/\/www.reveeveille.net\/photos\/2023\/0514_traces_dinosaures_can_ferriere\/20230514_traces_dinosaures_can_ferriere_04.jpg\" alt=\"\"\/><figcaption class=\"wp-element-caption\">Photo Marc Lemonnier<\/figcaption><\/figure>\n<\/div>\n\n\n<p>Comment avais-je pu passer tant de fois \u00e0 proximit\u00e9 sans la voir ? Question de lumi\u00e8re, probablement. A 19 heures le soleil, d\u00e9j\u00e0 bas, dardait ses rayons dor\u00e9s presque \u00e0 l&rsquo;horizontale. Cette incidence rasante mettait en valeur les moindres reliefs, rendant visible ce qui ne l&rsquo;aurait pas \u00e9t\u00e9 plus t\u00f4t en journ\u00e9e.<\/p>\n\n\n\n<p>J&rsquo;avais sous les yeux une \u00ab\u00a0Patte de poulet\u00a0\u00bb comme les appelle ma voisine, petite empreinte gracile \u00e0 trois doigts, si diff\u00e9rente des \u00e9normes empreintes de TRex ou de diplodocus que le grand public associe g\u00e9n\u00e9ralement aux dinosaures ! Je la reconnus instantan\u00e9ment : elle ressemblait comme une soeur \u00e0 celles que les touristes viennent admirer sur le <a href=\"https:\/\/www.reveeveille.net\/cevennevivante\/le-site-des-empreintes-de-dinosaure-de-saint-laurent-de-treves\/\" data-type=\"post\" data-id=\"1350\">Castelas de Saint-Laurent-de-Tr\u00e8ves<\/a>, identifi\u00e9es dans les ann\u00e9es cinquante. Depuis cette \u00e9poque, des dizaines d&rsquo;autres sites ont \u00e9t\u00e9 d\u00e9couverts en vall\u00e9e du Tarnon et aux alentours, \u00e0 tel point que le secteur des Grands Causses, dont fait partie la \u00ab\u00a0can\u00a0\u00bb (le plateau) de Saint-Laurent-de-Tr\u00e8ves, est connu des pal\u00e9ontologues du monde entier comme un immense \u00ab\u00a0m\u00e9ta site\u00a0\u00bb.<\/p>\n\n\n\n<p>Trouvaille modeste donc, que cette empreinte unique d&rsquo;une esp\u00e8ce probablement d\u00e9j\u00e0 connue et abondante. Sophie, \u00e0 laquelle je montrai fi\u00e8rement ma trouvaille, le comprit instantan\u00e9ment : apr\u00e8s avoir approuv\u00e9 avec bienveillance, elle s&rsquo;en retourna vers ses amoureux \u00e0 pieds et chapeaux.<\/p>\n\n\n\n<p>Malgr\u00e9 tout, la configuration du site semblait int\u00e9ressante. Dans les ann\u00e9es 60, un vieil habitant du Mazel, hameau situ\u00e9 \u00e0 deux kilom\u00e8tres \u00e0 vol d&rsquo;oiseau, sur le versant oppos\u00e9 de la vall\u00e9e du Tarnon, avait lui aussi d\u00e9couvert une unique empreinte sur un rebord de rocher \u00e9mergeant de l&rsquo;herbe. Une <a href=\"https:\/\/www.reveeveille.net\/cevennevivante\/empreintes-de-dinosaures-du-nouveau-en-vallee-du-tarnon\/\" data-type=\"post\" data-id=\"7\">fouille men\u00e9e en 2018<\/a> avait permis de mettre au jour une soixantaine d&#8217;empreintes suppl\u00e9mentaires.<\/p>\n\n\n<div class=\"wp-block-image\">\n<figure class=\"aligncenter\"><img decoding=\"async\" src=\"http:\/\/www.reveeveille.net\/photos\/2023\/0514_traces_dinosaures_can_ferriere\/20230514_traces_dinosaures_can_ferriere_07.jpg\" alt=\"\"\/><figcaption class=\"wp-element-caption\">Photo Marc Lemonnier<\/figcaption><\/figure>\n<\/div>\n\n\n<p>Et pourquoi pas ici ? Des centaines d&#8217;empreintes ? Des esp\u00e8ces encore inconnues ? La machine \u00e0 fantasmes \u00e9tait en train de se mettre en route. Pour rationaliser un peu, j&rsquo;avais besoin des lumi\u00e8res d&rsquo;un sp\u00e9cialiste. Il \u00e9tait facile \u00e0 trouver : dans notre minuscule d\u00e9partement est n\u00e9 l&rsquo;un des Dieux fran\u00e7ais des empreintes de dinosaures !<\/p>\n\n\n\n<h3 class=\"wp-block-heading\">Ann\u00e9es 90<\/h3>\n\n\n\n<p>Le petit Jean-David a une passion : les dinos. Peut-\u00eatre la sortie du film \u00ab\u00a0Jurassic Park\u00a0\u00bb, en 1993, y a t-elle contribu\u00e9, comme pour des milliers d&rsquo;enfants de par le monde ? La diff\u00e9rence, c&rsquo;est qu&rsquo;autour du causse M\u00e9jean o\u00f9 il vit, ces dr\u00f4les de bestioles ont laiss\u00e9 des traces : d\u00e8s 9 ans, il observe ses premi\u00e8res empreintes fossiles sur le site de Saint-Laurent-de-Tr\u00e8ves. Le voil\u00e0 ferr\u00e9 pour la vie. Ado, d\u00e8s qu&rsquo;il le peut il enfourche le v\u00e9lo, et bient\u00f4t la mob&rsquo;, pour parcourir la Loz\u00e8re \u00e0 la recherche de nouvelles empreintes. Arm\u00e9 d&rsquo;une carte g\u00e9ologique, il rep\u00e8re les affleurements des couches connues pour en h\u00e9berger et les prospecte m\u00e9thodiquement. Les d\u00e9couvertes sont au rendez-vous, mais la qu\u00eate est immense, et le jeune homme est bien seul. Les clubs de pal\u00e9ontologie les plus proches, \u00e0 Al\u00e8s ou Millau, sont beaucoup trop \u00e9loign\u00e9s. Heureusement, la classe de seconde au lyc\u00e9e Chaptal, lieu de brassage intense de la jeunesse loz\u00e9rienne, lui permet de rassembler une petite \u00e9quipe de potes, bient\u00f4t aussi passionn\u00e9s que lui. En 2005, pour donner de la visibilit\u00e9 et des moyens \u00e0 leur qu\u00eate, ils cr\u00e9ent l&rsquo;Association Pal\u00e9ontologique des Hauts Plateaux du Languedoc (APHPL). Le BAC, rat\u00e9 cette ann\u00e9e l\u00e0, a peut-\u00eatre fait les frais de l&rsquo;aventure, mais c&rsquo;est pour la bonne cause : d\u00e8s l&rsquo;ann\u00e9e suivante, dipl\u00f4me finalement en poche, Jean-David s&rsquo;engage r\u00e9solument dans la voie de la pal\u00e9ontologie professionnelle. A partir de la ma\u00eetrise, il m\u00e8ne son cursus \u00e0 Dijon pour se rapprocher de l&rsquo;unique sp\u00e9cialiste fran\u00e7ais des empreintes de dinosaures ! Mais il ne perd pas le nord (ou plut\u00f4t le sud) et propose \u00e0 son mentor de mener ses premiers travaux de recherche sur les empreintes des grands causses. Requ\u00eate accept\u00e9e !<\/p>\n\n\n\n<p>H\u00e9las, d\u00e9nu\u00e9e de financements et de d\u00e9bouch\u00e9s, la pal\u00e9o-ichnologie (\u00e9tude des empreintes fossiles) ne nourrit pas son homme. Lucide, Jean-David fait un d\u00e9tour momentan\u00e9 vers un domaine plus accessible : la pal\u00e9o-botanique. Sa th\u00e8se en poche, le Docteur Moreau va prendre sa revanche : pour am\u00e9liorer la connaissance des \u00e9cosyst\u00e8mes du M\u00e9sozo\u00efque, il participe \u00e0 d\u00e9velopper une approche nouvelle, combinant pal\u00e9o-botanique, s\u00e9dimentologie et&#8230; pal\u00e9o-ichnologie ! Enfin, les dinosaures font officiellement partie de son travail !<\/p>\n\n\n\n<p>Maintenant sp\u00e9cialiste reconnu nationalement et au del\u00e0, Jean-David continue pourtant \u00e0 mettre ses comp\u00e9tences, sa l\u00e9gitimit\u00e9 et son temps au service de l&rsquo;APHPL, toujours aussi ch\u00e8re \u00e0 son coeur ! Avec les ann\u00e9es, l&rsquo;association \u00e9largit son audience. Le groupe de copains initial s&rsquo;\u00e9toffe d&rsquo;\u00e9tudiants, d&rsquo;amateurs, de chercheurs, largement extra loz\u00e9riens, et toujours passionn\u00e9.e.s bien s\u00fbr. L&rsquo;association se d\u00e9marque de l&rsquo;immense majorit\u00e9 des clubs pal\u00e9ontologiques fran\u00e7ais (qui sont avant tout constitu\u00e9s de collectionneurs en qu\u00eate de fossiles) pour faire de la science. L&rsquo;\u00e9quipe est maintenant capable de mener des campagnes de prospection et de fouille d&rsquo;envergure, au s\u00e9rieux reconnu.<\/p>\n\n\n\n<p>Voil\u00e0 le contact qu&rsquo;il me fallait pour \u00e9valuer l&rsquo;int\u00e9r\u00eat de mon empreinte.<\/p>\n\n\n\n<h3 class=\"wp-block-heading\">Mai 2023<\/h3>\n\n\n\n<p>Sans sauter au plafond car il en avait vu bien d&rsquo;autres, Jean-David prit n\u00e9anmoins mon appel t\u00e9l\u00e9phonique au s\u00e9rieux, et d\u00e9cida de venir faire une petite visite sur le site \u00e0 l&rsquo;occasion d&rsquo;un passage en Loz\u00e8re. Apercevant le rocher que je lui d\u00e9signai, il s&rsquo;exclama avec bonhomie : \u00ab\u00a0Oho, deux empreintes compl\u00e8tes, tout \u00e0 fait !\u00a0\u00bb. La bonne accessibilit\u00e9 du site, sa configuration presque horizontale facile \u00e0 fouiller, lui sembl\u00e8rent int\u00e9ressantes. Il entama imm\u00e9diatement l&rsquo;\u00e9tablissement d&rsquo;un relev\u00e9 de terrain, avec dans l&rsquo;id\u00e9e de faire une demande d&rsquo;autorisation pour une campagne de fouille.<\/p>\n\n\n<div class=\"wp-block-image\">\n<figure class=\"aligncenter\"><img decoding=\"async\" src=\"http:\/\/www.reveeveille.net\/photos\/2023\/0514_traces_dinosaures_can_ferriere\/20230514_traces_dinosaures_can_ferriere_09.jpg\" alt=\"\"\/><figcaption class=\"wp-element-caption\">Le pal\u00e9ontologue et le d\u00e9couvreur en grande discussion (Photo Sophie Lemonnier)<\/figcaption><\/figure>\n<\/div>\n\n\n<p>En repartant, Jean-David me fit un peu de p\u00e9dagogie : \u00ab\u00a0Par contre, Marc, on reste discrets, hein ? Et tu ne prends pas d&rsquo;initiatives !\u00a0\u00bb Sacr\u00e9 JD, il commence d\u00e9j\u00e0 \u00e0 me conna\u00eetre !<\/p>\n\n\n\n<h3 class=\"wp-block-heading\">Printemps 2024<\/h3>\n\n\n\n<p>Jean-David s&rsquo;est bien boug\u00e9 pendant l&rsquo;hiver. Il a pris contact avec toutes les institutions concern\u00e9es par les projets de fouille : propri\u00e9taire du terrain, Commune, Communaut\u00e9 de Communes, Parc National des C\u00e9vennes&#8230; curieusement, tout s&rsquo;est encha\u00een\u00e9 beaucoup plus simplement que ne me l&rsquo;avait laiss\u00e9 esp\u00e9rer le souvenir d&rsquo;une exp\u00e9rience pr\u00e9c\u00e9dente, une <a href=\"https:\/\/www.reveeveille.net\/candelhospitalet\/journal-dune-decouverte-archeologique\/\">d\u00e9couverte arch\u00e9ologique<\/a> suite \u00e0 laquelle aucune fouille n&rsquo;a pu \u00eatre men\u00e9e. Cette fois, l&rsquo;autorisation a \u00e9t\u00e9 accord\u00e9e sans discuter et sans d\u00e9lais. L&rsquo;op\u00e9ration est programm\u00e9e pour le d\u00e9but du mois d&rsquo;ao\u00fbt.<\/p>\n\n\n\n<p>Maintenant que le processus est engag\u00e9, un doute s&rsquo;insinue en moi : et si cette empreinte \u00e9tait unique ? Et si le dinosaure qui l&rsquo;a imprim\u00e9e dans le sol avait subitement chang\u00e9 d&rsquo;avis ? Apercevant au loin un animal app\u00e9tissant, il aurait fait un d\u00e9rapage contr\u00f4l\u00e9 et chang\u00e9 de cap, laissant vierge la future zone de fouille ? Des dizaines de personnes vont peut-\u00eatre consacrer une semaine de vacances \u00e0 travailler pour rien !<\/p>\n\n\n\n<h3 class=\"wp-block-heading\">1er ao\u00fbt 2024<\/h3>\n\n\n\n<p>Le site est grandiose. Au premier plan, un vaste moutonnement herbeux bien d\u00e9gag\u00e9, duquel \u00e9mergent les strates rocheuses, dont l&rsquo;une porte les empreintes. Derri\u00e8re, s&rsquo;ouvre le gouffre de la Vall\u00e9e du Tarnon. Au del\u00e0, vers l&rsquo;ouest, les immenses falaises du <a href=\"https:\/\/www.reveeveille.net\/cevennevivante\/le-causse-mejean\/\" data-type=\"post\" data-id=\"1262\">causse M\u00e9jean<\/a> barrent l&rsquo;horizon, surmont\u00e9es par le Mont <a href=\"https:\/\/www.reveeveille.net\/cevennevivante\/le-mont-gargo\/\" data-type=\"post\" data-id=\"1267\">Gargo<\/a>. Au sud, le <a href=\"https:\/\/www.reveeveille.net\/cevennevivante\/aigoual-lesprit-dun-grand\/\" data-type=\"post\" data-id=\"274\">Mont Aigoual<\/a> domine l&rsquo;ensemble. Si j&rsquo;avais v\u00e9cu dinosaure, j&rsquo;aurais aim\u00e9 laisser mes empreintes dans un endroit pareil.<\/p>\n\n\n\n<p>Toute l&rsquo;\u00e9quipe de l&rsquo;APHPL est \u00e0 pieds d&rsquo;oeuvre. Il y a l\u00e0 une quinzaine de personnes, \u00e9tudiants, chercheurs, amateurs&#8230; plusieurs ont particip\u00e9 \u00e0 la <a href=\"https:\/\/www.reveeveille.net\/cevennevivante\/empreintes-de-dinosaures-du-nouveau-en-vallee-du-tarnon\/\" data-type=\"post\" data-id=\"7\">fouille du Mazel, en 2018<\/a>. Que des passionn\u00e9s ! Il va leur falloir du courage pour mener le job, car si l&rsquo;\u00e9t\u00e9 2024 s&rsquo;est montr\u00e9 plut\u00f4t frais jusqu&rsquo;\u00e0 pr\u00e9sent, les grosses chaleurs viennent de s&rsquo;installer pour quelques jours.<\/p>\n\n\n<div class=\"wp-block-image\">\n<figure class=\"aligncenter\"><img decoding=\"async\" src=\"http:\/\/www.reveeveille.net\/photos\/2024\/0801_chantier_fouille_empreintes_dinos\/20240801_chantier_fouille_empreintes_dinos_04.jpg\" alt=\"\"\/><figcaption class=\"wp-element-caption\">Photo <a href=\"https:\/\/www.remiflament.com\">R\u00e9mi Flament<\/a><\/figcaption><\/figure>\n<\/div>\n\n\n<p>Les fouilleurs commencent \u00e0 d\u00e9blayer les alentours de la trace n\u00b01. Le travail est facile, \u00e0 cet endroit la roche n&rsquo;est couverte que de quelques centim\u00e8tres de terre. Tr\u00e8s vite, une nouvelle empreinte appara\u00eet. La direction de progression n&rsquo;est pas la m\u00eame, il s&rsquo;agit donc d&rsquo;un autre individu. Plusieurs autres empreintes sont r\u00e9v\u00e9l\u00e9es dans les heures qui suivent, mais aucune ne correspond \u00e0 dino n\u00b01. Finalement, on ne saura jamais s&rsquo;il a continu\u00e9 tout droit, car un m\u00e8tre plus loin, plusieurs strates rocheuses recouvrent l&rsquo;espace o\u00f9 auraient pu se trouver ses empreintes suivantes. Et comme ces strates portent elle-m\u00eame des empreintes (datant d&rsquo;une \u00e9poque plus r\u00e9cente, donc), l&rsquo;\u00e9quipe d\u00e9cide de les laisser en place, sans possibilit\u00e9 de savoir ce qu&rsquo;il y a dessous. Un \u00ab\u00a0Tiens\u00a0\u00bb vaut mieux que deux \u00ab\u00a0Tu l&rsquo;auras\u00a0\u00bb ! En tout cas l&rsquo;honneur est sauf : il y a des empreintes partout, le chantier ne sera pas un \u00e9chec !<\/p>\n\n\n<div class=\"wp-block-image\">\n<figure class=\"aligncenter\"><img decoding=\"async\" src=\"http:\/\/www.reveeveille.net\/photos\/2024\/0801_chantier_fouille_empreintes_dinos\/20240801_chantier_fouille_empreintes_dinos_06.jpg\" alt=\"\"\/><figcaption class=\"wp-element-caption\">L&#8217;empreinte n\u00b01, une fois d\u00e9gag\u00e9e (Photo David Dickinson)<\/figcaption><\/figure>\n<\/div>\n\n\n<p>Rapidement, les d\u00e9couvertes s&rsquo;encha\u00eenent, r\u00e9v\u00e9lant de nombreuses empreintes dont certaines sont organis\u00e9es en cheminements se croisant en tous sens. Il y a eu du monde ici ! Et en plus, la qualit\u00e9 est au rendez-vous : les empreintes sont nettes et bien dessin\u00e9es, d&rsquo;un excellent niveau de conservation.<\/p>\n\n\n<div class=\"wp-block-image\">\n<figure class=\"aligncenter\"><img decoding=\"async\" src=\"http:\/\/www.reveeveille.net\/photos\/2024\/0801_chantier_fouille_empreintes_dinos\/20240801_chantier_fouille_empreintes_dinos_01.jpg\" alt=\"\"\/><figcaption class=\"wp-element-caption\">Photo <a href=\"https:\/\/www.remiflament.com\">R\u00e9mi Flament<\/a><\/figcaption><\/figure>\n<\/div>\n\n\n<p>Jour apr\u00e8s jour, l&rsquo;\u00e9paisseur de terre \u00e0 enlever augmente, et bient\u00f4t il faut aussi d\u00e9monter des couches rocheuses qui sont venues se superposer aux niveaux \u00e0 empreintes. Le travail est de plus en plus p\u00e9nible, de plus en plus lent, mais les d\u00e9couvertes fr\u00e9quentes aident le moral des troupes \u00e0 se maintenir au beau fixe<\/p>\n\n\n<div class=\"wp-block-image\">\n<figure class=\"aligncenter\"><img decoding=\"async\" src=\"http:\/\/www.reveeveille.net\/photos\/2024\/0801_chantier_fouille_empreintes_dinos\/20240801_chantier_fouille_empreintes_dinos_05.jpg\" alt=\"\"\/><figcaption class=\"wp-element-caption\">Photo <a href=\"https:\/\/www.remiflament.com\">R\u00e9mi Flament<\/a><\/figcaption><\/figure>\n<\/div>\n\n\n<p>Des habitants des environs, apercevant la fourmili\u00e8re en action, s&rsquo;approchent en curieux. Bien accueillis par Jean-David qui est \u00e0 son affaire dans ce r\u00f4le de m\u00e9diateur, ils reviennent les jours suivants avec la famille et les amis, pour suivre la chronologie des d\u00e9couvertes. Certains se mettent m\u00eame au travail avec l&rsquo;\u00e9quipe qui re\u00e7oit les coups de main avec gratitude.<\/p>\n\n\n<div class=\"wp-block-image\">\n<figure class=\"aligncenter\"><img decoding=\"async\" src=\"http:\/\/www.reveeveille.net\/photos\/2024\/0801_chantier_fouille_empreintes_dinos\/20240801_chantier_fouille_empreintes_dinos_03.jpg\" alt=\"\"\/><figcaption class=\"wp-element-caption\">Photo <a href=\"https:\/\/www.remiflament.com\">R\u00e9mi Flament<\/a><\/figcaption><\/figure>\n<\/div>\n\n\n<p>Le bruit court dans la vall\u00e9e. Les m\u00e9dias locaux arrivent bient\u00f4t sur le site, interrogent, filment, publient des articles, jonglant comme ils peuvent avec des termes trop sp\u00e9cialis\u00e9s pour leurs publics. Pour diversifier un peu leur information qui tourne essentiellement autour des jeux olympiques Paris 2024 qui battent leur plein, les m\u00e9dias nationaux reprennent \u00e0 leur tour cette mati\u00e8re succincte et la republient sans cesse, parfois avec des erreurs. Qu&rsquo;importe, pendant quelques jours, ce petit bout de plateau bruisse de passion et d&rsquo;\u00e9nergie.<\/p>\n\n\n<div class=\"wp-block-image\">\n<figure class=\"aligncenter\"><img decoding=\"async\" src=\"http:\/\/www.reveeveille.net\/photos\/2024\/0801_chantier_fouille_empreintes_dinos\/20240801_chantier_fouille_empreintes_dinos_02.jpg\" alt=\"\"\/><figcaption class=\"wp-element-caption\">Conf\u00e9rence sur le site (Photo <a href=\"https:\/\/www.remiflament.com\">R\u00e9mi Flament<\/a>)<\/figcaption><\/figure>\n<\/div>\n\n\n<p>Cinq jours plus tard, le chantier touche \u00e0 sa fin. Il aurait pu se prolonger encore longtemps, car dans toutes les directions, c&rsquo;est certain, il y a encore des empreintes \u00e0 d\u00e9gager. Mais il faut bien s&rsquo;arr\u00eater quelque part, l&rsquo;\u00e9nergie et la disponilbilit\u00e9 des fouilleurs ne sont pas infinies. La dalle de 150 m\u00b2, parfaitement nettoy\u00e9e, est num\u00e9ris\u00e9e pour permettre de mener des \u00e9tudes compl\u00e9mentaires en laboratoire, qui seront plus pr\u00e9cises que sur le terrain. Et puis, pour prot\u00e9ger les empreintes de l&rsquo;\u00e9rosion, mais aussi des humains qui h\u00e9las ne manqueraient pas de se servir, l&rsquo;\u00e9quipe remet en place les tonnes de terre et de cailloux d\u00e9plac\u00e9s, et recouvre la zone.<\/p>\n\n\n<div class=\"wp-block-image\">\n<figure class=\"aligncenter\"><img decoding=\"async\" src=\"http:\/\/www.reveeveille.net\/photos\/2024\/0801_chantier_fouille_empreintes_dinos\/20240801_chantier_fouille_empreintes_dinos_10.jpg\" alt=\"\"\/><figcaption class=\"wp-element-caption\">Le lidar, syst\u00e8me de num\u00e9risation 3D (Photo <a href=\"https:\/\/www.remiflament.com\">R\u00e9mi Flament<\/a>)<\/figcaption><\/figure>\n<\/div>\n\n<div class=\"wp-block-image\">\n<figure class=\"aligncenter\"><img decoding=\"async\" src=\"http:\/\/www.reveeveille.net\/photos\/2024\/0801_chantier_fouille_empreintes_dinos\/20240801_chantier_fouille_empreintes_dinos_08.jpg\" alt=\"\"\/><figcaption class=\"wp-element-caption\">Le site en cours de r\u00e9enfouissement (Photo <a href=\"https:\/\/www.remiflament.com\">R\u00e9mi Flament<\/a>)<\/figcaption><\/figure>\n<\/div>\n\n\n<p>Depuis, l&rsquo;herbe repousse sur les remblais. Bient\u00f4t, les deux empreintes d&rsquo;origine, laiss\u00e9es apparentes, seront les seuls t\u00e9moins de l&rsquo;agitation qui a r\u00e9gn\u00e9 ici quelques jours. Mais l\u00e0-dessous&#8230;<\/p>\n\n\n<div class=\"wp-block-image\">\n<figure class=\"aligncenter\"><img decoding=\"async\" src=\"http:\/\/www.reveeveille.net\/photos\/2024\/0801_chantier_fouille_empreintes_dinos\/20240801_chantier_fouille_empreintes_dinos_09.jpg\" alt=\"\"\/><figcaption class=\"wp-element-caption\">L&rsquo;\u00e9quipe des fouilleurs au grand complet (Photo <a href=\"https:\/\/www.remiflament.com\">R\u00e9mi Flament<\/a>)<\/figcaption><\/figure>\n<\/div>\n\n\n<h2 class=\"wp-block-heading\">Et les donn\u00e9es ?<\/h2>\n\n\n\n<p>En bons scientifiques, les pal\u00e9ontologues sont des gens prudents. Ils n&rsquo;affirment rien dont ils ne soient certains. Voil\u00e0 pourquoi cet article n&rsquo;apporte pas d&rsquo;informations pr\u00e9cises (noms d&rsquo;esp\u00e8ce, comportements, donn\u00e9es environnementales&#8230;). Celles-ci viendront plus tard (dans quelques mois, voire quelques ann\u00e9es), apr\u00e8s les \u00e9tudes en laboratoire, et la publication d&rsquo;un article de synth\u00e8se dans une revue scientifique. Il faudra attendre !<\/p>\n\n\n\n<p>Pour temp\u00e9rer un peu la frustration, et si l&rsquo;on fait l&rsquo;hypoth\u00e8se que le site pr\u00e9sente des caract\u00e9ristiques proches de celles du site du Mazel, la lecture de l&rsquo;<a href=\"https:\/\/www.reveeveille.net\/cevennevivante\/empreintes-de-dinosaures-du-nouveau-en-vallee-du-tarnon\/\" data-type=\"post\" data-id=\"7\">article sur la fouille de 2018<\/a> pourra vous apporter des informations int\u00e9ressantes.<\/p>\n\n\n\n<p>Merci \u00e0 R\u00e9mi Flament (<a href=\"https:\/\/www.remiflament.com\">https:\/\/www.remiflament.com<\/a>) et David Dickinson pour les photos. Merci \u00e0 Jean-David pour sa p\u00e9dagogie permanente et son temps.<\/p>\n\n\n\n<iframe loading=\"lazy\" width=\"100%\" height=\"450\" src=\"https:\/\/www.youtube.com\/embed\/4jsDdkuc9VM?si=wmirKl7ykm_H-dbn\" title=\"YouTube video player\" frameborder=\"0\" allow=\"accelerometer; autoplay; clipboard-write; encrypted-media; gyroscope; picture-in-picture; web-share\" referrerpolicy=\"strict-origin-when-cross-origin\" allowfullscreen><\/iframe>\n","protected":false},"excerpt":{"rendered":"<p>Mai 2023 Les champignons, \u00e7a m\u00e8ne \u00e0 tout. Ecoutez plut\u00f4t. Ce jour l\u00e0, quelque part sur le plateau qui domine Saint-Laurent-de-Tr\u00e8ves, Sophie \u00e9tait comme \u00e0 son habitude en chasse autour&hellip; <\/p>\n","protected":false},"author":3,"featured_media":3062,"comment_status":"open","ping_status":"open","sticky":false,"template":"","format":"standard","meta":{"footnotes":""},"categories":[90],"tags":[],"class_list":["post-2603","post","type-post","status-publish","format-standard","has-post-thumbnail","hentry","category-paleontologie"],"jetpack_featured_media_url":"https:\/\/www.reveeveille.net\/cevennevivante\/wp-content\/uploads\/2024\/10\/20230514_traces_dinosaures_can_ferriere_04.jpg","_links":{"self":[{"href":"https:\/\/www.reveeveille.net\/cevennevivante\/wp-json\/wp\/v2\/posts\/2603","targetHints":{"allow":["GET"]}}],"collection":[{"href":"https:\/\/www.reveeveille.net\/cevennevivante\/wp-json\/wp\/v2\/posts"}],"about":[{"href":"https:\/\/www.reveeveille.net\/cevennevivante\/wp-json\/wp\/v2\/types\/post"}],"author":[{"embeddable":true,"href":"https:\/\/www.reveeveille.net\/cevennevivante\/wp-json\/wp\/v2\/users\/3"}],"replies":[{"embeddable":true,"href":"https:\/\/www.reveeveille.net\/cevennevivante\/wp-json\/wp\/v2\/comments?post=2603"}],"version-history":[{"count":52,"href":"https:\/\/www.reveeveille.net\/cevennevivante\/wp-json\/wp\/v2\/posts\/2603\/revisions"}],"predecessor-version":[{"id":3064,"href":"https:\/\/www.reveeveille.net\/cevennevivante\/wp-json\/wp\/v2\/posts\/2603\/revisions\/3064"}],"wp:featuredmedia":[{"embeddable":true,"href":"https:\/\/www.reveeveille.net\/cevennevivante\/wp-json\/wp\/v2\/media\/3062"}],"wp:attachment":[{"href":"https:\/\/www.reveeveille.net\/cevennevivante\/wp-json\/wp\/v2\/media?parent=2603"}],"wp:term":[{"taxonomy":"category","embeddable":true,"href":"https:\/\/www.reveeveille.net\/cevennevivante\/wp-json\/wp\/v2\/categories?post=2603"},{"taxonomy":"post_tag","embeddable":true,"href":"https:\/\/www.reveeveille.net\/cevennevivante\/wp-json\/wp\/v2\/tags?post=2603"}],"curies":[{"name":"wp","href":"https:\/\/api.w.org\/{rel}","templated":true}]}}