{"id":2160,"date":"2022-11-30T18:24:57","date_gmt":"2022-11-30T17:24:57","guid":{"rendered":"https:\/\/www.reveeveille.net\/cevennevivante\/?p=2160"},"modified":"2022-12-18T17:39:04","modified_gmt":"2022-12-18T16:39:04","slug":"une-descente-du-tarn-en-hiver","status":"publish","type":"post","link":"https:\/\/www.reveeveille.net\/cevennevivante\/une-descente-du-tarn-en-hiver\/","title":{"rendered":"Une descente du Tarn en hiver"},"content":{"rendered":"\n<p>Le probl\u00e8me des sites touristiques, c&rsquo;est qu&rsquo;ils attirent beaucoup de monde. Je le comprends et l&rsquo;accepte ais\u00e9ment : partout o\u00f9 mes pas me portent, je m&#8217;empresse moi-m\u00eame de leur rendre visite, et je suis rarement d\u00e9\u00e7u car ils sont g\u00e9n\u00e9ralement connus pour de bonnes raisons. Si l&rsquo;on n&rsquo;est pas allergique aux cris et gloussements, \u00e0 Fun Radio, aux \u00e9claboussures, aux odeurs de tabac, aux crottes de chien ni aux doigts de pieds \u00e9cras\u00e9s, l&rsquo;aventure pourra \u00eatre agr\u00e9able.<\/p>\n\n\n\n<p>C&rsquo;est un fait : entre grand tourisme et tranquillit\u00e9, il faut g\u00e9n\u00e9ralement faire un choix. La Loz\u00e8re et les  C\u00e9venne, ne sont pas avares de ces deux cat\u00e9gories. D&rsquo;un c\u00f4t\u00e9, les paysages somptueux et submerg\u00e9s de visiteurs de l&rsquo;aven Armand, des Gorges du Tarn ou du mont Aigoual, de l&rsquo;autre les espaces vides et silencieux des sentiers oubli\u00e9s, des for\u00eats sombres et des ruisseaux tortueux et sauvages.<\/p>\n\n\n\n<p>La descente des gorges du Tarn en cano\u00eb, kayak ou paddle fait partie de la premi\u00e8re cat\u00e9gorie. C&rsquo;est une activit\u00e9 tr\u00e8s ludique, tr\u00e8s bien encadr\u00e9e, qui se d\u00e9roule dans un cadre impressionnant. Sans atteindre la fr\u00e9quentation des gorges de l&rsquo;Ard\u00e8che, il y passe plusieurs centaines de personnes par jour entre le 15 juillet et le 15 ao\u00fbt. Sur la route, les camionnettes des agences de location font des allers-retours incessants pour d\u00e9poser les bateaux sur les sites de d\u00e9part ou les r\u00e9cup\u00e9rer sur les plages de d\u00e9barquement&#8230; car c&rsquo;est quasiment de cela qu&rsquo;il s&rsquo;agit ! Les autochtones dont je suis s&rsquo;aventurent rarement dans les gorges durant cette p\u00e9riode ag\u00eet\u00e9e.<\/p>\n\n\n\n<p>Heureusement, il existe un moyen de combiner grands sites ET tranquillit\u00e9. Vous l&rsquo;avez devin\u00e9, il suffit de faire un pas de c\u00f4t\u00e9, et d&rsquo;\u00eatre l\u00e0 au bon moment, c&rsquo;est \u00e0 dire en dehors des p\u00e9riodes touristiques. Et plus efficacement encore : au coeur m\u00eame de l&rsquo;hiver. Pour une exp\u00e9rience radicalement diff\u00e9rente.<\/p>\n\n\n\n<p>Le premier choc, en entrant dans les gorges, c&rsquo;est la lumi\u00e8re. Nous sommes en f\u00e9vrier, le soleil n&rsquo;atteind le fonds qu&rsquo;en de rares endroits bien orient\u00e9s, et il r\u00e8gne une p\u00e9nombre aust\u00e8re, qui fait instantan\u00e9ment douter. Pourquoi n&rsquo;avoir pas tout simplement choisi de faire une balade l\u00e0-haut, sur le rebord du causse de Sauveterre, inond\u00e9 d&rsquo;une lumi\u00e8re dor\u00e9e ? Au sortir de la voiture, le froid  attaque \u00e0 son tour. A proximit\u00e9 de l&rsquo;eau, il enveloppe, p\u00e9n\u00e8tre, transit. Seconde phase de doute : et pourquoi pas plut\u00f4t les Canaries ? Vite, les fourrures polaires, doudounes, bonnets. Ou est la chaleur \u00e9crasante des descentes estivales, qui donne presque envie de tomber \u00e0 l&rsquo;eau ? La rivi\u00e8re qui fume dans l&rsquo;air glac\u00e9 fait presque peur.  Le projet \u00e9tait d&rsquo;utiliser des combinaisons n\u00e9opr\u00e8nes mais personne n&rsquo;a envie de se d\u00e9shabiller pour les enfiler. On pagaiera emmitoufl\u00e9s, en priant de ne pas tomber.<\/p>\n\n\n\n<figure class=\"wp-block-image\"><img decoding=\"async\" src=\"http:\/\/www.reveeveille.net\/photos\/2022\/0211_descente_tarn_canoe\/20220211_descente_tarn_canoe_02.jpg\" alt=\"\"\/><\/figure>\n\n\n\n<p>Les pr\u00e9paratifs r\u00e9chauffent les corps. Dans l&rsquo;action, le froid sera supportable. Les deux cano\u00ebs s&rsquo;\u00e9lancent bient\u00f4t sur l&rsquo;eau. C&rsquo;est le troisi\u00e8me choc : l&rsquo;eau. Elle est belle, incroyablement transparente. Pas une algue, pas la moindre pellicule bact\u00e9rienne. Le fonds caillouteux est visible \u00e0 plusieurs m\u00e8tres, des truites vont et viennent tranquillement, myst\u00e9rieusement suspendues dans les airs.<\/p>\n\n\n\n<p>La descente commence, tranquille sur ces premiers biefs sans surprise. Le rythme s&rsquo;installe, se r\u00e9gularise. Les conversations vont et viennent, puis se tarissent. Peu \u00e0 peu monte une sensation \u00e9trange, dont je tarde \u00e0 identifier l&rsquo;origine : le silence.  Aucun cri d&rsquo;enfant excit\u00e9, aucun vrombissement de moto r\u00e9sonnant en \u00e9cho sur les falaises. Juste le clapotis des pagaies qui cr\u00e8vent la surface, et le ruissellement des gouttes qui retombent en pluie. Un luxe incroyable ! La nature elle-m\u00eame semble s&rsquo;\u00eatre tue : pas le moindre chant d&rsquo;oiseau. Impression de matin du monde, d&rsquo;aventure extraordinaire.<\/p>\n\n\n\n<figure class=\"wp-block-image\"><img decoding=\"async\" src=\"http:\/\/www.reveeveille.net\/photos\/2022\/0211_descente_tarn_canoe\/20220211_descente_tarn_canoe_01.jpg\" alt=\"\"\/><\/figure>\n\n\n\n<p>De loin en loin, le face-\u00e0-face avec la nature est interrompu par l&rsquo;apparition, au d\u00e9tour d&rsquo;un m\u00e9andre, d&rsquo;un hameau mythique. Castelbouc, avec sa grotte vulvaire, et le maigrelet vestige de son ch\u00e2teau. Sainte-Enimie, o\u00f9 un barrage insignifiant nous retient un long moment. Saint-Ch\u00e9ly-du-Tarn. Le lent passage sous son pont majestueux rappelle le franchissement de l&rsquo;Argonath par les membres de la compagnie de l&rsquo;anneau, impressionn\u00e9s. Tous ces lieux tant de fois parcourus a pieds ou en p\u00e9riode touristique prennent soudain, contempl\u00e9s depuis la rivi\u00e8re d\u00e9serte, une allure nouvelle, totalement d\u00e9paysante, d\u00e9routante. Inspirante.<\/p>\n\n\n\n<div class=\"wp-block-columns is-layout-flex wp-container-core-columns-is-layout-9d6595d7 wp-block-columns-is-layout-flex\">\n<div class=\"wp-block-column is-layout-flow wp-block-column-is-layout-flow\">\n<figure class=\"wp-block-image\"><img decoding=\"async\" src=\"http:\/\/www.reveeveille.net\/photos\/2022\/0211_descente_tarn_canoe\/20220211_descente_tarn_canoe_03.jpg\" alt=\"\"\/><figcaption class=\"wp-element-caption\">La grotte de Castelbouc<\/figcaption><\/figure>\n\n\n\n<figure class=\"wp-block-image\"><img decoding=\"async\" src=\"http:\/\/www.reveeveille.net\/photos\/2022\/0211_descente_tarn_canoe\/20220211_descente_tarn_canoe_06.jpg\" alt=\"\"\/><figcaption class=\"wp-element-caption\">Le barrage de Sainte Enimie<\/figcaption><\/figure>\n<\/div>\n\n\n\n<div class=\"wp-block-column is-layout-flow wp-block-column-is-layout-flow\">\n<figure class=\"wp-block-image\"><img decoding=\"async\" src=\"http:\/\/www.reveeveille.net\/photos\/2022\/0211_descente_tarn_canoe\/20220211_descente_tarn_canoe_05.jpg\" alt=\"\"\/><figcaption class=\"wp-element-caption\">Castelbouc<\/figcaption><\/figure>\n\n\n\n<figure class=\"wp-block-image\"><img decoding=\"async\" src=\"http:\/\/www.reveeveille.net\/photos\/2022\/0211_descente_tarn_canoe\/20220211_descente_tarn_canoe_19.jpg\" alt=\"\"\/><figcaption class=\"wp-element-caption\">Saint-Ch\u00e9ly-du-Tarn<\/figcaption><\/figure>\n<\/div>\n<\/div>\n\n\n\n<p>Ce soir, la temp\u00e9rature chute plusieurs degr\u00e9s sous z\u00e9ro. Les bois flott\u00e9s ne manquent pas aux alentours du camp, le feu repousse les t\u00e9n\u00e8bres et nous isole dans une minuscule bulle d&rsquo;humanit\u00e9 ti\u00e8de perdue au milieu de l&rsquo;immensit\u00e9 d\u00e9sertique et glaciale.<\/p>\n\n\n\n<div class=\"wp-block-columns is-layout-flex wp-container-core-columns-is-layout-9d6595d7 wp-block-columns-is-layout-flex\">\n<div class=\"wp-block-column is-layout-flow wp-block-column-is-layout-flow\">\n<figure class=\"wp-block-image\"><img decoding=\"async\" src=\"http:\/\/www.reveeveille.net\/photos\/2022\/0211_descente_tarn_canoe\/20220211_descente_tarn_canoe_18.jpg\" alt=\"\"\/><\/figure>\n<\/div>\n\n\n\n<div class=\"wp-block-column is-layout-flow wp-block-column-is-layout-flow\">\n<figure class=\"wp-block-image\"><img decoding=\"async\" src=\"http:\/\/www.reveeveille.net\/photos\/2022\/0211_descente_tarn_canoe\/20220211_descente_tarn_canoe_07.jpg\" alt=\"\"\/><\/figure>\n<\/div>\n<\/div>\n\n\n\n<p>Seconde journ\u00e9e. Petit d\u00e9jeuner autour du feu. Le camp, pli\u00e9 et rang\u00e9 dans les bidons \u00e9tanches, rejoint sa place dans les cano\u00ebs. A nouveau, les berges d\u00e9filent de part et d&rsquo;autre, monotones et pourtant toujours diff\u00e9rentes. Les heures passent.<\/p>\n\n\n\n<p>A la pause de midi, incroyable : un autre \u00eatre humain apparait sur la rivi\u00e8re, recroquevill\u00e9 dans un minuscule canot gonflable. Impossible de s&rsquo;ignorer au milieu du d\u00e9sert, nous nous rapprochons mutuellement. Sans nous conna\u00eetre vraiment, comme tous les autochtones, nous nous sommes d\u00e9j\u00e0 crois\u00e9s. Echangeant sur nos aventures respectives, nous partageons notre modeste repas, la relation se noue plus solidement. Nous repartons, chacun de notre c\u00f4t\u00e9, lui par le sentier du causse, nous par la rivi\u00e8re. Une telle rencontre au milieu de nulle part scelle in\u00e9vitablement quelque chose de d\u00e9finitif : chaque fois que nous nous croiserons dans l&rsquo;avenir, ce souvenir nous rapprochera instantan\u00e9ment.<\/p>\n\n\n\n<div class=\"wp-block-columns is-layout-flex wp-container-core-columns-is-layout-9d6595d7 wp-block-columns-is-layout-flex\">\n<div class=\"wp-block-column is-layout-flow wp-block-column-is-layout-flow\">\n<figure class=\"wp-block-image\"><img decoding=\"async\" src=\"http:\/\/www.reveeveille.net\/photos\/2022\/0211_descente_tarn_canoe\/20220211_descente_tarn_canoe_08.jpg\" alt=\"\"\/><figcaption class=\"wp-element-caption\">Une rencontre inattendue<\/figcaption><\/figure>\n<\/div>\n\n\n\n<div class=\"wp-block-column is-layout-flow wp-block-column-is-layout-flow\">\n<figure class=\"wp-block-image\"><img decoding=\"async\" src=\"http:\/\/www.reveeveille.net\/photos\/2022\/0211_descente_tarn_canoe\/20220211_descente_tarn_canoe_10.jpg\" alt=\"\"\/><figcaption class=\"wp-element-caption\">Pause<\/figcaption><\/figure>\n<\/div>\n<\/div>\n\n\n\n<p>Au franchissement des d\u00e9troits, dans la p\u00e9nombre du jour finissant, enserr\u00e9s par ces falaises qui n&rsquo;offrent aucune perspective de fuite, le sentiment d&rsquo;isolement est \u00e0 son maximum, g\u00e9n\u00e9rant des angoisses existentielles contradictoires : existe t-il encore des \u00eatres humains sur cette plan\u00e8te ? Sommes-nous vraiment seuls dans cette gorge silencieuse ? Et si quelqu&rsquo;un nous observait, tapi dans l&rsquo;ombre ? Le film \u00ab\u00a0D\u00e9livrance\u00a0\u00bb n&rsquo;est pas loin.<\/p>\n\n\n\n<figure class=\"wp-block-image\"><img decoding=\"async\" src=\"http:\/\/www.reveeveille.net\/photos\/2022\/0211_descente_tarn_canoe\/20220211_descente_tarn_canoe_21.jpg\" alt=\"\"\/><\/figure>\n\n\n\n<p>Au sortir de l&rsquo;\u00e9troiture, un peu de jour \u00e9claire \u00e0 nouveau le monde. Il est temps de poser le camp. Les berges n&rsquo;offrent apparemment aucune zone propice. Heureusement, avant de nous s\u00e9parer ce midi, le canoteur solitaire nous a r\u00e9v\u00e9l\u00e9 l&rsquo;existence d&rsquo;un site de bivouac exceptionnel un peu plus loin en aval. Les yeux du savoir nous permettent de le d\u00e9nicher, malgr\u00e9 l&rsquo;\u00e9vidence. En rive gauche, un surplomb de falaise s&rsquo;avance au dessus d&rsquo;un terre-plein horizontal sableux, m\u00e9nageant un espace abrit\u00e9 et discret. Ce soir nous ne sortirons m\u00eame pas la tente du sac !<\/p>\n\n\n\n<figure class=\"wp-block-image\"><img decoding=\"async\" src=\"http:\/\/www.reveeveille.net\/photos\/2022\/0211_descente_tarn_canoe\/20220211_descente_tarn_canoe_22.jpg\" alt=\"\"\/><\/figure>\n\n\n\n<p>Gr\u00e2ce \u00e0 quelques perches de noisetier r\u00e9colt\u00e9es alentour et une b\u00e2che transport\u00e9e pour l&rsquo;occasion, nous fabriquons une tente de sudation sommaire, pendant que des pierres chauffent au coeur d&rsquo;un brasier de bois flott\u00e9s. Le plafond de notre abri rougeoie dans la nuit noire. La temp\u00e9rature a encore baiss\u00e9, et le corps nu est soumis \u00e0 rude \u00e9preuve : r\u00f4ti c\u00f4t\u00e9 feu, il g\u00e8le litt\u00e9ralement sur l&rsquo;autre versant et il faut se pr\u00e9senter en rotation lente, comme \u00e0 la broche. Bient\u00f4t les pierres incandescentes sorties du foyer transforment l&rsquo;eau glaciale en vapeur brulante. Entass\u00e9s dans une atmosph\u00e8re \u00e9touffante, nous faisons silence. Une unique voiture s&rsquo;annonce de tr\u00e8s loin et passe lentement sur la berge oppos\u00e9e. Le faisceau de ses phares balaie erratiquement les falaises et finit par dispara\u00eetre \u00e0 jamais. Nos sommes \u00e0 nouveau seuls.<\/p>\n\n\n\n<div class=\"wp-block-columns is-layout-flex wp-container-core-columns-is-layout-9d6595d7 wp-block-columns-is-layout-flex\">\n<div class=\"wp-block-column is-layout-flow wp-block-column-is-layout-flow\">\n<figure class=\"wp-block-image\"><img decoding=\"async\" src=\"http:\/\/www.reveeveille.net\/photos\/2022\/0211_descente_tarn_canoe\/20220211_descente_tarn_canoe_23.jpg\" alt=\"\"\/><figcaption class=\"wp-element-caption\">Les restes de la tente \u00e0 suer<\/figcaption><\/figure>\n<\/div>\n\n\n\n<div class=\"wp-block-column is-layout-flow wp-block-column-is-layout-flow\">\n<figure class=\"wp-block-image\"><img decoding=\"async\" src=\"http:\/\/www.reveeveille.net\/photos\/2022\/0211_descente_tarn_canoe\/20220211_descente_tarn_canoe_09.jpg\" alt=\"\"\/><figcaption class=\"wp-element-caption\">Les pierres rougies par le feu<\/figcaption><\/figure>\n<\/div>\n<\/div>\n\n\n\n<p>Troisi\u00e8me jour. D\u00e8s le matin, la fin de l&rsquo;aventure se fait sentir. Incurvant son cours \u00e0 gauche, le Tarn prend la direction du sud. Toute l&rsquo;ambiance des gorges en est modifi\u00e9e : durant une partie de la journ\u00e9e, une large \u00e9chancrure de ciel permet maintenant \u00e0 la lumi\u00e8re de p\u00e9n\u00e9trer \u00e0 flot jusqu&rsquo;au fond.<\/p>\n\n\n\n<p>Le pas de souci, dernier site touristique des gorges, est pourtant lui aussi d\u00e9sert et silencieux. Moyennant un passage l\u00e9g\u00e8rement acrobatique, le belv\u00e9d\u00e8re est gratuit, aujourd&rsquo;hui. Apr\u00e8s les Vignes, une immense ligne droite ouvre une perspective infinie et monotone.  Finis les hameaux mythiques, les m\u00e9andres et les surprises, on est seuls avec soi-m\u00eame et ses gestes r\u00e9p\u00e9titifs.<\/p>\n\n\n\n<p>Au moment de sortir les cano\u00ebs de l&rsquo;eau, une tristesse soudaine nous \u00e9treint. Les mains glac\u00e9es, le bout du nez gel\u00e9 ne comptent pas. Ces journ\u00e9es hors norme nous laissent l&rsquo;esprit appais\u00e9, nettoy\u00e9 des soucis de la vie ordinaire, et le coeur gonfl\u00e9 de paysages, d&rsquo;ambiances et d&rsquo;aventures partag\u00e9es.<\/p>\n\n\n\n<p>Descendre le Tarn en hiver : voil\u00e0 peut-\u00eatre l&rsquo;un des grands privil\u00e8ges des gens qui vivent ici.<\/p>\n\n\n\n<div class=\"wp-block-columns is-layout-flex wp-container-core-columns-is-layout-9d6595d7 wp-block-columns-is-layout-flex\">\n<div class=\"wp-block-column is-layout-flow wp-block-column-is-layout-flow\">\n<figure class=\"wp-block-image\"><img decoding=\"async\" src=\"http:\/\/www.reveeveille.net\/photos\/2022\/0211_descente_tarn_canoe\/20220211_descente_tarn_canoe_25.jpg\" alt=\"\"\/><figcaption class=\"wp-element-caption\">Quelques tron\u00e7ons un peu plus agit\u00e9s pour terminer<\/figcaption><\/figure>\n<\/div>\n\n\n\n<div class=\"wp-block-column is-layout-flow wp-block-column-is-layout-flow\">\n<figure class=\"wp-block-image\"><img decoding=\"async\" src=\"http:\/\/www.reveeveille.net\/photos\/2022\/0211_descente_tarn_canoe\/20220211_descente_tarn_canoe_24.jpg\" alt=\"\"\/><\/figure>\n<\/div>\n<\/div>\n\n\n\n<figure class=\"wp-block-image\"><img decoding=\"async\" src=\"http:\/\/www.reveeveille.net\/photos\/2022\/0211_descente_tarn_canoe\/20220211_descente_tarn_canoe_14.jpg\" alt=\"\"\/><figcaption class=\"wp-element-caption\">Derniers kilom\u00e8tres<\/figcaption><\/figure>\n\n\n\n<figure class=\"wp-block-image\"><img decoding=\"async\" src=\"http:\/\/www.reveeveille.net\/photos\/2022\/0211_descente_tarn_canoe\/20220211_descente_tarn_canoe_17.jpg\" alt=\"\"\/><figcaption class=\"wp-element-caption\">Retour \u00e0 la civilisation<\/figcaption><\/figure>\n","protected":false},"excerpt":{"rendered":"<p>Le probl\u00e8me des sites touristiques, c&rsquo;est qu&rsquo;ils attirent beaucoup de monde. Je le comprends et l&rsquo;accepte ais\u00e9ment : partout o\u00f9 mes pas me portent, je m&#8217;empresse moi-m\u00eame de leur rendre&hellip; <\/p>\n","protected":false},"author":3,"featured_media":2254,"comment_status":"open","ping_status":"open","sticky":false,"template":"","format":"standard","meta":{"_jetpack_memberships_contains_paid_content":false,"footnotes":"","jetpack_publicize_message":"","jetpack_publicize_feature_enabled":true,"jetpack_social_post_already_shared":false,"jetpack_social_options":{"image_generator_settings":{"template":"highway","default_image_id":0,"font":"","enabled":false},"version":2}},"categories":[81,3],"tags":[],"class_list":["post-2160","post","type-post","status-publish","format-standard","has-post-thumbnail","hentry","category-gorges-du-tarn","category-la-vie"],"jetpack_publicize_connections":[],"jetpack_featured_media_url":"https:\/\/www.reveeveille.net\/cevennevivante\/wp-content\/uploads\/2022\/12\/20220211_descente_tarn_canoe_21.jpg","jetpack_sharing_enabled":true,"_links":{"self":[{"href":"https:\/\/www.reveeveille.net\/cevennevivante\/wp-json\/wp\/v2\/posts\/2160","targetHints":{"allow":["GET"]}}],"collection":[{"href":"https:\/\/www.reveeveille.net\/cevennevivante\/wp-json\/wp\/v2\/posts"}],"about":[{"href":"https:\/\/www.reveeveille.net\/cevennevivante\/wp-json\/wp\/v2\/types\/post"}],"author":[{"embeddable":true,"href":"https:\/\/www.reveeveille.net\/cevennevivante\/wp-json\/wp\/v2\/users\/3"}],"replies":[{"embeddable":true,"href":"https:\/\/www.reveeveille.net\/cevennevivante\/wp-json\/wp\/v2\/comments?post=2160"}],"version-history":[{"count":19,"href":"https:\/\/www.reveeveille.net\/cevennevivante\/wp-json\/wp\/v2\/posts\/2160\/revisions"}],"predecessor-version":[{"id":2258,"href":"https:\/\/www.reveeveille.net\/cevennevivante\/wp-json\/wp\/v2\/posts\/2160\/revisions\/2258"}],"wp:featuredmedia":[{"embeddable":true,"href":"https:\/\/www.reveeveille.net\/cevennevivante\/wp-json\/wp\/v2\/media\/2254"}],"wp:attachment":[{"href":"https:\/\/www.reveeveille.net\/cevennevivante\/wp-json\/wp\/v2\/media?parent=2160"}],"wp:term":[{"taxonomy":"category","embeddable":true,"href":"https:\/\/www.reveeveille.net\/cevennevivante\/wp-json\/wp\/v2\/categories?post=2160"},{"taxonomy":"post_tag","embeddable":true,"href":"https:\/\/www.reveeveille.net\/cevennevivante\/wp-json\/wp\/v2\/tags?post=2160"}],"curies":[{"name":"wp","href":"https:\/\/api.w.org\/{rel}","templated":true}]}}