{"id":202,"date":"2022-10-06T17:08:42","date_gmt":"2022-10-06T15:08:42","guid":{"rendered":"http:\/\/www.reveeveille.net\/cevennevivante\/wordpress\/?p=202"},"modified":"2022-10-06T17:08:45","modified_gmt":"2022-10-06T15:08:45","slug":"lozere-peu-peuplee","status":"publish","type":"post","link":"https:\/\/www.reveeveille.net\/cevennevivante\/lozere-peu-peuplee\/","title":{"rendered":"Loz\u00e8re peu peupl\u00e9e"},"content":{"rendered":"\n<p>Une large partie des C\u00e9vennes est situ\u00e9e dans le d\u00e9partement de la Loz\u00e8re. Ce d\u00e9partement peu banal pr\u00e9sente la particularit\u00e9 d&rsquo;\u00eatre le moins peupl\u00e9 de France avec \u00e0 peine plus de 70.000 habitants, \u00e0 comparer avec les 650.000 de la moyenne nationale, et les 2 ou 3 millions des plus denses. Imaginez les habitants d&rsquo;un demi-arrondissement parisien r\u00e9partis sur un d\u00e9partement&#8230; Il ne reste plus grand monde au kilom\u00e8tre carr\u00e9. Certaines parties de la Loz\u00e8re atteignent m\u00eame de vertigineux records, comme le causse M\u00e9jean, un plateau calcaire de 30 km par 20 sur lequel 600 habitants sont dispers\u00e9s de loin en loin dans de minuscules hameaux isol\u00e9s. La densit\u00e9 y tombe \u00e0 pr\u00e8s de 1 habitant au km\u00b2, ce qui e fait, selon les normes officielles, un d\u00e9sert.<\/p>\n\n\n\n<p>Apr\u00e8s avoir longtemps d\u00e9sol\u00e9 les pouvoirs publics, cette faible population fait \u00e0 pr\u00e9sent partie de la fiert\u00e9 locale. Il est bien plaisant de sentir que des \u00ab\u00a0comme nous\u00a0\u00bb, il n&rsquo;y en a pas beaucoup. Chacun trouve ses propres anecdotes \u00e0 raconter au \u00ab\u00a0\u00e9strangers\u00a0\u00bb pour illustrer notre particularit\u00e9 d\u00e9partementale. En voici quelques-unes des miennes :<\/p>\n\n\n\n<p>Mende, avec 12000 habitants, est la seconde plus petite pr\u00e9fecture de France, apr\u00e8s (ou avant, c&rsquo;est selon) Foix en Ari\u00e8ge. Mais il est encore plus spectaculaire d&rsquo;observer Florac, 2000 habitants. Un petit village aux yeux de la majorit\u00e9 des fran\u00e7ais, la \u00ab\u00a0grande ville locale\u00a0\u00bb pour les gens du coin, avec 12 bars, 80 associations&#8230; Cette m\u00e9gapole abrite les locaux de la sous-pr\u00e9fecture. Je me rappelle comment il fallait faire \u00e0 Rouen pour \u00e9tablir une carte grise. On arrivait dans un hall de 500 m\u00b2, on tirait un ticket et on faisait une interminable queue \u00e0 l&rsquo;un des 15 guichets d\u00e9di\u00e9s uniquement aux cartes grises. A la sous-pr\u00e9fecture de Florac, il y a 1 seul guichet pour toutes les op\u00e9rations, pas de tickets et tr\u00e8s rarement plus d&rsquo;une seule personne (soi-m\u00eame). Toutes les t\u00e2ches sont trait\u00e9es par deux personnes qui doivent donc savoir tout faire, ce qui est bien \u00e9videmment impossible, et les oblige fr\u00e9quemment \u00e0 passer un coup de fil \u00e0 la pr\u00e9fecture ou ailleurs pour avoir la bonne proc\u00e9dure d\u00e8s qu&rsquo;il se pose un cas de figure qui sort des manips les plus ordinaires. Tout \u00e7a avec le sourire et la s\u00e9r\u00e9nit\u00e9.<\/p>\n\n\n\n<p>Mais la plupart des communes du d\u00e9partement sont \u00e9videmment bien en de\u00e7\u00e0 de la taille de Florac. 200 ou 300 habitants sont plus courants, moins de 100 est fr\u00e9quent, ce qui, h\u00e9las, ne suffit g\u00e9n\u00e9ralement pas \u00e0 maintenir des commerces ou des services. Les \u00e9piceries ou stations d&rsquo;essence ne sont d\u00e9j\u00e0 pas courantes, les \u00e9coles, derniers bastions d&rsquo;organisation sociale, ont ferm\u00e9 dans l&rsquo;essentiel des villages.<\/p>\n\n\n\n<p>Pour rassembler les derni\u00e8res forces et r\u00e9sister un peu plus longtemps, des regroupements de services parfois \u00e9tonnants sont tent\u00e9s. L&rsquo;\u00e9picerie &#8211; station service reste relativement classique, le (feu) photographe &#8211; magasin de musique de Florac \u00e9tait plus inhabituel, la palme va sans doute au Temple &#8211; Mairie de Bassurels. Comme si ici, la s\u00e9paration de l&rsquo;\u00e9glise et de l&rsquo;\u00e9tat n&rsquo;\u00e9tait encore qu&rsquo;une notion th\u00e9orique ?<\/p>\n\n\n\n<figure class=\"wp-block-image\"><img decoding=\"async\" src=\"http:\/\/www.reveeveille.net\/photos\/2006\/1103_crete_mazilhou\/20061103_crete_mazilhou_mairie_eglise_cripsoules.jpg\" alt=\"\"\/><figcaption>La mairie-temple de Bassurels<\/figcaption><\/figure>\n\n\n\n<p>Du coup, une diff\u00e9rence assez nette s&rsquo;observe entre les hameaux qui proposent tout \u00e7a, et concentrent donc la vie \u00e9conomique et sociale, et les autres, r\u00e9duits au r\u00f4le de lieux d&rsquo;habitation (\u00ab\u00a0cit\u00e9s dortoirs\u00a0\u00bb, disent les mauvaises langues). Mais on y est tranquilles.<\/p>\n\n\n\n<p>L&rsquo;une des l\u00e9gendes les plus tenaces raconte qu&rsquo;il n&rsquo;y aurait, en tout et pour tout, que 7 feux rouges dans le d\u00e9partement&#8230; Personne ne prend la peine de le v\u00e9rifier, et apr\u00e8s tout \u00e7a n&rsquo;est pas si important car m\u00eame si c&rsquo;est 20 ou 30, cela fait quand m\u00eame bien peu, et \u00e7a fait baver les citadins&#8230;<\/p>\n\n\n\n<p>Autre signification possible du chiffre 7 : il n&rsquo;y aurait, para\u00eet-il, que 7 intermittents du spectacle (cat\u00e9gorie \u00ab\u00a0artiste\u00a0\u00bb) dans le d\u00e9partement. Je n&rsquo;ai pas v\u00e9rifi\u00e9, je pense que ce chiffre a lui aussi augment\u00e9 dans les ann\u00e9es qui viennent de passer. Et tout cas, une chose est s\u00fbre : pas facile de faire une manif \u00e0 7 lorsque le statut est remis en question, comme en cette p\u00e9riode troubl\u00e9e de juillet 2003 !<\/p>\n\n\n\n<p>Quand c&rsquo;est l&rsquo;anniversaire d&rsquo;un enfant, tous les petits copains invit\u00e9s foncent aux \u00ab\u00a010.000 articles\u00a0\u00bb, LE magasin de Florac dans lequel on peut facilement trouver des tas de p&rsquo;tits trucs pour ce genre de situation. Du coup sur 10 gamins invit\u00e9s, \u00e0 tous les coups il y en a 3 qui ach\u00e8tent la m\u00eame chose et les parents de l&rsquo;heureux \u00e9lu doivent immanquablement aller \u00e9changer la babiole contre une autre.<\/p>\n\n\n\n<p>De la porte-fen\u00eatre de ma maison, la vue vers le sud porte \u00e0 plus de 25 kilom\u00e8tres, jusque sur le versant nord du <a href=\"https:\/\/www.reveeveille.net\/cevennevivante\/?page_id=273\" data-type=\"page\" data-id=\"273\">Mont Aigoual<\/a>. La nuit, tout ce territoire est absolument et totalement noir. Un seul et unique petit point jaune est visible sur cette photo comme dans la r\u00e9alit\u00e9. Ce sont les lumi\u00e8res de Cabrillac, minuscule hameau isol\u00e9 \u00e0 1200 m\u00e8tres d&rsquo;altitude. Cette perspective tronque un peu la r\u00e9alit\u00e9 : il existe des hameaux plus proches mais invisibles car cach\u00e9s au fonds de la vall\u00e9e, mais une telle vision permet tout de m\u00eame de prendre conscience que l&rsquo;homme est ici plus rare qu&rsquo;ailleurs.Cette faible population, si elle a ses inconv\u00e9nients, a aussi et surtout beaucoup d&rsquo;avantages. Quelques exemples :<\/p>\n\n\n\n<p>L&rsquo;annuaire de la Loz\u00e8re mesure 1,4 cm d&rsquo;\u00e9paisseur, pages jaunes incluses. Avantage pour nous (mais inconv\u00e9nient pour les forces de l&rsquo;ordre), c&rsquo;est tout \u00e0 fait insuffisant pour pratiquer un passage \u00e0 tabac efficace. Cette minceur permet aussi une manipulation impossible aux habitants d&rsquo;un d\u00e9partement plus peupl\u00e9. Tu connais quelqu&rsquo;un par son pr\u00e9nom mais sans avoir son nom ? Facile, tu ouvre \u00e0 la page de sa commune, et en 8 secondes tu parcours des yeux les 35 habitants du village pour le trouver.<\/p>\n\n\n\n<p>La solidarit\u00e9 qui appara\u00eet entre des gens qui se sentent si peu nombreux n&rsquo;est pas le moindre des avantages. Un jour de voyage familial, nous tombons en panne d&#8217;embrayage sur le bas-c\u00f4t\u00e9 d&rsquo;une route normande. Les enfants s&rsquo;\u00e9nervent sous le soleil, le moral est bas car nous ne voyons pas comment nous sortir rapidement de cette situation. Les voitures filent tout droit sans se pr\u00e9occuper de nos soucis lorsque l&rsquo;une d&rsquo;elle s&rsquo;arr\u00eate spontan\u00e9ment devant nous. Immatriculation : 48. \u00ab\u00a0Tout va bien, on peut vous aider ?\u00a0\u00bb. Des voitures 48, il y en a tellement peu qu&rsquo;en croiser une, n&rsquo;importe o\u00f9 ailleurs en France, c&rsquo;est immanquablement un petit coup de joie au c\u0153ur et une envie de savoir qui sont-ils, et d&rsquo;o\u00f9 exactement viennent-ils, ces gens qui partagent le statut de loz\u00e9riens.<\/p>\n\n\n\n<p>\u00catre peu, \u00e7a oblige aussi \u00e0 trouver des solutions \u00e0 tout un tas de situations diff\u00e9rentes d&rsquo;ailleurs. Il n&rsquo;y a pas de cin\u00e9ma permanent en sud Loz\u00e8re, alors une association originale s&rsquo;est mise en place : CINECO. Deux projecteurs 35 mm transportables (du vrai mat\u00e9riel de pro) ont \u00e9t\u00e9 achet\u00e9s, une programmation est \u00e9tablie tous les 3 mois (avec de vrais films des circuits habituels de distribution, et pas forc\u00e9ment du cin\u00e9-club en noir et blanc), des s\u00e9ances sont organis\u00e9es dans une dizaine de communes, des \u00e9quipes b\u00e9n\u00e9voles se repassent les films et les projecteurs de jour en jour&#8230; On projette l\u00e0 o\u00f9 l&rsquo;on peu : dans la salle communale, le temple&#8230; en plein air parfois. devant 250 personnes \u00e0 Florac lorsque c&rsquo;est un film grand public qui a bien march\u00e9 au niveau national, devant 10 voire 5 personnes si on est dans le fin-fonds des C\u00e9vennes pour un film d&rsquo;arts et essais&#8230; Peu importe, la culture passe, passe, passe, m\u00eame l\u00e0 o\u00f9 je suis s\u00fbr beaucoup ne s&rsquo;attendraient pas \u00e0 la trouver.<\/p>\n\n\n\n<p>Et puis&#8230; \u00eatre peu sur un territoire, \u00e7a apporte une certaine tranquillit\u00e9, un rythme de vie plus cool, et beaucoup moins de tensions humaines. Je suis persuad\u00e9 qu&rsquo;une partie de l&rsquo;agressivit\u00e9 qu&rsquo;on trouve dans les grandes villes provient de l&rsquo;entassement, du manque d&rsquo;espace, de calme, de la promiscuit\u00e9. Pourquoi nous les fran\u00e7ais ne nous r\u00e9partissons pas mieux sur notre territoire ? En Loz\u00e8re il y a encore beaucoup de place, beaucoup de gens pourraient encore venir s&rsquo;y installer avant que des probl\u00e8mes apparaissent. Moi je dis aux gens : venez en Loz\u00e8re !<\/p>\n\n\n\n<p>C&rsquo;est d&rsquo;ailleurs plus ou moins ce qui se passe. Apr\u00e8s un si\u00e8cle de chute libre, la population a touch\u00e9 le fonds aux alentours des ann\u00e9es 80, et apr\u00e8s une p\u00e9riode de stabilisation, on constate un red\u00e9part \u00e0 la hausse, essentiellement d\u00fb \u00e0 l&rsquo;immigration des \u00ab\u00a0n\u00e9os\u00a0\u00bb qui contribuent, peu \u00e0 peu, \u00e0 repeupler le pays.<\/p>\n\n\n\n<p>En 1995, il restait dans le hameau central de Saint Laurent de Tr\u00e8ves une seule habitante permanente, Emilie. D\u00e9j\u00e0 \u00e2g\u00e9e elle craignait de finir sa vie dans le silence. En l&rsquo;espace de quelques ann\u00e9es, plusieurs maisons ont \u00e9t\u00e9 vendues \u00e0 des familles qui s&rsquo;installent dans la r\u00e9gion. Une dynamique a red\u00e9marr\u00e9, le mouvement a appell\u00e9 le mouvement. Des enfants sont r\u00e9apparus dans l&rsquo;unique rue. Emilie leur a distribu\u00e9 des bonbons en r\u00e9p\u00e9tant \u00e0 qui voulait l&rsquo;entendre qu&rsquo;elle aimait cette agitation. En 2003 Emilie s&rsquo;en est all\u00e9e, mais ses derniers mois ont \u00e9t\u00e9 heureux, je crois.<\/p>\n\n\n\n<p>En 2021, 30 personnes habitent ici \u00e0 l&rsquo;ann\u00e9e.<\/p>\n","protected":false},"excerpt":{"rendered":"<p>Une large partie des C\u00e9vennes est situ\u00e9e dans le d\u00e9partement de la Loz\u00e8re. Ce d\u00e9partement peu banal pr\u00e9sente la particularit\u00e9 d&rsquo;\u00eatre le moins peupl\u00e9 de France avec \u00e0 peine plus&hellip; <\/p>\n","protected":false},"author":3,"featured_media":205,"comment_status":"open","ping_status":"open","sticky":false,"template":"","format":"standard","meta":{"_jetpack_memberships_contains_paid_content":false,"footnotes":"","jetpack_publicize_message":"","jetpack_publicize_feature_enabled":true,"jetpack_social_post_already_shared":true,"jetpack_social_options":{"image_generator_settings":{"template":"highway","default_image_id":0,"font":"","enabled":false},"version":2}},"categories":[30],"tags":[],"class_list":["post-202","post","type-post","status-publish","format-standard","has-post-thumbnail","hentry","category-lesprit-des-lieux"],"jetpack_publicize_connections":[],"jetpack_featured_media_url":"https:\/\/www.reveeveille.net\/cevennevivante\/wp-content\/uploads\/2021\/01\/20060929_nuit_causse_st_laurent_brume.jpg","jetpack_sharing_enabled":true,"_links":{"self":[{"href":"https:\/\/www.reveeveille.net\/cevennevivante\/wp-json\/wp\/v2\/posts\/202","targetHints":{"allow":["GET"]}}],"collection":[{"href":"https:\/\/www.reveeveille.net\/cevennevivante\/wp-json\/wp\/v2\/posts"}],"about":[{"href":"https:\/\/www.reveeveille.net\/cevennevivante\/wp-json\/wp\/v2\/types\/post"}],"author":[{"embeddable":true,"href":"https:\/\/www.reveeveille.net\/cevennevivante\/wp-json\/wp\/v2\/users\/3"}],"replies":[{"embeddable":true,"href":"https:\/\/www.reveeveille.net\/cevennevivante\/wp-json\/wp\/v2\/comments?post=202"}],"version-history":[{"count":5,"href":"https:\/\/www.reveeveille.net\/cevennevivante\/wp-json\/wp\/v2\/posts\/202\/revisions"}],"predecessor-version":[{"id":1393,"href":"https:\/\/www.reveeveille.net\/cevennevivante\/wp-json\/wp\/v2\/posts\/202\/revisions\/1393"}],"wp:featuredmedia":[{"embeddable":true,"href":"https:\/\/www.reveeveille.net\/cevennevivante\/wp-json\/wp\/v2\/media\/205"}],"wp:attachment":[{"href":"https:\/\/www.reveeveille.net\/cevennevivante\/wp-json\/wp\/v2\/media?parent=202"}],"wp:term":[{"taxonomy":"category","embeddable":true,"href":"https:\/\/www.reveeveille.net\/cevennevivante\/wp-json\/wp\/v2\/categories?post=202"},{"taxonomy":"post_tag","embeddable":true,"href":"https:\/\/www.reveeveille.net\/cevennevivante\/wp-json\/wp\/v2\/tags?post=202"}],"curies":[{"name":"wp","href":"https:\/\/api.w.org\/{rel}","templated":true}]}}