{"id":1962,"date":"2024-04-01T10:32:37","date_gmt":"2024-04-01T08:32:37","guid":{"rendered":"https:\/\/www.reveeveille.net\/cevennevivante\/?p=1962"},"modified":"2024-04-01T10:33:46","modified_gmt":"2024-04-01T08:33:46","slug":"calcaire-vs-granit-au-mont-lozere","status":"publish","type":"post","link":"https:\/\/www.reveeveille.net\/cevennevivante\/calcaire-vs-granit-au-mont-lozere\/","title":{"rendered":"Calcaire vs granit au Mont Loz\u00e8re"},"content":{"rendered":"\n<p>Le Mont Loz\u00e8re n&rsquo;est pas un massif qui fait spontan\u00e9ment penser au calcaire, que l&rsquo;on associe plus naturellement aux causses voisins. Il est pourtant recouvert d&rsquo;un petit ensemble calcaire dans sa partie ouest, comme le montre tr\u00e8s bien cette carte g\u00e9ologique : la tache rouge au centre repr\u00e9sente le granit du c\u0153ur du massif, elle est essentiellement bord\u00e9e par du vert (le schiste), mais aussi par un peu de bleu (le calcaire, donc). Cette tache bleue est appel\u00e9e la can des Bondons (le terme local de \u00ab\u00a0can\u00a0\u00bb d\u00e9signe un petit plateau, g\u00e9n\u00e9ralement calcaire mais il existe des exceptions).<\/p>\n\n\n\n<p>Il y a 60 millions d&rsquo;ann\u00e9es, \u00e0 la fin du cr\u00e9tac\u00e9 (\u00e9poque \u00e0 laquelle se sont form\u00e9s les derniers calcaires), cette can n&rsquo;\u00e9tait pas isol\u00e9e comme aujourd&rsquo;hui. Elle faisait partie d&rsquo;un immense ensemble calcaire indiff\u00e9renci\u00e9, dont elle formait l&rsquo;ultime avanc\u00e9e \u00e0 l&rsquo;ouest, recouvrant en partie les granites du futur mont Loz\u00e8re. A partir du plioc\u00e8ne, vers -13 Millions d&rsquo;ann\u00e9es, l&rsquo;ensemble se soul\u00e8ve et les rivi\u00e8res des environs (futures Tarn, Tarnon, Jonte, etc&#8230;) acqui\u00e8rent un fort pouvoir \u00e9rosif. Elles creusent des vall\u00e9es larges et profondes (au XIX\u00e8 si\u00e8cle, le g\u00e9ographe-sp\u00e9l\u00e9ologue Martel parlait de \u00ab\u00a0canyons\u00a0\u00bb, par comparaison avec ce qu&rsquo;il avait pu voir au Colorado), qui d\u00e9coupent cet ensemble unique en causses diff\u00e9renci\u00e9s : M\u00e9jean, Sauveterre, Causse noir, Larzac, Can de l&rsquo;Hospitalet etc&#8230; et notre can des Bondons. (J&rsquo;ai d\u00e9crit un peu plus en d\u00e9tail cette histoire g\u00e9ologique passionnante dans <a href=\"https:\/\/www.reveeveille.net\/candelhospitalet\/la-formation-de-la-can-de-lhospitalet\/\">un autre article<\/a>).<\/p>\n\n\n\n<p>Cette can est elle-m\u00eame tr\u00e8s d\u00e9coup\u00e9e. De nombreuses petites rivi\u00e8res orient\u00e9es nord-sud et plus ou moins parall\u00e8les ont d\u00e9coup\u00e9 le versant sud en cr\u00eates qui se d\u00e9tachent du plateau et descendent progressivement vers le sud. La plupart de ces cr\u00eates mesurent 2 \u00e0 3 kilom\u00e8tres de long et m\u00e9nagent entre elles des petites vall\u00e9es au profil en V tr\u00e8s caract\u00e9ristique, dont les pentes raides d\u00e9nu\u00e9es d&rsquo;arbres semblent peu fr\u00e9quent\u00e9es par l&rsquo;homme. Trois cr\u00eates sont nettement plus longues que les autres (le Pucheral, la cham de Colas et la Girelle). Elles courent sur 6 \u00e0 8 km et viennent mourir au dessus du haut Tarn, encadrant des vall\u00e9es longues et profondes, plus humanis\u00e9es (Malbosc, Colobri\u00e8re)&#8230;. une infinit\u00e9 de d\u00e9couvertes \u00e0 faire.<\/p>\n\n\n\n<p>Ayez donc conscience que lorsque, un kilom\u00e8tre apr\u00e8s avoir quitt\u00e9 Cocur\u00e8s en direction du Mont Loz\u00e8re par la D135, vous vous glissez entre le Pucheral et le serre de Girelle, vous p\u00e9n\u00e9trez dans une zone \u00e0 part : une enclave calcaire en pays granitique. Mais la ligne de contact entre les deux est sinueuse, d\u00e9coup\u00e9e, et l&rsquo;on pourra passer de l&rsquo;un \u00e0 l&rsquo;autre sans cesse&#8230; et parfois sans s&rsquo;en apercevoir si l&rsquo;on n&rsquo;y prend pas garde. La balade pr\u00e9sent\u00e9e ici se propose de faire une petite boucle \u00e0 la fronti\u00e8re des deux mondes. Elle d\u00e9marre d&rsquo;ailleurs \u00e0 la p\u00e9riph\u00e9rie de l&rsquo;enclave calcaire.<\/p>\n\n\n\n<iframe loading=\"lazy\" src=\"https:\/\/www.reveeveille.net\/geoportail\/cartepublique.aspx?idecrit=1348\" width=\"100%\" height=\"400\"><\/iframe>\n\n\n\n<p>Garez-vous \u00e0 Ruas et prenez le PR qui monte au col de la pierre plant\u00e9e. Si vous \u00eates baroudeur.euse, \u00e0 mi hauteur vous pourrez quitter le sentier en direction du nord pour aller visiter une curieuse formation g\u00e9ologique (marquant justement l&rsquo;arriv\u00e9e dans le calcaire), <a href=\"https:\/\/www.reveeveille.net\/cevennevivante\/la-montagne-qui-coule\/\" data-type=\"post\" data-id=\"421\">d\u00e9crite ici<\/a>. Au col, suivez le PR plein nord, visitez au passage une petite grotte situ\u00e9e en versant sud-est, qui vous permettra de pique-niquer \u00e0 l&rsquo;abri du vent s&rsquo;il y en a. A partir de l\u00e0 je vous conseille de quitter le PR pour rejoindre le plateau au \u00ab\u00a0truc\u00a0\u00bb, vous aurez une vue plus large. Continuez plein nord jusqu&rsquo;au Bosc Arnal. De l\u00e0 part un sentier peu marqu\u00e9 qui descend dans le vallon de Combebelle. Entrez dans la combe de Runes et rejoignez Treimes Pour le retour je vous conseille un chemin qui part \u00e0 flanc en direction du sud et remonte progressivement sur le plateau. Il se perd un peu parfois mais cela passe partout. La descente se fera hors sentier, sur une ar\u00eate peu marqu\u00e9e. Le passage du calcaire au granit est ici assez impressionnant. Descendez jusqu&rsquo;\u00e0 la route qui vous ram\u00e8nera \u00e0 Ruas.<\/p>\n\n\n\n<figure class=\"wp-block-image\"><img decoding=\"async\" src=\"http:\/\/www.reveeveille.net\/photos\/2022\/0129_boucle_autour_de_ruas\/20220129_boucle_autour_de_ruas_12.jpg\" alt=\"\"\/><figcaption class=\"wp-element-caption\">Mont\u00e9e vers la can des Bondons, sur fonds de puechs des bondons et de fum\u00e9e d&rsquo;\u00e9cobuage<\/figcaption><\/figure>\n\n\n\n<figure class=\"wp-block-image\"><img decoding=\"async\" src=\"http:\/\/www.reveeveille.net\/photos\/2022\/0129_boucle_autour_de_ruas\/20220129_boucle_autour_de_ruas_08.jpg\" alt=\"\"\/><figcaption class=\"wp-element-caption\">Tr\u00e8s loin vers le sud, la montagne du Liron<\/figcaption><\/figure>\n\n\n\n<div class=\"wp-block-columns is-layout-flex wp-container-core-columns-is-layout-9d6595d7 wp-block-columns-is-layout-flex\">\n<div class=\"wp-block-column is-layout-flow wp-block-column-is-layout-flow\">\n<figure class=\"wp-block-image size-large\"><img decoding=\"async\" src=\"http:\/\/www.reveeveille.net\/photos\/2022\/0129_boucle_autour_de_ruas\/20220129_boucle_autour_de_ruas_03.jpg\" alt=\"\"\/><figcaption class=\"wp-element-caption\">La grotte au dessus du col de la pierre plant\u00e9e<\/figcaption><\/figure>\n\n\n\n<figure class=\"wp-block-image\"><img decoding=\"async\" src=\"http:\/\/www.reveeveille.net\/photos\/2022\/0129_boucle_autour_de_ruas\/20220129_boucle_autour_de_ruas_01.jpg\" alt=\"\"\/><figcaption class=\"wp-element-caption\">Un petit sentier dans les pentes raides<\/figcaption><\/figure>\n\n\n\n<figure class=\"wp-block-image\"><img decoding=\"async\" src=\"http:\/\/www.reveeveille.net\/photos\/2022\/0129_boucle_autour_de_ruas\/20220129_boucle_autour_de_ruas_10.jpg\" alt=\"\"\/><figcaption class=\"wp-element-caption\">Falaise de calcaire dominant le granite, au dessus de Ruas<\/figcaption><\/figure>\n<\/div>\n\n\n\n<div class=\"wp-block-column is-layout-flow wp-block-column-is-layout-flow\">\n<figure class=\"wp-block-image size-large\"><img decoding=\"async\" src=\"http:\/\/www.reveeveille.net\/photos\/2022\/0129_boucle_autour_de_ruas\/20220129_boucle_autour_de_ruas_07.jpg\" alt=\"\"\/><figcaption class=\"wp-element-caption\">Un \u00e9trange menhir<\/figcaption><\/figure>\n\n\n\n<figure class=\"wp-block-image\"><img decoding=\"async\" src=\"http:\/\/www.reveeveille.net\/photos\/2022\/0129_boucle_autour_de_ruas\/20220129_boucle_autour_de_ruas_11.jpg\" alt=\"\"\/><figcaption class=\"wp-element-caption\">Redescente entre les chaos granitiques<\/figcaption><\/figure>\n<\/div>\n<\/div>\n\n\n\n<figure class=\"wp-block-image\"><img decoding=\"async\" src=\"http:\/\/www.reveeveille.net\/photos\/2023\/1126_ruas_lozerette\/20231126_ruas_lozerette_01.jpg\" alt=\"\"\/><figcaption class=\"wp-element-caption\">Contact calcaire granit pr\u00e8s de Ruas<\/figcaption><\/figure>\n","protected":false},"excerpt":{"rendered":"<p>Le Mont Loz\u00e8re n&rsquo;est pas un massif qui fait spontan\u00e9ment penser au calcaire, que l&rsquo;on associe plus naturellement aux causses voisins. Il est pourtant recouvert d&rsquo;un petit ensemble calcaire dans&hellip; <\/p>\n","protected":false},"author":3,"featured_media":1964,"comment_status":"open","ping_status":"open","sticky":false,"template":"","format":"standard","meta":{"_jetpack_memberships_contains_paid_content":false,"footnotes":"","jetpack_publicize_message":"","jetpack_publicize_feature_enabled":true,"jetpack_social_post_already_shared":false,"jetpack_social_options":{"image_generator_settings":{"template":"highway","default_image_id":0,"font":"","enabled":false},"version":2}},"categories":[6,89,15],"tags":[],"class_list":["post-1962","post","type-post","status-publish","format-standard","has-post-thumbnail","hentry","category-balades","category-geologie","category-mont-lozere"],"jetpack_publicize_connections":[],"jetpack_featured_media_url":"https:\/\/www.reveeveille.net\/cevennevivante\/wp-content\/uploads\/2022\/10\/20220129_boucle_autour_de_ruas_06.jpg","jetpack_sharing_enabled":true,"_links":{"self":[{"href":"https:\/\/www.reveeveille.net\/cevennevivante\/wp-json\/wp\/v2\/posts\/1962","targetHints":{"allow":["GET"]}}],"collection":[{"href":"https:\/\/www.reveeveille.net\/cevennevivante\/wp-json\/wp\/v2\/posts"}],"about":[{"href":"https:\/\/www.reveeveille.net\/cevennevivante\/wp-json\/wp\/v2\/types\/post"}],"author":[{"embeddable":true,"href":"https:\/\/www.reveeveille.net\/cevennevivante\/wp-json\/wp\/v2\/users\/3"}],"replies":[{"embeddable":true,"href":"https:\/\/www.reveeveille.net\/cevennevivante\/wp-json\/wp\/v2\/comments?post=1962"}],"version-history":[{"count":4,"href":"https:\/\/www.reveeveille.net\/cevennevivante\/wp-json\/wp\/v2\/posts\/1962\/revisions"}],"predecessor-version":[{"id":2646,"href":"https:\/\/www.reveeveille.net\/cevennevivante\/wp-json\/wp\/v2\/posts\/1962\/revisions\/2646"}],"wp:featuredmedia":[{"embeddable":true,"href":"https:\/\/www.reveeveille.net\/cevennevivante\/wp-json\/wp\/v2\/media\/1964"}],"wp:attachment":[{"href":"https:\/\/www.reveeveille.net\/cevennevivante\/wp-json\/wp\/v2\/media?parent=1962"}],"wp:term":[{"taxonomy":"category","embeddable":true,"href":"https:\/\/www.reveeveille.net\/cevennevivante\/wp-json\/wp\/v2\/categories?post=1962"},{"taxonomy":"post_tag","embeddable":true,"href":"https:\/\/www.reveeveille.net\/cevennevivante\/wp-json\/wp\/v2\/tags?post=1962"}],"curies":[{"name":"wp","href":"https:\/\/api.w.org\/{rel}","templated":true}]}}