{"id":1666,"date":"2024-07-25T10:44:55","date_gmt":"2024-07-25T08:44:55","guid":{"rendered":"https:\/\/www.reveeveille.net\/cevennevivante\/?p=1666"},"modified":"2024-07-25T11:02:37","modified_gmt":"2024-07-25T09:02:37","slug":"le-tour-de-la-tourbiere-des-sagnes","status":"publish","type":"post","link":"https:\/\/www.reveeveille.net\/cevennevivante\/le-tour-de-la-tourbiere-des-sagnes\/","title":{"rendered":"Le tour de la tourbi\u00e8re des Sagnes et du peschio"},"content":{"rendered":"\n<p>Le secteur du Mont Loz\u00e8re o\u00f9 se situe cette balade est l&rsquo;un des plus fr\u00e9quent\u00e9s du massif, et pour cause : l&rsquo;\u00e9tang de Barrandon, am\u00e9nag\u00e9 pour la p\u00eache de loisir, attire beaucoup de familles en recherche d&rsquo;une sortie facile et ludique. J&rsquo;y suis souvent venu avec mes propres enfants, et c&rsquo;est vrai qu&rsquo;il est plaisant de s&rsquo;\u00e9gailler sur les rives au sortir de la voiture, sans avoir \u00e0 tra\u00eener contre leur gr\u00e9 des marmots r\u00e2leurs&#8230;<\/p>\n\n\n<div class=\"wp-block-image\">\n<figure class=\"aligncenter\"><img decoding=\"async\" src=\"http:\/\/www.reveeveille.net\/photos\/2023\/1115_barrandon\/20231115_barrandon_04.jpg\" alt=\"\"\/><figcaption class=\"wp-element-caption\">L&rsquo;\u00e9tang de Barrandon&#8230; se vide lentement, en pr\u00e9paration de l&rsquo;hiver<\/figcaption><\/figure>\n<\/div>\n\n\n<p>Pour autant, une fois les truites sorties de l&rsquo;eau et le pique-nique aval\u00e9, l&rsquo;envie peut prendre de s&rsquo;aventurer un peu plus dans la profondeur de la nature environnante. C&rsquo;est l\u00e0 qu&rsquo;intervient la balade de la tourbi\u00e8re, classique petite rando des environs. Je vous en propose ici une variante qui permet de diversifier les paysages et curiosit\u00e9s travers\u00e9s.<\/p>\n\n\n\n<div class=\"wp-block-columns is-layout-flex wp-container-core-columns-is-layout-9d6595d7 wp-block-columns-is-layout-flex\">\n<div class=\"wp-block-column is-layout-flow wp-block-column-is-layout-flow\">\n<figure class=\"wp-block-image\"><img decoding=\"async\" src=\"http:\/\/www.reveeveille.net\/photos\/2021\/0905_tour_des_sagnes_mont_lozere_rym_laure_sylvie\/20210905_tour_des_sagnes_mont_lozere_rym_laure_sylvie_01.jpg\" alt=\"\"\/><\/figure>\n<\/div>\n\n\n\n<div class=\"wp-block-column is-layout-flow wp-block-column-is-layout-flow\">\n<figure class=\"wp-block-image\"><img decoding=\"async\" src=\"http:\/\/www.reveeveille.net\/photos\/2021\/0905_tour_des_sagnes_mont_lozere_rym_laure_sylvie\/20210905_tour_des_sagnes_mont_lozere_rym_laure_sylvie_03.jpg\" alt=\"\"\/><\/figure>\n<\/div>\n<\/div>\n\n\n\n<p>D\u00e9part donc par le sentier \u00ab\u00a0normal\u00a0\u00bb, en direction du Signal des Laubies. A 600 m\u00e8tres du d\u00e9part, le quitter dans un virage \u00e0 gauche pour prendre tout droit une d\u00e9licieuse piste peu marqu\u00e9e, couverte d&rsquo;herbe et entour\u00e9e de callune. La for\u00eat fait son apparition un peu plus loin. Si vous \u00eates attentifs, vous y apercevrez sur votre droite une curieuse clairi\u00e8re au sol caillouteux, vestiges d&rsquo;une <a href=\"https:\/\/www.reveeveille.net\/cevennevivante\/les-sites-de-transformation-du-plomb-argentifere-sur-le-mont-lozere\/\" data-type=\"post\" data-id=\"1585\">industrie de fabrication de plomb <\/a>qui a fonctionn\u00e9 des si\u00e8cles durant sur ce secteur durant la seconde partie du moyen-\u00e2ge.<\/p>\n\n\n<div class=\"wp-block-image\">\n<figure class=\"aligncenter\"><img decoding=\"async\" src=\"http:\/\/www.reveeveille.net\/photos\/2021\/0905_site_a_plomb_argentifere_mont_lozere\/20210905_site_a_plomb_argentifere_mont_lozere_01.jpg\" alt=\"\"\/><figcaption class=\"wp-element-caption\">Une clairi\u00e8re st\u00e9rile laiss\u00e9e par l&rsquo;industrie du plomb<\/figcaption><\/figure>\n<\/div>\n\n\n<p>Suivre cette piste sur 1 km et la quitter vers la droite au point c\u00f4t\u00e9 1366. On remonte alors une petite vall\u00e9e intime et secr\u00e8te, d&rsquo;abord dans les bois puis le long de vastes espaces ouverts parcourus de ruisseaux qui ne cessent d&rsquo;appara\u00eetre et dispara\u00eetre entre les herbes hautes. On rejoint le sentier du tour de la tourbi\u00e8re au point c\u00f4t\u00e9 1391. Tourner \u00e0 gauche, puis \u00e0 droite apr\u00e8s 500 m\u00e8tres. La tourbi\u00e8re appara\u00eet alors sur fonds de sommets, vaste espace plan parsem\u00e9 de fleurs \u00e0 la bonne saison.<\/p>\n\n\n\n<div class=\"wp-block-columns is-layout-flex wp-container-core-columns-is-layout-9d6595d7 wp-block-columns-is-layout-flex\">\n<div class=\"wp-block-column is-layout-flow wp-block-column-is-layout-flow\"><div class=\"wp-block-image\">\n<figure class=\"aligncenter\"><img decoding=\"async\" src=\"http:\/\/www.reveeveille.net\/photos\/2021\/0905_tour_des_sagnes_mont_lozere_rym_laure_sylvie\/20210905_tour_des_sagnes_mont_lozere_rym_laure_sylvie_04.jpg\" alt=\"\"\/><figcaption class=\"wp-element-caption\">Au loin, le versant nord du signal des Laubies<\/figcaption><\/figure>\n<\/div><\/div>\n\n\n\n<div class=\"wp-block-column is-layout-flow wp-block-column-is-layout-flow\"><div class=\"wp-block-image\">\n<figure class=\"aligncenter\"><img decoding=\"async\" src=\"http:\/\/www.reveeveille.net\/photos\/2021\/0905_tour_des_sagnes_mont_lozere_rym_laure_sylvie\/20210905_tour_des_sagnes_mont_lozere_rym_laure_sylvie_05.jpg\" alt=\"\"\/><figcaption class=\"wp-element-caption\">La tourbi\u00e8re des Sagnes appara\u00eet<\/figcaption><\/figure>\n<\/div><\/div>\n<\/div>\n\n\n\n<p>Le barrage est un des points int\u00e9ressants de cette boucle. Couvert de v\u00e9g\u00e9tation, il est peu visible dans le paysage et le randonneur inattentif peut passer devant sans le remarquer. Mais il a eu une influence d\u00e9terminante sur le paysage local. Il a sans doute \u00e9t\u00e9 construit pour m\u00e9nager un petit \u00e9tang d&rsquo;\u00e9levage de poissons (truites ?), comme l&rsquo;indique le nom de \u00ab\u00a0Peschio\u00a0\u00bb port\u00e9 sur la carte. Mais une surface d&rsquo;eau de ce type n\u00e9cessite un entretien constant pour rester ouverte, ce qui n&rsquo;a probablement pas \u00e9t\u00e9 fait, menant irr\u00e9m\u00e9diablement vers une transformation en tourbi\u00e8re. Le vaste espace parfaitement plan que l&rsquo;on aper\u00e7oit en amont du barrage correspond sans doute \u00e0 l&rsquo;\u00e9tendue d&rsquo;eau qui lui a pr\u00e9exist\u00e9. La tourbi\u00e8re qui en r\u00e9sulte pr\u00e9sente un int\u00e9r\u00eat \u00e9cologique important, tr\u00e8s riche d&rsquo;une faune et d&rsquo;une flore caract\u00e9ristique qui le vaut le classement en ZNIEFF (Zone naturelle d&rsquo;Int\u00e9r\u00eat Faunistique et Floristique). Si la localisation de la balade en z\u00f4ne coeur du Parc national des C\u00e9vennes ne vous avait pas encore suffisamment alert\u00e9 sur le fait que la cueillette est ici r\u00e8glement\u00e9e, voil\u00e0 une raison suppl\u00e9mentaire de faire attention.<\/p>\n\n\n\n<div class=\"wp-block-columns is-layout-flex wp-container-core-columns-is-layout-9d6595d7 wp-block-columns-is-layout-flex\">\n<div class=\"wp-block-column is-layout-flow wp-block-column-is-layout-flow\">\n<figure class=\"wp-block-image\"><img decoding=\"async\" src=\"http:\/\/www.reveeveille.net\/photos\/2021\/0905_tour_des_sagnes_mont_lozere_rym_laure_sylvie\/20210905_tour_des_sagnes_mont_lozere_rym_laure_sylvie_06.jpg\" alt=\"\"\/><\/figure>\n<\/div>\n\n\n\n<div class=\"wp-block-column is-layout-flow wp-block-column-is-layout-flow\">\n<figure class=\"wp-block-image\"><img decoding=\"async\" src=\"http:\/\/www.reveeveille.net\/photos\/2021\/0905_tour_des_sagnes_mont_lozere_rym_laure_sylvie\/20210905_tour_des_sagnes_mont_lozere_rym_laure_sylvie_07.jpg\" alt=\"\"\/><\/figure>\n<\/div>\n<\/div>\n\n\n\n<p>On remonte ensuite plein nord jusqu&rsquo;\u00e0 la Croix de Ma\u00eetre Vidal, carrefour important puisqu&rsquo;on y rejoint le sentier de cr\u00eate, qui court sur toute la longueur du massif. Tr\u00e8s belle variante : juste apr\u00e8s avoir pass\u00e9 le barrage, prendre \u00e0 gauche (chemin indiqu\u00e9 sur la carte 25000\u00e8 mais non balis\u00e9).<\/p>\n\n\n\n<p>Une fois \u00e0 la crois de Ma\u00eetre vidal, le chemin balis\u00e9 vous ram\u00e8nera directement \u00e0 l&rsquo;\u00e9tang de Barrandon, mais je vous sugg\u00e8re d&#8217;emprunter plut\u00f4t la piste qui part plein ouest le long de la lisi\u00e8re de la for\u00eat. A 500 m\u00e8tres, tourner \u00e0 gauche sur une piste perpendiculaire, la suivre environ 150 m\u00e8tres et tourner \u00e0 droite dans une piste traversi\u00e8re peu visible car partiellement v\u00e9g\u00e9talis\u00e9e. Elle vous m\u00e8nera en quelques minutes au \u00ab\u00a0<a href=\"https:\/\/www.reveeveille.net\/cevennevivante\/le-petit-tailleur-de-pierre-du-roc-du-chien-fou\/\" data-type=\"post\" data-id=\"1339\">Roc du chien fou<\/a>\u00ab\u00a0, un chaos granitique magnifique et charg\u00e9 d&rsquo;histoire.<\/p>\n\n\n<div class=\"wp-block-image\">\n<figure class=\"aligncenter\"><img decoding=\"async\" src=\"http:\/\/www.reveeveille.net\/photos\/2021\/0905_tour_des_sagnes_mont_lozere_rym_laure_sylvie\/20210905_tour_des_sagnes_mont_lozere_rym_laure_sylvie_08.jpg\" alt=\"\"\/><figcaption class=\"wp-element-caption\">Crois de ma\u00eetre Vidal<\/figcaption><\/figure>\n<\/div>\n\n\n<div class=\"wp-block-columns is-layout-flex wp-container-core-columns-is-layout-9d6595d7 wp-block-columns-is-layout-flex\">\n<div class=\"wp-block-column is-layout-flow wp-block-column-is-layout-flow\"><div class=\"wp-block-image\">\n<figure class=\"aligncenter\"><img decoding=\"async\" src=\"http:\/\/www.reveeveille.net\/photos\/2021\/0905_tour_des_sagnes_mont_lozere_rym_laure_sylvie\/20210905_tour_des_sagnes_mont_lozere_rym_laure_sylvie_09.jpg\" alt=\"\"\/><figcaption class=\"wp-element-caption\">L&rsquo;entr\u00e9e du chemin qui m\u00e8ne au roc du chien fou, bien embroussaill\u00e9e en 2021<\/figcaption><\/figure>\n<\/div><\/div>\n\n\n\n<div class=\"wp-block-column is-layout-flow wp-block-column-is-layout-flow\"><div class=\"wp-block-image\">\n<figure class=\"aligncenter\"><img decoding=\"async\" src=\"http:\/\/www.reveeveille.net\/photos\/2021\/0905_tour_des_sagnes_mont_lozere_rym_laure_sylvie\/20210905_tour_des_sagnes_mont_lozere_rym_laure_sylvie_10.jpg\" alt=\"\"\/><figcaption class=\"wp-element-caption\">Le roc du chien fou<\/figcaption><\/figure>\n<\/div><\/div>\n<\/div>\n\n\n\n<p>Sur le flanc nord de la clairi\u00e8re du Roc du chien fou, un sentier tr\u00e8s bien trac\u00e9, mais l\u00e0 encore non balis\u00e9 et non signal\u00e9 sur la carte, vous ram\u00e8nera \u00e0 l&rsquo;\u00e9tang.<\/p>\n\n\n\n<figure class=\"wp-block-image\"><img decoding=\"async\" src=\"http:\/\/www.reveeveille.net\/photos\/2021\/0905_tour_des_sagnes_mont_lozere_rym_laure_sylvie\/20210905_tour_des_sagnes_mont_lozere_rym_laure_sylvie_12.jpg\" alt=\"\"\/><\/figure>\n\n\n\n<iframe loading=\"lazy\" src=\"https:\/\/www.reveeveille.net\/geoportail\/cartepublique.aspx?idecrit=1355\" width=\"100%\" height=\"400\"><\/iframe>\n","protected":false},"excerpt":{"rendered":"<p>Le secteur du Mont Loz\u00e8re o\u00f9 se situe cette balade est l&rsquo;un des plus fr\u00e9quent\u00e9s du massif, et pour cause : l&rsquo;\u00e9tang de Barrandon, am\u00e9nag\u00e9 pour la p\u00eache de loisir,&hellip; <\/p>\n","protected":false},"author":3,"featured_media":1668,"comment_status":"open","ping_status":"open","sticky":false,"template":"","format":"standard","meta":{"_jetpack_memberships_contains_paid_content":false,"footnotes":"","jetpack_publicize_message":"","jetpack_publicize_feature_enabled":true,"jetpack_social_post_already_shared":false,"jetpack_social_options":{"image_generator_settings":{"template":"highway","default_image_id":0,"font":"","enabled":false},"version":2}},"categories":[6,15],"tags":[],"class_list":["post-1666","post","type-post","status-publish","format-standard","has-post-thumbnail","hentry","category-balades","category-mont-lozere"],"jetpack_publicize_connections":[],"jetpack_featured_media_url":"https:\/\/www.reveeveille.net\/cevennevivante\/wp-content\/uploads\/2021\/12\/20210905_tour_des_sagnes_mont_lozere_rym_laure_sylvie_05.jpg","jetpack_sharing_enabled":true,"_links":{"self":[{"href":"https:\/\/www.reveeveille.net\/cevennevivante\/wp-json\/wp\/v2\/posts\/1666","targetHints":{"allow":["GET"]}}],"collection":[{"href":"https:\/\/www.reveeveille.net\/cevennevivante\/wp-json\/wp\/v2\/posts"}],"about":[{"href":"https:\/\/www.reveeveille.net\/cevennevivante\/wp-json\/wp\/v2\/types\/post"}],"author":[{"embeddable":true,"href":"https:\/\/www.reveeveille.net\/cevennevivante\/wp-json\/wp\/v2\/users\/3"}],"replies":[{"embeddable":true,"href":"https:\/\/www.reveeveille.net\/cevennevivante\/wp-json\/wp\/v2\/comments?post=1666"}],"version-history":[{"count":14,"href":"https:\/\/www.reveeveille.net\/cevennevivante\/wp-json\/wp\/v2\/posts\/1666\/revisions"}],"predecessor-version":[{"id":2884,"href":"https:\/\/www.reveeveille.net\/cevennevivante\/wp-json\/wp\/v2\/posts\/1666\/revisions\/2884"}],"wp:featuredmedia":[{"embeddable":true,"href":"https:\/\/www.reveeveille.net\/cevennevivante\/wp-json\/wp\/v2\/media\/1668"}],"wp:attachment":[{"href":"https:\/\/www.reveeveille.net\/cevennevivante\/wp-json\/wp\/v2\/media?parent=1666"}],"wp:term":[{"taxonomy":"category","embeddable":true,"href":"https:\/\/www.reveeveille.net\/cevennevivante\/wp-json\/wp\/v2\/categories?post=1666"},{"taxonomy":"post_tag","embeddable":true,"href":"https:\/\/www.reveeveille.net\/cevennevivante\/wp-json\/wp\/v2\/tags?post=1666"}],"curies":[{"name":"wp","href":"https:\/\/api.w.org\/{rel}","templated":true}]}}