{"id":1380,"date":"2023-01-09T14:09:38","date_gmt":"2023-01-09T13:09:38","guid":{"rendered":"https:\/\/www.reveeveille.net\/cevennevivante\/?p=1380"},"modified":"2023-01-09T14:15:15","modified_gmt":"2023-01-09T13:15:15","slug":"arbres-solitaires-en-cevennes","status":"publish","type":"post","link":"https:\/\/www.reveeveille.net\/cevennevivante\/arbres-solitaires-en-cevennes\/","title":{"rendered":"Arbres solitaires en C\u00e9vennes"},"content":{"rendered":"\n<p>Les C\u00e9vennes ne sont pas \u00e0 proprement parler une terre de for\u00eats. Rien ici de comparable aux f\u00fbtaies humides du nord de la France, rassemblant des centaines de milliers de h\u00eatres g\u00e9ants&#8230; Il y a certes des for\u00eats mais elles sont d&rsquo;une moindre ampleur : les pin\u00e8des d&rsquo;altitude, quelques h\u00eatraies r\u00e9siduelles dans les coins&#8230; Les arbres s&rsquo;y ressemblent apparemment tous, mais leurs minuscules diff\u00e9rences sont innombrables, et si l&rsquo;on veut en prendre toute la mesure on s&rsquo;y noie comme a essayer d&rsquo;\u00e9couter une musique r\u00e9p\u00e9titive mais \u00e9ternellement changeante.<\/p>\n\n\n\n<p>Pour moi, la vraie originalit\u00e9 des C\u00e9vennes, ce sont les arbres solitaires. Ceux qui, sur des sols pauvres, dans des pentes abruptes, sous des climats difficiles, s&rsquo;installent malgr\u00e9 tout. Petits, tordus, leur isolement les magnifie car, seuls au monde, ils sont indispensables. Il y en a des tortur\u00e9s, qui souffrent d&rsquo;une agression permanente mais que la r\u00e9sistance rend beaux. Il y en a qui malgr\u00e9 tout restent magnifiques, dress\u00e9s dans une indiff\u00e9rence \u00e0 la souffrance.<\/p>\n\n\n\n<p>Voici quelques-unes de mes rencontres&#8230;<\/p>\n\n\n\n<figure class=\"wp-block-image\"><img decoding=\"async\" src=\"http:\/\/www.reveeveille.net\/photos\/2004\/0421_vieille_vigne_moline\/20040421_vieille_vigne_moline_arbre_isole_moline.jpg\" alt=\"\"\/><figcaption class=\"wp-element-caption\">Au milieu des c\u00e9r\u00e9ales, l&rsquo;agriculteur a choisi de laissez sa chance a cet arbre. Plusieurs fois par ans, \u00e0 l&rsquo;occasion de la pr\u00e9paration du sol, des semis, de la r\u00e9colte, il lui faut le contourner, y faire attention\u2026 Peut-\u00eatre a-t-il souhait\u00e9 garder un peu de nature dans l&rsquo;alignement bien ordonn\u00e9 de son champ ? Peut-\u00eatre la pr\u00e9sence de cet \u00eatre d\u00e9cal\u00e9 lui apporte-t-elle un peu de tendresse, comme \u00e0 moi chaque fois que je l&rsquo;aper\u00e7ois de la route du causse ?<\/figcaption><\/figure>\n\n\n<div class=\"wp-block-image\">\n<figure class=\"aligncenter is-resized\"><img loading=\"lazy\" decoding=\"async\" src=\"http:\/\/www.reveeveille.net\/photos\/2004\/0215_visite_a_cabridou\/20040215_visite_a_cabridou_arbre_dans_souche_cabridou.jpg\" alt=\"\" width=\"400\" height=\"534\"\/><figcaption class=\"wp-element-caption\">Jolie le\u00e7on d&rsquo;espoir \u00e0 Cabridou : une graine a \u00e9lu domicile dans le creux d&rsquo;une veille souche pourrissante et redonn\u00e9 vie \u00e0 un jeune arbre.<\/figcaption><\/figure>\n<\/div>\n\n<div class=\"wp-block-image\">\n<figure class=\"aligncenter is-resized\"><img loading=\"lazy\" decoding=\"async\" src=\"http:\/\/www.reveeveille.net\/photos\/2004\/1006_fretma\/20041006_fretma_oeil_de_bois.jpg\" alt=\"\" width=\"496\" height=\"371\"\/><figcaption class=\"wp-element-caption\">Le tronc de fr\u00eane moussu me contemplait d&rsquo;un unique oeil au regard vide. Fretma, Causse M\u00e9jean, juin 2004.<\/figcaption><\/figure>\n<\/div>\n\n\n<figure class=\"wp-block-image\"><img decoding=\"async\" src=\"http:\/\/www.reveeveille.net\/photos\/2004\/1102_saint_laurent\/20041102_saint_laurent_arbre_isole_can.jpg\" alt=\"\"\/><figcaption class=\"wp-element-caption\">Un arbre isol\u00e9 sur la can de Saint Laurent<\/figcaption><\/figure>\n\n\n<div class=\"wp-block-image\">\n<figure class=\"aligncenter is-resized\"><img loading=\"lazy\" decoding=\"async\" src=\"http:\/\/www.reveeveille.net\/photos\/2004\/1210_can_tardo\/20041210_can_tardo_arbre_sur_clapas.jpg\" alt=\"\" width=\"641\" height=\"479\"\/><figcaption class=\"wp-element-caption\">Un arbre a choisi un clapas pour s&rsquo;installer. Vers quelles nourritures ses racines ont-elles \u00e9t\u00e9 attir\u00e9es ? Avec quelles forces ont-elles p\u00e9n\u00e9tr\u00e9 la pierre ? Et si, finalement, c&rsquo;\u00e9tait plut\u00f4t par les branches qu&rsquo;il puisait son \u00e9nergie et sa stabilit\u00e9 dans le ciel ?<\/figcaption><\/figure>\n<\/div>\n\n\n<figure class=\"wp-block-image\"><img decoding=\"async\" src=\"http:\/\/www.reveeveille.net\/photos\/2004\/1221_ferme_des_crottes\/20041221_ferme_des_crottes_pin_solitaire_paysage.jpg\" alt=\"\"\/><figcaption class=\"wp-element-caption\">Horizontalit\u00e9 absolue de la can de l&rsquo;Hospitalet. Pourquoi cet arbre a-t-il v\u00e9cu ? O\u00f9 sont les autres ?<\/figcaption><\/figure>\n\n\n<div class=\"wp-block-image\">\n<figure class=\"aligncenter is-resized\"><img loading=\"lazy\" decoding=\"async\" src=\"http:\/\/www.reveeveille.net\/photos\/2005\/0218_aigoual\/20050218_aigoual_lichens.jpg\" alt=\"\" width=\"514\" height=\"384\"\/><figcaption class=\"wp-element-caption\">Les volutes alambiqu\u00e9es d&rsquo;un lichen sur un h\u00eatre de l&rsquo;Aigoual<\/figcaption><\/figure>\n<\/div>\n\n<div class=\"wp-block-image\">\n<figure class=\"aligncenter is-resized\"><img loading=\"lazy\" decoding=\"async\" src=\"http:\/\/www.reveeveille.net\/photos\/2006\/0120_can_neige\/20060120_can_neige_trace_pres_broussaille_neige_flaque.jpg\" alt=\"\" width=\"333\" height=\"445\"\/><figcaption class=\"wp-element-caption\">Un \u00e9pineux pr\u00e8s d&rsquo;une mare dans la savane africaine ?<\/figcaption><\/figure>\n<\/div>\n\n<div class=\"wp-block-image\">\n<figure class=\"aligncenter is-resized\"><img loading=\"lazy\" decoding=\"async\" src=\"http:\/\/www.reveeveille.net\/photos\/2006\/0528_hort_de_dieu\/20060528_hort_de_dieu_brunelle_grimpe.jpg\" alt=\"\" width=\"677\" height=\"506\"\/><figcaption class=\"wp-element-caption\">Un vieux h\u00eatre au tronc \u00e9norme et tortur\u00e9, valat de Baumole\u00efro<\/figcaption><\/figure>\n<\/div>\n\n\n<figure class=\"wp-block-image\"><img decoding=\"async\" src=\"http:\/\/www.reveeveille.net\/photos\/2006\/1021_plaine_crottes\/20061021_plaine_crottes_arbre_dans_mare_2.jpg\" alt=\"\"\/><figcaption class=\"wp-element-caption\">L&rsquo;arbre solitaire de la prairie des Crottes (can de l&rsquo;Hospitalet), les pieds dans l&rsquo;eau apr\u00e8s l&rsquo;inondation<\/figcaption><\/figure>\n\n\n<div class=\"wp-block-image\">\n<figure class=\"aligncenter is-resized\"><img loading=\"lazy\" decoding=\"async\" src=\"http:\/\/www.reveeveille.net\/photos\/2006\/1015_vallon_le_bosc\/20061015_vallon_le_bosc_armee_de_champignons.jpg\" alt=\"\" width=\"597\" height=\"446\"\/><figcaption class=\"wp-element-caption\">Une for\u00eat sur un arbre<\/figcaption><\/figure>\n<\/div>\n\n<div class=\"wp-block-image\">\n<figure class=\"aligncenter is-resized\"><img loading=\"lazy\" decoding=\"async\" src=\"http:\/\/www.reveeveille.net\/photos\/2006\/1022_ravin_de_sez\/20061022_ravin_de_sez_champignons_violets_sur_bois.jpg\" alt=\"\" width=\"589\" height=\"362\"\/><figcaption class=\"wp-element-caption\">Champignons sur un vieux tronc au bord de la can de l&rsquo;Hospitalet, dans le ravin de Sez<\/figcaption><\/figure>\n<\/div>\n\n<div class=\"wp-block-image\">\n<figure class=\"aligncenter is-resized\"><img loading=\"lazy\" decoding=\"async\" src=\"http:\/\/www.reveeveille.net\/photos\/2006\/1103_crete_mazilhou\/20061103_crete_mazilhou_lune_et_arbre.jpg\" alt=\"\" width=\"344\" height=\"458\"\/><figcaption class=\"wp-element-caption\">Au dessus du village du Pompidou, une vaste prairie verdoyante occupe le sommet d&rsquo;une cr\u00eate. De tous temps elle attire le regard des voyageurs et des esth\u00e8tes. Des sc\u00e8nes de films y ont \u00e9t\u00e9 tourn\u00e9es. Un seul arbre occupe ce lieu immense. Il a \u00e9t\u00e9 respect\u00e9 par le paysan qui g\u00e8re ces terres.<\/figcaption><\/figure>\n<\/div>\n\n\n<figure class=\"wp-block-image\"><img decoding=\"async\" src=\"http:\/\/www.reveeveille.net\/photos\/2006\/1118_ravin_baumoleiro\/20061118_ravin_baumoleiro_ambiance_sous_bois.jpg\" alt=\"\"\/><figcaption class=\"wp-element-caption\">Ambiance de sous bois<\/figcaption><\/figure>\n\n\n<div class=\"wp-block-image\">\n<figure class=\"aligncenter is-resized\"><img loading=\"lazy\" decoding=\"async\" src=\"http:\/\/www.reveeveille.net\/photos\/2004\/0128_autour_de_nimes_le_vieux\/20040128_autour_de_nimes_le_vieux_arbre_isole.jpg\" alt=\"\" width=\"539\" height=\"403\"\/><figcaption class=\"wp-element-caption\">Un jour de balade \u00e0 ski de fonds, sur le causse M\u00e9jean pr\u00e8s du chaos de N\u00efme-le-vieux.<\/figcaption><\/figure>\n<\/div>\n\n\n<figure class=\"wp-block-image\"><img decoding=\"async\" src=\"http:\/\/www.reveeveille.net\/photos\/2008\/1204_fossiles_espinard_vincent_melodie\/20081204_fossiles_espinard_vincent_melodie_08.jpg\" alt=\"\"\/><figcaption class=\"wp-element-caption\">Un arbre a r\u00e9ussi \u00e0 s&rsquo;accrocher dans les pentes \u00e9rod\u00e9es d&rsquo;un arroyo des <a href=\"https:\/\/www.reveeveille.net\/cevennevivante\/?p=1281\" data-type=\"post\" data-id=\"1281\">badlands d&rsquo;Ispagnac<\/a>. Sous les derniers rayons du soleil, il illumine le paysage<\/figcaption><\/figure>\n\n\n\n<figure class=\"wp-block-image\"><img decoding=\"async\" src=\"http:\/\/www.reveeveille.net\/photos\/2011\/1113_prospection_speleo_crottes\/20111113_prospection_speleo_crottes_03.jpg\" alt=\"\"\/><figcaption class=\"wp-element-caption\">Le pin solitaire, toujours\u2026<\/figcaption><\/figure>\n\n\n\n<figure class=\"wp-block-image\"><img decoding=\"async\" src=\"http:\/\/www.reveeveille.net\/photos\/2022\/0313_can_saint_laurent_neige\/20220313_can_saint_laurent_neige_03.jpg\" alt=\"\"\/><figcaption class=\"wp-element-caption\">Un arbre isol\u00e9 sur la can de Ferri\u00e8re<\/figcaption><\/figure>\n\n\n\n<figure class=\"wp-block-image\"><img decoding=\"async\" src=\"http:\/\/www.reveeveille.net\/photos\/2022\/0428_arbre_solitaire_hetre_can\/20220428_arbre_solitaire_hetre_can_01.jpg\" alt=\"\"\/><figcaption class=\"wp-element-caption\">Le grand h\u00eatre solitaire de la can de l&rsquo;Hospitalet, derri\u00e8re un parterre de fleurs de printemps<\/figcaption><\/figure>\n\n\n\n<figure class=\"wp-block-image\"><img decoding=\"async\" src=\"http:\/\/www.reveeveille.net\/photos\/2022\/1009_le_souc_fretma_a_velo\/20221009_le_souc_fretma_a_velo_15.jpg\" alt=\"\"\/><figcaption class=\"wp-element-caption\">Un arbre flamboyant, dans l&rsquo;univers gris et min\u00e9ral du Chaos de N\u00eemes-le-vieux<\/figcaption><\/figure>\n\n\n\n<p><\/p>\n","protected":false},"excerpt":{"rendered":"<p>Les C\u00e9vennes ne sont pas \u00e0 proprement parler une terre de for\u00eats. Rien ici de comparable aux f\u00fbtaies humides du nord de la France, rassemblant des centaines de milliers de&hellip; <\/p>\n","protected":false},"author":3,"featured_media":1190,"comment_status":"open","ping_status":"open","sticky":false,"template":"","format":"standard","meta":{"_jetpack_memberships_contains_paid_content":false,"footnotes":"","jetpack_publicize_message":"","jetpack_publicize_feature_enabled":true,"jetpack_social_post_already_shared":false,"jetpack_social_options":{"image_generator_settings":{"template":"highway","default_image_id":0,"font":"","enabled":false},"version":2}},"categories":[18],"tags":[],"class_list":["post-1380","post","type-post","status-publish","format-standard","has-post-thumbnail","hentry","category-nature"],"jetpack_publicize_connections":[],"jetpack_featured_media_url":"https:\/\/www.reveeveille.net\/cevennevivante\/wp-content\/uploads\/2021\/05\/20041221_ferme_des_crottes_pin_solitaire_paysage.jpg","jetpack_sharing_enabled":true,"_links":{"self":[{"href":"https:\/\/www.reveeveille.net\/cevennevivante\/wp-json\/wp\/v2\/posts\/1380","targetHints":{"allow":["GET"]}}],"collection":[{"href":"https:\/\/www.reveeveille.net\/cevennevivante\/wp-json\/wp\/v2\/posts"}],"about":[{"href":"https:\/\/www.reveeveille.net\/cevennevivante\/wp-json\/wp\/v2\/types\/post"}],"author":[{"embeddable":true,"href":"https:\/\/www.reveeveille.net\/cevennevivante\/wp-json\/wp\/v2\/users\/3"}],"replies":[{"embeddable":true,"href":"https:\/\/www.reveeveille.net\/cevennevivante\/wp-json\/wp\/v2\/comments?post=1380"}],"version-history":[{"count":9,"href":"https:\/\/www.reveeveille.net\/cevennevivante\/wp-json\/wp\/v2\/posts\/1380\/revisions"}],"predecessor-version":[{"id":2311,"href":"https:\/\/www.reveeveille.net\/cevennevivante\/wp-json\/wp\/v2\/posts\/1380\/revisions\/2311"}],"wp:featuredmedia":[{"embeddable":true,"href":"https:\/\/www.reveeveille.net\/cevennevivante\/wp-json\/wp\/v2\/media\/1190"}],"wp:attachment":[{"href":"https:\/\/www.reveeveille.net\/cevennevivante\/wp-json\/wp\/v2\/media?parent=1380"}],"wp:term":[{"taxonomy":"category","embeddable":true,"href":"https:\/\/www.reveeveille.net\/cevennevivante\/wp-json\/wp\/v2\/categories?post=1380"},{"taxonomy":"post_tag","embeddable":true,"href":"https:\/\/www.reveeveille.net\/cevennevivante\/wp-json\/wp\/v2\/tags?post=1380"}],"curies":[{"name":"wp","href":"https:\/\/api.w.org\/{rel}","templated":true}]}}