{"id":1363,"date":"2021-09-09T12:50:01","date_gmt":"2021-09-09T10:50:01","guid":{"rendered":"https:\/\/www.reveeveille.net\/cevennevivante\/?p=1363"},"modified":"2021-10-30T08:19:49","modified_gmt":"2021-10-30T06:19:49","slug":"rene-allio-realisateur-des-camisards","status":"publish","type":"post","link":"https:\/\/www.reveeveille.net\/cevennevivante\/rene-allio-realisateur-des-camisards\/","title":{"rendered":"Ren\u00e9 Allio, r\u00e9alisateur des \u00ab\u00a0Camisards\u00a0\u00bb"},"content":{"rendered":"\n<p>Sur un rocher situ\u00e9 \u00e0 gauche du portail d&rsquo;entr\u00e9e au <a href=\"https:\/\/www.reveeveille.net\/cevennevivante\/?p=7\" data-type=\"post\" data-id=\"7\">site des dinosaures de Saint Laurent de Tr\u00e8ves<\/a>\u00a0est grav\u00e9e une inscription tr\u00e8s discr\u00e8te. Les lichens ont commenc\u00e9 \u00e0 y apposer les taches sombres.\u00a0Le texte\u00a0raconte qu&rsquo;en ces lieux ont \u00e9t\u00e9 dispers\u00e9es les cendres d&rsquo;un certain Ren\u00e9 Allio, cin\u00e9aste, qui y aurait tourn\u00e9 des sc\u00e8nes de son film \u00ab\u00a0<a href=\"https:\/\/www.reveeveille.net\/cevennevivante\/?p=1368\" data-type=\"post\" data-id=\"1368\">Les Camisards<\/a>\u00ab\u00a0.<\/p>\n\n\n\n<p>Moi qui habite \u00e0 deux pas et fr\u00e9quente ce plateau depuis des ann\u00e9es, il aura fallu que quelqu&rsquo;un d&rsquo;\u00e9tranger \u00e0 la r\u00e9gion vienne me montrer cette inscription pour que je la d\u00e9couvre, et me raconte l&rsquo;histoire de Ren\u00e9 Allio pour que je comprenne l&rsquo;importance qu&rsquo;a eu cet homme et son film dans l&rsquo;histoire locale.<\/p>\n\n\n\n<p>Voyons d&rsquo;abord ce que disent les biographies \u00ab\u00a0officielles\u00a0\u00bb.<\/p>\n\n\n\n<h3 class=\"wp-block-heading\">Ren\u00e9 ALLIO : 8 mars 1924 \u2013 27 mars 1995<\/h3>\n\n\n\n<p><em>\u00ab\u00a0Ren\u00e9 ALLIO, petit-fils d\u2019immigr\u00e9s italiens et de Marseillais, passe son enfance et sa jeunesse \u00e0 Marseille, ville dans laquelle il reviendra sans cesse, dont il filmera mieux que personne le pluriel de ses cultures, le pluriel de ses gens et de ses couleurs. Il y implanta d\u2019ailleurs d\u00e8s 1978 le Centre M\u00e9diterran\u00e9en de Cr\u00e9ation Cin\u00e9matographique. <\/em><em>\u00c0 Marseille, et surtout \u00e0 Paris o\u00f9 il se rend assez t\u00f4t pour r\u00e9sider, mais aussi \u00e0 Lyon, il sera tour \u00e0 tour, d\u00e9corateur et cr\u00e9ateur de costumes pour le th\u00e9\u00e2tre et l\u2019op\u00e9ra, sc\u00e9nographe, peintre, \u00e9crivain et cin\u00e9aste.<\/em><\/p>\n\n\n\n<p><em>La carri\u00e8re de Ren\u00e9 ALLIO au th\u00e9\u00e2tre ne fut pas un simple passage : il a commenc\u00e9 dans les ann\u00e9es 50, parall\u00e8lement \u00e0 son activit\u00e9 de peintre. D\u00e9cors, costumes, architecture et m\u00eame mise en sc\u00e8ne, rien de ce qui caract\u00e9rise le th\u00e9\u00e2tre comme art visuel et art du r\u00e9cit ne lui est \u00e9tranger. Il accompagne tout le mouvement th\u00e9\u00e2tral de la d\u00e9centralisation des ann\u00e9es 50 \u00e0 70. En particulier, pendant pr\u00e8s de 10 ans, il collabore r\u00e9guli\u00e8rement avec le metteur en sc\u00e8ne Roger Planchon.<\/em><\/p>\n\n\n\n<p><em>Cin\u00e9aste des Hommes et de leur temps, Ren\u00e9 ALLIO r\u00e9alise 11 longs-m\u00e9trages et 3 courts et moyens-m\u00e9trages. Attentif \u00e0 l\u2019univers des petites gens, des villes ou des campagnes, il fait d\u2019eux les personnages centraux de ses \u0153uvres.<\/em><\/p>\n\n\n\n<figure class=\"wp-block-image\"><img decoding=\"async\" src=\"http:\/\/www.reveeveille.net\/photos\/2007\/0604_traces_dinosaure_rene_allio\/20070604_traces_dinosaure_rene_allio_inscription_de_face.jpg\" alt=\"\"\/><figcaption>Ren\u00e9 Allio, r\u00e9alisateur des \u00ab\u00a0Camisards\u00a0\u00bb<\/figcaption><\/figure>\n\n\n\n<p><em>C\u2019est en pensant au lieu de ses vacances d\u2019enfant, Carl\u00e8ques et les C\u00e9vennes, et dans l\u2019effervescence des ann\u00e9es qui suivirent 68, qu\u2019il \u00e9crit le sc\u00e9nario (inspir\u00e9 du travail de l\u2019historien Philippe Joutard et avec la collaboration de Jean Jourdheuil) et tourne son film <u>\u00ab Les Camisards <\/u>\u00bb. Avec de tr\u00e8s grands acteurs, mais aussi avec la participation des gens du coin, le tournage a lieu entre FLORAC, BARRE-DES-C\u00c9VENNES, V\u00c9BRON, SAINT-LAURENT-DE-TR\u00c8VES, durant l\u2019ann\u00e9e 1970. Le film campe la r\u00e9sistance des protestants de cette r\u00e9gion quelques ann\u00e9es apr\u00e8s la r\u00e9vocation de l\u2019\u00c9dit de Nantes, au d\u00e9but du XVIII \u00e8me si\u00e8cle.<\/em><\/p>\n\n\n\n<p><em>Dans les derni\u00e8res ann\u00e9es de sa vie, il signe la conception et la mise en sc\u00e8ne de \u00ab La caravane des animaux \u00bb et \u00ab Le ciel actif \u00bb de la grande Galerie de l\u2019\u00c9volution du Mus\u00e9um d\u2019Histoire Naturelle de Paris r\u00e9ouvert en 1995.<\/em><\/p>\n\n\n\n<p><em>\u00c0 la mort de Ren\u00e9 ALLIO, ses cendres sont dispers\u00e9es sur le plateau des dinosaures \u00e0 Saint-Laurent-de-Tr\u00e8ves. En pr\u00e9sence de ses amis et d\u2019habitants de la r\u00e9gion, un arbre \u00ab Ren\u00e9 ALLIO \u00bb est plant\u00e9. En 2004, une pierre est grav\u00e9e, en son souvenir, \u00e0 l\u2019entr\u00e9e du plateau.\u00a0\u00bb<\/em><\/p>\n\n\n\n<p>La derni\u00e8re amie de Ren\u00e9 Allio ajoute :<\/p>\n\n\n\n<p>\u00ab\u00a0<em>Ren\u00e9 a \u00e9t\u00e9 incin\u00e9r\u00e9 le 30 [mars 95] au cimeti\u00e8re du P\u00e8re Lachaise. Nous avons dispers\u00e9 ses cendres \u00e0 P\u00e2ques de la m\u00eame ann\u00e9e et avons plant\u00e9 son fr\u00eane le 4 novembre 95 [&#8230;] L&rsquo;arbre n&rsquo;a malheureusement pas r\u00e9sist\u00e9 aux intemp\u00e9ries (sur le versant sud tr\u00e8s expos\u00e9) aussi nous lui en avons attribu\u00e9 un autre \u00e0 l&rsquo;entr\u00e9e du plateau sur la gauche [&#8230;]<\/em><\/p>\n\n\n\n<p><em>Je souhaitais marquer une phrase simple sur une plaque, une pierre&#8230; qu&rsquo;on aurait d\u00e9pos\u00e9e sur le plateau. Et puis il y a eu ma rencontre avec Jean-Claude Saurel qui est graveur et sculpteur \u00e0 Clermont-Ferrand [&#8230;]. C&rsquo;est avec lui que nous avons d\u00e9cid\u00e9 qu&rsquo;il graverait une pierre sur place. Un jour d&rsquo;automne 2004,nous sommes \u00ab\u00a0descendus\u00a0\u00bb \u00e0 St Laurent, en parlant cin\u00e9ma bien s\u00fbr, des films de Ren\u00e9 beaucoup&#8230; nous avons choisi la pierre et Jean-Claude l&rsquo;a grav\u00e9e en une demi-journ\u00e9e.\u00a0\u00bb<\/em><\/p>\n\n\n\n<p>Presque quatre d\u00e9cennies plus tard, les traces du film sont pr\u00e9sentes partout dans les environs. Les souvenirs de tournage, comme la sc\u00e8ne de la bataille de Champdomergue pr\u00e8s de la <a href=\"https:\/\/www.reveeveille.net\/candelhospitalet\/?p=2251\">ferme des Crottes<\/a>, se racontent entre gens du coin. J&rsquo;en ai m\u00eame entendu certains pr\u00e9tendre que le tournage des \u00ab\u00a0camisards\u00a0\u00bb aurait jou\u00e9 un r\u00f4le non n\u00e9gligeable dans le renouveau d&rsquo;int\u00e9r\u00eat des gens d&rsquo;ici pour leur propre pays, et n&rsquo;aurait pas \u00e9t\u00e9 \u00e9tranger \u00e0 l&rsquo;afflux de n\u00e9oruraux dans les ann\u00e9es 70.<\/p>\n\n\n\n<p>L&rsquo;homme lui-m\u00eame, aussi, a laiss\u00e9 beaucoup de souvenirs dans la r\u00e9gion. C&rsquo;\u00e9tait un personnage \u00e9tonnant. Il para\u00eet par exemple qu&rsquo;il s&rsquo;\u00e9tait am\u00e9nag\u00e9 une cabane dans un arbre du domaine de Carl\u00e8que et que c&rsquo;est l\u00e0-haut qu&rsquo;il allait se retrancher pour r\u00eaver et \u00e9crire tranquillement.<\/p>\n\n\n\n<p>Ren\u00e9 Allio garde aussi une r\u00e9putation de grande simplicit\u00e9 et de modestie. Des&nbsp;c\u00e9venols qui le connaissaient depuis tr\u00e8s longtemps n&rsquo;ont d\u00e9couvert qu&rsquo;\u00e0 sa mort qu&rsquo;il avait une carri\u00e8re internationale de cin\u00e9aste tellement il \u00e9tait discret sur le sujet, et peu prompt \u00e0 se vanter.&nbsp;Le fait qu&rsquo;il se soit&nbsp;\u00e0 tel point pris d&rsquo;affection pour cette r\u00e9gion&nbsp;et ses habitants&nbsp;qu&rsquo;il ait souhait\u00e9 y reposer pour l&rsquo;\u00e9ternit\u00e9 est une sorte de baume au c\u0153ur pour certains c\u00e9venols qui ressentent parfois leur r\u00e9gion comme pauvre et d\u00e9laiss\u00e9e&#8230;<\/p>\n\n\n\n<p>Tout \u00e7a s&rsquo;est pass\u00e9 avant mon arriv\u00e9e dans la r\u00e9gion&#8230; c&rsquo;est bien dommage !<\/p>\n\n\n\n<p>Certains anciens collaborateurs et amis de Ren\u00e9 Allio passent de temps \u00e0 autres faire un p\u00e8lerinage parmi les herbes du plateau qui ondulent au vent. Que font-ils l\u00e0-haut, \u00e0 quoi pensent-ils ?<\/p>\n\n\n\n<div class=\"wp-block-columns is-layout-flex wp-container-core-columns-is-layout-9d6595d7 wp-block-columns-is-layout-flex\">\n<div class=\"wp-block-column is-layout-flow wp-block-column-is-layout-flow\">\n<figure class=\"wp-block-image\"><img decoding=\"async\" src=\"http:\/\/www.reveeveille.net\/photos\/2007\/0604_traces_dinosaure_rene_allio\/20070604_traces_dinosaure_rene_allio_detail_inscription_3.jpg\" alt=\"\"\/><\/figure>\n<\/div>\n\n\n\n<div class=\"wp-block-column is-layout-flow wp-block-column-is-layout-flow\">\n<figure class=\"wp-block-image\"><img decoding=\"async\" src=\"http:\/\/www.reveeveille.net\/photos\/2007\/0604_traces_dinosaure_rene_allio\/20070604_traces_dinosaure_rene_allio_detail_inscription_4.jpg\" alt=\"\"\/><\/figure>\n<\/div>\n<\/div>\n","protected":false},"excerpt":{"rendered":"<p>Sur un rocher situ\u00e9 \u00e0 gauche du portail d&rsquo;entr\u00e9e au site des dinosaures de Saint Laurent de Tr\u00e8ves\u00a0est grav\u00e9e une inscription tr\u00e8s discr\u00e8te. Les lichens ont commenc\u00e9 \u00e0 y apposer&hellip; <\/p>\n","protected":false},"author":3,"featured_media":1364,"comment_status":"open","ping_status":"open","sticky":false,"template":"","format":"standard","meta":{"_jetpack_memberships_contains_paid_content":false,"footnotes":"","jetpack_publicize_message":"","jetpack_publicize_feature_enabled":true,"jetpack_social_post_already_shared":false,"jetpack_social_options":{"image_generator_settings":{"template":"highway","default_image_id":0,"font":"","enabled":false},"version":2}},"categories":[4],"tags":[],"class_list":["post-1363","post","type-post","status-publish","format-standard","has-post-thumbnail","hentry","category-les-gens"],"jetpack_publicize_connections":[],"jetpack_featured_media_url":"https:\/\/www.reveeveille.net\/cevennevivante\/wp-content\/uploads\/2021\/09\/20070604_traces_dinosaure_rene_allio_inscription_de_profil.jpg","jetpack_sharing_enabled":true,"_links":{"self":[{"href":"https:\/\/www.reveeveille.net\/cevennevivante\/wp-json\/wp\/v2\/posts\/1363","targetHints":{"allow":["GET"]}}],"collection":[{"href":"https:\/\/www.reveeveille.net\/cevennevivante\/wp-json\/wp\/v2\/posts"}],"about":[{"href":"https:\/\/www.reveeveille.net\/cevennevivante\/wp-json\/wp\/v2\/types\/post"}],"author":[{"embeddable":true,"href":"https:\/\/www.reveeveille.net\/cevennevivante\/wp-json\/wp\/v2\/users\/3"}],"replies":[{"embeddable":true,"href":"https:\/\/www.reveeveille.net\/cevennevivante\/wp-json\/wp\/v2\/comments?post=1363"}],"version-history":[{"count":2,"href":"https:\/\/www.reveeveille.net\/cevennevivante\/wp-json\/wp\/v2\/posts\/1363\/revisions"}],"predecessor-version":[{"id":1459,"href":"https:\/\/www.reveeveille.net\/cevennevivante\/wp-json\/wp\/v2\/posts\/1363\/revisions\/1459"}],"wp:featuredmedia":[{"embeddable":true,"href":"https:\/\/www.reveeveille.net\/cevennevivante\/wp-json\/wp\/v2\/media\/1364"}],"wp:attachment":[{"href":"https:\/\/www.reveeveille.net\/cevennevivante\/wp-json\/wp\/v2\/media?parent=1363"}],"wp:term":[{"taxonomy":"category","embeddable":true,"href":"https:\/\/www.reveeveille.net\/cevennevivante\/wp-json\/wp\/v2\/categories?post=1363"},{"taxonomy":"post_tag","embeddable":true,"href":"https:\/\/www.reveeveille.net\/cevennevivante\/wp-json\/wp\/v2\/tags?post=1363"}],"curies":[{"name":"wp","href":"https:\/\/api.w.org\/{rel}","templated":true}]}}