{"id":1313,"date":"2022-10-07T12:40:46","date_gmt":"2022-10-07T10:40:46","guid":{"rendered":"https:\/\/www.reveeveille.net\/cevennevivante\/?p=1313"},"modified":"2022-10-07T12:40:48","modified_gmt":"2022-10-07T10:40:48","slug":"lenceinte-protohistorique-de-la-tourelle","status":"publish","type":"post","link":"https:\/\/www.reveeveille.net\/cevennevivante\/lenceinte-protohistorique-de-la-tourelle\/","title":{"rendered":"L&rsquo;enceinte protohistorique de la Tourelle"},"content":{"rendered":"\n<p>Cette <a href=\"https:\/\/www.reveeveille.net\/candelhospitalet\/?p=2264\">enceinte protohistorique<\/a> est un peu moins impressionnante que sa s\u0153ur de <a href=\"https:\/\/www.reveeveille.net\/cevennevivante\/?p=673\" data-type=\"post\" data-id=\"673\">Drigas<\/a>, quelques kilom\u00e8tres plus au sud-est, mais elle permet tout de m\u00eame de faire une jolie boucle et de r\u00eaver. Elle est de plus assez facile d&rsquo;acc\u00e8s. Vous la trouverez sur la route qui va de l&rsquo;a\u00e9rodrome de Chanet \u00e0 la Mal\u00e8ne, sur la droite. Arr\u00eatez vous \u00e0 environ 6 km de l&rsquo;a\u00e9roport. Vous apercevrez, au sommer de la cr\u00eate qui vous domine au nord (vers la droite, donc), la chapelle de Sainte C\u00f4me. Cherchez le chemin qui y m\u00e8ne et montez-y.<\/p>\n\n\n\n<div class=\"wp-block-columns is-layout-flex wp-container-core-columns-is-layout-9d6595d7 wp-block-columns-is-layout-flex\">\n<div class=\"wp-block-column is-layout-flow wp-block-column-is-layout-flow\">\n<figure class=\"wp-block-image\"><img decoding=\"async\" src=\"http:\/\/www.reveeveille.net\/photos\/2013\/1002_enceinte_de_la_tourelle\/20131002_enceinte_de_la_tourelle_03.jpg\" alt=\"\"\/><figcaption>La Chapelle de Sainte C\u00f4me<\/figcaption><\/figure>\n<\/div>\n\n\n\n<div class=\"wp-block-column is-layout-flow wp-block-column-is-layout-flow\">\n<figure class=\"wp-block-image\"><img decoding=\"async\" src=\"http:\/\/www.reveeveille.net\/photos\/2013\/1002_enceinte_de_la_tourelle\/20131002_enceinte_de_la_tourelle_04.jpg\" alt=\"\"\/><figcaption>La chapelle de Sainte C\u00f4me, depuis l&rsquo;enceinte protohistorique<\/figcaption><\/figure>\n<\/div>\n<\/div>\n\n\n\n<p>Le b\u00e2timent a \u00e9t\u00e9 restaur\u00e9 r\u00e9cemment, et surtout mise en valeur d&rsquo;une mani\u00e8re inattendue, \u00e0 l&rsquo;occasion du gigantesque incendie qui a d\u00e9truit toute la for\u00eat de r\u00e9sineux qui couvrait la vall\u00e9e et la cr\u00eate. Le malheur des uns fait le bonheur des autres.<\/p>\n\n\n\n<div class=\"wp-block-columns is-layout-flex wp-container-core-columns-is-layout-9d6595d7 wp-block-columns-is-layout-flex\">\n<div class=\"wp-block-column is-layout-flow wp-block-column-is-layout-flow\">\n<figure class=\"wp-block-image\"><img decoding=\"async\" src=\"http:\/\/www.reveeveille.net\/photos\/2013\/1002_enceinte_de_la_tourelle\/20131002_enceinte_de_la_tourelle_05.jpg\" alt=\"\"\/><figcaption>A l&rsquo;int\u00e9rieur de l&rsquo;enceinte\u2026<\/figcaption><\/figure>\n<\/div>\n\n\n\n<div class=\"wp-block-column is-layout-flow wp-block-column-is-layout-flow\">\n<figure class=\"wp-block-image\"><img decoding=\"async\" src=\"http:\/\/www.reveeveille.net\/photos\/2013\/1002_enceinte_de_la_tourelle\/20131002_enceinte_de_la_tourelle_06.jpg\" alt=\"\"\/><figcaption>Vue vers Mas Saint Ch\u00e9ly<\/figcaption><\/figure>\n<\/div>\n<\/div>\n\n\n\n<p>De l\u00e0-haut, vous apercevrez le replat de l&rsquo;enceinte, sur un sommet arrondi \u00e0 quelques centaines de m\u00e8tres vers l&rsquo;ouest. Un sentier y m\u00e8ne.<\/p>\n\n\n\n<p>La haut r\u00e8gne le m\u00eame genre d&rsquo;ambiance qu&rsquo;\u00e0 l&rsquo;enceinte de Drigas : celle des temps perdus. Devenue clapas, l&rsquo;ancienne muraille ne d\u00e9fend plus rien que des courants d&rsquo;airs et des buissons \u00e9pineux. reste la vue panoramique, la m\u00eame qu&rsquo;on contempl\u00e9e les occupant des lieux \u00e0 l&rsquo;\u00e2ge du Fer&#8230;<\/p>\n\n\n\n<p>Choc des civilisations : \u00e0 2 km vers le nord vous apercevrez l&rsquo;ouverture du Col de Coperlac, ou s&rsquo;est d\u00e9roul\u00e9 un <a href=\"https:\/\/www.reveeveille.net\/cevennevivante\/?p=386\" data-type=\"post\" data-id=\"386\">\u00e9trange \u00e9v\u00e9nement<\/a> dans les ann\u00e9es 2000.<\/p>\n\n\n\n<div class=\"wp-block-group alignfull has-background\" style=\"background-color:#f8f4e4\"><div class=\"wp-block-group__inner-container is-layout-flow wp-block-group-is-layout-flow\">\n<div class=\"wp-block-columns alignwide is-layout-flex wp-container-core-columns-is-layout-9d6595d7 wp-block-columns-is-layout-flex\">\n<div class=\"wp-block-column is-layout-flow wp-block-column-is-layout-flow\">\n<div style=\"height:5px\" aria-hidden=\"true\" class=\"wp-block-spacer\"><\/div>\n<\/div>\n<\/div>\n\n\n\n<div class=\"wp-block-columns alignwide is-layout-flex wp-container-core-columns-is-layout-9d6595d7 wp-block-columns-is-layout-flex\">\n<div class=\"wp-block-column is-layout-flow wp-block-column-is-layout-flow\" style=\"flex-basis:33.38%\">\n<figure class=\"wp-block-image\"><img decoding=\"async\" src=\"http:\/\/www.reveeveille.net\/photos\/2013\/1002_enceinte_de_la_tourelle\/20131002_enceinte_de_la_tourelle_07.jpg\" alt=\"\"\/><figcaption>Vers le sud<\/figcaption><\/figure>\n<\/div>\n\n\n\n<div class=\"wp-block-column is-layout-flow wp-block-column-is-layout-flow\" style=\"flex-basis:33%\">\n<figure class=\"wp-block-image\"><img decoding=\"async\" src=\"http:\/\/www.reveeveille.net\/photos\/2013\/1002_enceinte_de_la_tourelle\/20131002_enceinte_de_la_tourelle_08.jpg\" alt=\"\"\/><figcaption>Un chandelier crochu<\/figcaption><\/figure>\n<\/div>\n\n\n\n<div class=\"wp-block-column is-layout-flow wp-block-column-is-layout-flow\" style=\"flex-basis:33.62%\">\n<figure class=\"wp-block-image\"><img decoding=\"async\" src=\"http:\/\/www.reveeveille.net\/photos\/2013\/1002_enceinte_de_la_tourelle\/20131002_enceinte_de_la_tourelle_09.jpg\" alt=\"\"\/><figcaption>Couleurs du causse au printemps<\/figcaption><\/figure>\n<\/div>\n<\/div>\n\n\n\n<div class=\"wp-block-columns alignwide is-layout-flex wp-container-core-columns-is-layout-9d6595d7 wp-block-columns-is-layout-flex\"><\/div>\n<\/div><\/div>\n\n\n\n<iframe loading=\"lazy\" src=\"https:\/\/www.reveeveille.net\/geoportail\/cartepublique.aspx?idecrit=1230\" width=\"100%\" height=\"400\"><\/iframe>\n","protected":false},"excerpt":{"rendered":"<p>Cette enceinte protohistorique est un peu moins impressionnante que sa s\u0153ur de Drigas, quelques kilom\u00e8tres plus au sud-est, mais elle permet tout de m\u00eame de faire une jolie boucle et&hellip; <\/p>\n","protected":false},"author":3,"featured_media":1314,"comment_status":"open","ping_status":"open","sticky":false,"template":"","format":"standard","meta":{"_jetpack_memberships_contains_paid_content":false,"footnotes":"","jetpack_publicize_message":"","jetpack_publicize_feature_enabled":true,"jetpack_social_post_already_shared":false,"jetpack_social_options":{"image_generator_settings":{"template":"highway","default_image_id":0,"font":"","enabled":false},"version":2}},"categories":[38,6,12],"tags":[],"class_list":["post-1313","post","type-post","status-publish","format-standard","has-post-thumbnail","hentry","category-archeologie","category-balades","category-causse-mejean"],"jetpack_publicize_connections":[],"jetpack_featured_media_url":"https:\/\/www.reveeveille.net\/cevennevivante\/wp-content\/uploads\/2021\/08\/20131002_enceinte_de_la_tourelle_05.jpg","jetpack_sharing_enabled":true,"_links":{"self":[{"href":"https:\/\/www.reveeveille.net\/cevennevivante\/wp-json\/wp\/v2\/posts\/1313","targetHints":{"allow":["GET"]}}],"collection":[{"href":"https:\/\/www.reveeveille.net\/cevennevivante\/wp-json\/wp\/v2\/posts"}],"about":[{"href":"https:\/\/www.reveeveille.net\/cevennevivante\/wp-json\/wp\/v2\/types\/post"}],"author":[{"embeddable":true,"href":"https:\/\/www.reveeveille.net\/cevennevivante\/wp-json\/wp\/v2\/users\/3"}],"replies":[{"embeddable":true,"href":"https:\/\/www.reveeveille.net\/cevennevivante\/wp-json\/wp\/v2\/comments?post=1313"}],"version-history":[{"count":3,"href":"https:\/\/www.reveeveille.net\/cevennevivante\/wp-json\/wp\/v2\/posts\/1313\/revisions"}],"predecessor-version":[{"id":2049,"href":"https:\/\/www.reveeveille.net\/cevennevivante\/wp-json\/wp\/v2\/posts\/1313\/revisions\/2049"}],"wp:featuredmedia":[{"embeddable":true,"href":"https:\/\/www.reveeveille.net\/cevennevivante\/wp-json\/wp\/v2\/media\/1314"}],"wp:attachment":[{"href":"https:\/\/www.reveeveille.net\/cevennevivante\/wp-json\/wp\/v2\/media?parent=1313"}],"wp:term":[{"taxonomy":"category","embeddable":true,"href":"https:\/\/www.reveeveille.net\/cevennevivante\/wp-json\/wp\/v2\/categories?post=1313"},{"taxonomy":"post_tag","embeddable":true,"href":"https:\/\/www.reveeveille.net\/cevennevivante\/wp-json\/wp\/v2\/tags?post=1313"}],"curies":[{"name":"wp","href":"https:\/\/api.w.org\/{rel}","templated":true}]}}