{"id":1275,"date":"2022-10-07T12:32:46","date_gmt":"2022-10-07T10:32:46","guid":{"rendered":"https:\/\/www.reveeveille.net\/cevennevivante\/?p=1275"},"modified":"2024-09-19T10:23:37","modified_gmt":"2024-09-19T08:23:37","slug":"les-baumes-chaudes","status":"publish","type":"post","link":"https:\/\/www.reveeveille.net\/cevennevivante\/les-baumes-chaudes\/","title":{"rendered":"Les baumes chaudes"},"content":{"rendered":"\n<p>La grotte des baumes chaudes est un endroit \u00e9tonnant. Dans cette grotte facile d&rsquo;acc\u00e8s, situ\u00e9e sous le rebord sud du Causse de Sauveterre, pr\u00e8s du c\u00e9l\u00e9brissimme \u00ab\u00a0point sublime\u00a0\u00bb des gorges du Tarn, ont \u00e9t\u00e9 trouv\u00e9s des dizaines de cr\u00e2nes pr\u00e9historiques tr\u00e9pan\u00e9s datant d&rsquo;il y a plusieurs milliers d&rsquo;ann\u00e9es. La plupart des personnes qui ont subi ce traitement ont surv\u00e9cu \u00e0 l&rsquo;op\u00e9ration (dont on ne sait pas avec certitude si elle \u00e9tait m\u00e9dicale ou cultuelle), ils ont donc continu\u00e9 leur vie comme ils ont pu, et pourtant ils sont tous enterr\u00e9s au m\u00eame endroit. Sont-ils revenus sur le tard, leurs d\u00e9pouilles ont-elles \u00e9t\u00e9 ramen\u00e9es sur place apr\u00e8s leur mort ? Myst\u00e8re. Les cr\u00e2nes en question, exhum\u00e9s au XIX\u00e8me si\u00e8cle par le Docteur Pruni\u00e8re, arch\u00e9ologue amateur \u00e9clair\u00e9, sont maintenant regroup\u00e9s au mus\u00e9e de l&rsquo;Homme, h\u00e9las au fin fonds de rayonnages oubli\u00e9s, \u00e0 tel point qu&rsquo;il a \u00e9t\u00e9 impossible de les retrouver \u00e0 l&rsquo;occasion de la visite d&rsquo;une c\u00e9venole qui m&rsquo;est ch\u00e8re au mus\u00e9e en question.<\/p>\n\n\n\n<p>Bref, autant dire que les Baumes Chaudes sont une sorte de haut lieu pr\u00e9historique national. Pourtant, peu de gens du coin connaissent l&rsquo;existence de cette grotte, encore moins savent trouver l&rsquo;entr\u00e9e du chemin facile qui y m\u00e8ne, pr\u00e8s du parking du point sublime.<\/p>\n\n\n\n<figure class=\"wp-block-image\"><img decoding=\"async\" src=\"http:\/\/www.reveeveille.net\/photos\/2008\/0417_baumes_chaudes\/20080417_baumes_chaudes_27.jpg\" alt=\"\"\/><figcaption class=\"wp-element-caption\">L&rsquo;entr\u00e9e des Baumes chaudes, dans la pente du cirque<\/figcaption><\/figure>\n\n\n\n<p>La cavit\u00e9 elle-m\u00eame est une \u00ab\u00a0grotte-aven\u00a0\u00bb, dixit Martel himself lorsqu&rsquo;il en tra\u00e7a le plan lors de l&rsquo;une de ses innombrables visites aux grands causses. D\u00e9cid\u00e9ment, tous les grands hommes du XIX\u00e8me sont pass\u00e9s par l\u00e0 ! Grotte aven signifie que la cavit\u00e9 s&rsquo;ouvre en forme de grotte, donc horizontalement, et qu&rsquo;\u00e0 l&rsquo;int\u00e9rieur des galeries s&rsquo;ouvrent des avens. Cas de figure pas si courant que \u00e7a en sp\u00e9l\u00e9o, ou la situation inverse (les avens-grottes, donc) est plus fr\u00e9quente. Les Baumes chaudes, en plus d&rsquo;un int\u00e9r\u00eat arch\u00e9ologique, constituent donc \u00e9galement une curiosit\u00e9 sp\u00e9l\u00e9ologique.<\/p>\n\n\n\n<figure class=\"wp-block-image\"><img decoding=\"async\" src=\"http:\/\/www.reveeveille.net\/photos\/2008\/0417_baumes_chaudes\/20080417_baumes_chaudes_28.jpg\" alt=\"\"\/><figcaption class=\"wp-element-caption\">Depuis l&rsquo;entr\u00e9e des Baumes chaudes, une vue imprenable sur les gorges du Tarn\u2026 on comprend que les pr\u00e9historiques aient \u00e9t\u00e9 attir\u00e9s par le lieu<\/figcaption><\/figure>\n\n\n\n<p>Et c&rsquo;est vrai qu&rsquo;il y a l\u00e0 de quoi se promener longuement. On reconna\u00eetra facilement que la galerie principale constituait le lit d&rsquo;une large rivi\u00e8re souterraine qui courrait approximativement dans la direction parall\u00e8le au versant actuel du causse. L&rsquo;\u00e9rosion a fait reculer ce versant jusqu&rsquo;\u00e0 ce qu&rsquo;il recoupe la galerie, la tron\u00e7onnant ainsi en 3 parties in\u00e9gales. La plus vaste est la derni\u00e8re, c&rsquo;est au fond que se trouvent les avens, faites attention \u00e0 vous et \u00e0 vos enfants lorsque vous irez.<\/p>\n\n\n\n<figure class=\"wp-block-image\"><img decoding=\"async\" src=\"http:\/\/www.reveeveille.net\/photos\/2008\/0417_baumes_chaudes\/20080417_baumes_chaudes_18.jpg\" alt=\"\"\/><figcaption class=\"wp-element-caption\">Dans les r\u00e9seaux arri\u00e8res des baumes chaudes<\/figcaption><\/figure>\n\n\n\n<p>Merci \u00e0 Daniel Andr\u00e9 et Jean Yves Boutin pour leurs infos sur la grotte. Si vous voulez approfondir le sujet des cr\u00e2nes tr\u00e9pan\u00e9s trouv\u00e9s dans cette cavit\u00e9, lisez leur tr\u00e8s document\u00e9 \u00ab\u00a0La grotte-aven des Baumes-Chaudes &amp; les tr\u00e9panations cr\u00e2niennes dans les Grands Causses\u00a0\u00bb.<\/p>\n\n\n\n<iframe loading=\"lazy\" src=\"https:\/\/www.reveeveille.net\/geoportail\/cartepublique.aspx?idecrit=1359\" width=\"100%\" height=\"400\"><\/iframe>\n","protected":false},"excerpt":{"rendered":"<p>La grotte des baumes chaudes est un endroit \u00e9tonnant. Dans cette grotte facile d&rsquo;acc\u00e8s, situ\u00e9e sous le rebord sud du Causse de Sauveterre, pr\u00e8s du c\u00e9l\u00e9brissimme \u00ab\u00a0point sublime\u00a0\u00bb des gorges&hellip; <\/p>\n","protected":false},"author":3,"featured_media":1276,"comment_status":"open","ping_status":"open","sticky":false,"template":"","format":"standard","meta":{"footnotes":""},"categories":[6,12,17],"tags":[],"class_list":["post-1275","post","type-post","status-publish","format-standard","has-post-thumbnail","hentry","category-balades","category-causse-mejean","category-grotte"],"jetpack_featured_media_url":"https:\/\/www.reveeveille.net\/cevennevivante\/wp-content\/uploads\/2021\/08\/20080417_baumes_chaudes_02.jpg","_links":{"self":[{"href":"https:\/\/www.reveeveille.net\/cevennevivante\/wp-json\/wp\/v2\/posts\/1275","targetHints":{"allow":["GET"]}}],"collection":[{"href":"https:\/\/www.reveeveille.net\/cevennevivante\/wp-json\/wp\/v2\/posts"}],"about":[{"href":"https:\/\/www.reveeveille.net\/cevennevivante\/wp-json\/wp\/v2\/types\/post"}],"author":[{"embeddable":true,"href":"https:\/\/www.reveeveille.net\/cevennevivante\/wp-json\/wp\/v2\/users\/3"}],"replies":[{"embeddable":true,"href":"https:\/\/www.reveeveille.net\/cevennevivante\/wp-json\/wp\/v2\/comments?post=1275"}],"version-history":[{"count":3,"href":"https:\/\/www.reveeveille.net\/cevennevivante\/wp-json\/wp\/v2\/posts\/1275\/revisions"}],"predecessor-version":[{"id":2973,"href":"https:\/\/www.reveeveille.net\/cevennevivante\/wp-json\/wp\/v2\/posts\/1275\/revisions\/2973"}],"wp:featuredmedia":[{"embeddable":true,"href":"https:\/\/www.reveeveille.net\/cevennevivante\/wp-json\/wp\/v2\/media\/1276"}],"wp:attachment":[{"href":"https:\/\/www.reveeveille.net\/cevennevivante\/wp-json\/wp\/v2\/media?parent=1275"}],"wp:term":[{"taxonomy":"category","embeddable":true,"href":"https:\/\/www.reveeveille.net\/cevennevivante\/wp-json\/wp\/v2\/categories?post=1275"},{"taxonomy":"post_tag","embeddable":true,"href":"https:\/\/www.reveeveille.net\/cevennevivante\/wp-json\/wp\/v2\/tags?post=1275"}],"curies":[{"name":"wp","href":"https:\/\/api.w.org\/{rel}","templated":true}]}}