{"id":865,"date":"2023-02-01T15:30:09","date_gmt":"2023-02-01T15:30:09","guid":{"rendered":"http:\/\/www.reveeveille.net\/cevennevivante\/wordpress\/?p=865"},"modified":"2023-02-01T15:30:12","modified_gmt":"2023-02-01T15:30:12","slug":"journal-dune-decouverte-archeologique","status":"publish","type":"post","link":"https:\/\/www.reveeveille.net\/candelhospitalet\/journal-dune-decouverte-archeologique\/","title":{"rendered":"Journal d&rsquo;une d\u00e9couverte arch\u00e9ologique"},"content":{"rendered":"\n<p>Par une belle apr\u00e8s-midi de l&rsquo;automne 2008, une petite balade en famille nous entra\u00eene dans un recoin des cans. Nous cheminons tranquillement sur un \u00e9troit sentier qui serpente entre le sommet d&rsquo;une petite barre rocheuse et les premiers arbres d&rsquo;un bois de r\u00e9sineux plut\u00f4t clairsem\u00e9. Le regard&nbsp;\u00e0 l&rsquo;affut des beaux points de vue que laisse parfois appara\u00eetre une trou\u00e9e fugitive dans la v\u00e9g\u00e9tation, je ne fais gu\u00e8re attention \u00e0 me pieds et c&rsquo;est presque sans le voir que je passe devant&nbsp;une sorte de terrier qui s&rsquo;ouvre sur le rebord du sentier. Quelques secondes plus tard, un avertisseur clignote sous mon cr\u00e2ne. Nous faisons demi-tour. Les enfants r\u00e2lent un peu, pr\u00e9tendant &#8211; en connaissance de cause &#8211; que \u00ab\u00a0je vais encore y passer des heures\u00a0\u00bb. Ils sont sans c\u0153ur. A quatre pattes, je pr\u00e9sente le nez \u00e0 l&rsquo;entr\u00e9e de l&rsquo;ouverture. Elle n&rsquo;est pas large : environ 30 cm&nbsp; sur 20 cm. Les traces de va-et-vient animal ne laissent aucun doute : il s&rsquo;agit bien d&rsquo;un terrier. Mais il n&rsquo;est pas ordinaire : son \u00ab\u00a0plafond\u00a0\u00bb est en calcaire. Je reconnais le cas de figure classique d&rsquo;une galerie &#8211; peut-\u00eatre une petite rivi\u00e8re souterraine fossile &#8211; dont toute la partie inf\u00e9rieur est colmat\u00e9e par de la terre, ne laissant appara\u00eetre que le plafond. Sans lampe, impossible d&rsquo;en voir plus. \u00ab\u00a0Ah dis donc p&rsquo;pa, t&rsquo;as fait vite, cette fois\u00a0\u00bb.<\/p>\n\n\n\n<p>Quelques jours plus tard, arm\u00e9 d&rsquo;une lampe de poche, me voil\u00e0 \u00e0 nouveau devant mon terrier. A plat-ventre, une oreille au sol, l&rsquo;autre au ciel, je m&rsquo;y introduis tant bien que mal. Elle est toute belle avec son plafond bien arrondi et ses quelques concr\u00e9tions, mais elle est terriblement \u00e9troite, la bougresse ! Finalement&nbsp;elle ne me m\u00e8ne pas plus loin que 3 pauvres m\u00e8tres. Au del\u00e0, la terre comble totalement l&rsquo;espace. Marche arri\u00e8re.<\/p>\n\n\n\n<figure class=\"wp-block-image\"><img decoding=\"async\" src=\"http:\/\/www.reveeveille.net\/photos\/2022\/1120_can_de_ferriere_can_noire\/20221120_can_de_ferriere_can_noire_12.jpg\" alt=\"\"\/><figcaption class=\"wp-element-caption\">Le \u00ab\u00a0terrier\u00a0\u00bb par lequel tout a commenc\u00e9<\/figcaption><\/figure>\n\n\n\n<p>Debout dans mes habits sales, j&rsquo;observe ma pauvre d\u00e9couverte.\u00a0Elle a beau ne pas mener loin, cette cavit\u00e9, elle est int\u00e9ressante. Elle a d\u00fb, dans un temps plus ou moins recul\u00e9, \u00eatre plus largement ouverte. S&rsquo;il n&rsquo;y avait pas toute cette terre&#8230; J&rsquo;observe les alentours. Mon \u00ab\u00a0terrier\u00a0\u00bb s&rsquo;ouvre au pied d&rsquo;une couche g\u00e9ologique formant un petit ressaut rocheux, qui se prolonge \u00e0 l&rsquo;est et \u00e0 l&rsquo;ouest. Je l&rsquo;aper\u00e7ois de loin en loin dans la for\u00eat. Je ne sais pourquoi, cette strate&#8230; m&rsquo;inspire. Je prends du recul, je r\u00e9fl\u00e9chis&#8230; Je n&rsquo;ai entendu parler d&rsquo;aucune grotte dans les environs imm\u00e9diats. S&rsquo;il y\u00a0 a une \u00e0 cet endroit, pourquoi pas une autre, quelque part dans la m\u00eame couche ? Il faut la suivre ! M\u00e8tre par m\u00e8tre, je fur\u00e8te, j&rsquo;observe, je bartasse. A quatre pattes je traverse des buis, des ronciers \u00e9normes dans lesquels j&rsquo;ach\u00e8ve de d\u00e9chirer mon pantalon. Au bout de 100 m\u00e8tres, je tombe sur une seconde cavit\u00e9. Elle est un peu plus large, un peu plus haute. Pas encore confortable, mais on peut y avancer la t\u00eate relev\u00e9e. 2m, 3m, 4m&#8230; c&rsquo;est fini. Encore rat\u00e9. Mais sa pr\u00e9sence ici vient confirmer mon hypoth\u00e8se : cette couche est int\u00e9ressante !<\/p>\n\n\n\n<p>Je reprends ma progression laborieuse. 100 m\u00e8tres plus loin, troisi\u00e8me cavit\u00e9. Plus petite. 2 m\u00e8tres seulement. La barre rocheuse contourne un \u00e9peron et repart quasiment en sens inverse. Une quatri\u00e8me cavit\u00e9, presque bouch\u00e9e. Et bient\u00f4t une derni\u00e8re. Celle-ci pr\u00e9sente, comme les quatre premi\u00e8res, un plafond de roche et une base obstru\u00e9e par de la terre et des racines. Seule reste ouverte une petite lucarne de 15 par 15, il est impossible d&rsquo;y passer ne serait-ce que la t\u00eate. Rien de bien excitant. Par acquis de conscience je glisse mon appareil photo dans l&rsquo;ouverture et prend quelques clich\u00e9s au jug\u00e9. L&rsquo;excitation de l&rsquo;espoir retombe. Pas de d\u00e9couverte formidable \u00e0 faire.&nbsp;Le retour&nbsp;dans la ti\u00e9deur de cette journ\u00e9e&nbsp;finissante est d\u00e9licieux.<\/p>\n\n\n\n<p>Le soir j&rsquo;examine attentivement les clich\u00e9s. On y voit une galerie tr\u00e8s \u00e9troite qui s&rsquo;\u00e9largit sur&#8230; un trou noir. Or le noir, sur une photo prise au flash, cela signifie \u00ab\u00a0distance\u00a0\u00bb. Derri\u00e8re l&rsquo;\u00e9troiture de l&rsquo;entr\u00e9e, il y a donc un espace plus vaste. Il faudra y retourner. Un jour. Plus tard, car mes aventures palpitantes vont m&rsquo;entra\u00eener ailleurs pour un certain temps. Avant de passer \u00e0 autre chose, je d\u00e9nomme intelligemment mes cavit\u00e9s n\u00b01, 2, 3, 4 et 5. La plus prometteuse est la n\u00b05.<\/p>\n\n\n\n<figure class=\"wp-block-image\"><img decoding=\"async\" src=\"http:\/\/www.reveeveille.net\/photos\/2008\/1103_balmegouse_nord\/20081103_balmegouse_nord_02.jpg\" alt=\"\"\/><figcaption class=\"wp-element-caption\">La premi\u00e8re photo du terrier, prise avec un appareil photo \u00e0 bout de bras, pr\u00e8s d&rsquo;un an avant d&rsquo;y entrer pour de vrai.<\/figcaption><\/figure>\n\n\n\n<p>Juin 2009. J&rsquo;avais presque oubli\u00e9 le trou noir. Il y a tant d&rsquo;autres endroits passionnants \u00e0 explorer dans les environs ! Mais il&nbsp;est&nbsp;revenu hanter mes pens\u00e9es ces derni\u00e8res semaines. Depuis quelques jours&nbsp;j&rsquo;ai rong\u00e9 mon frein&nbsp;dans l&rsquo;attente d&rsquo;un moment libre et me voil\u00e0 de retour. Je contemple l&rsquo;ouverture avec stup\u00e9faction. J&rsquo;avais oubli\u00e9 \u00e0 quel point elle \u00e9tait MINUSCULE. Qu&rsquo;est-ce que j&rsquo;esp\u00e8re donc ? Soupir&#8230; Je grattouille mollement la terre pour \u00e9largir un peu le passage. Centim\u00e8tre par centim\u00e8tre. Le travail est lent et fastidieux car l&rsquo;endroit est malais\u00e9 :&nbsp;un&nbsp;\u00e9norme rocher, tomb\u00e9 devant l&rsquo;ouverture, emp\u00eache de s&rsquo;installer confortablement et d&rsquo;utiliser un outil \u00e0 manche. Une heure passe. L&rsquo;ouverture atteint maintenant les dimensions royales de&nbsp;20 par 30. De quoi passer la t\u00eate et les \u00e9paules. Ca frotte de partout,&nbsp;mais je r\u00e9ussis \u00e0 entrer le haut du corps. Ce que je vois me fait plaisir : l&rsquo;\u00e9troiture ne mesure que quelques dizaines de centim\u00e8tres de long. Au del\u00e0, le boyau s&rsquo;\u00e9largit. La photo n&rsquo;avait pas menti. Je fais des efforts pour calmer l&rsquo;excitation qui monte en moi. De toute fa\u00e7on je n&rsquo;irais pas plus loin aujourd&rsquo;hui. Il serait trop risqu\u00e9 de tenter l&rsquo;aventure tout seul. Marche arri\u00e8re.<\/p>\n\n\n\n<p>La vie passe, emportant avec elle quelques mois fabuleux qui m&rsquo;\u00e9loignent de mon terrier. Mais, sur l&rsquo;ar\u00eate d&rsquo;un sommet mexicain, j&rsquo;y repense. Je suis de plus en plus certain qu&rsquo;il y a quelque chose d&rsquo;int\u00e9ressant l\u00e0-dessous. Quoi ? Je ne sais pas. Je n&rsquo;ose pas formuler tout haut ce que j&rsquo;esp\u00e8re. Mais j&rsquo;y crois.<\/p>\n\n\n\n<p>Septembre 2009. A la premi\u00e8re journ\u00e9e libre dans mon agenda de rentr\u00e9e, je fonce. Avec une intention ferme : cette fois je vais y entrer, dans ce trou, je vais savoir ce qu&rsquo;il a dans le ventre. J&rsquo;ai pr\u00e9vu le coup : j&#8217;emm\u00e8ne un ami, pour me tirer par les pieds si je reste coinc\u00e9 ! Nous exp\u00e9dions la marche d&rsquo;approche au pas de course, le souffle court, d\u00e9j\u00e0 dans l&rsquo;\u00e9motion. Nous voil\u00e0 face a l&rsquo;ouverture. Malgr\u00e9 mon travail de sape de la derni\u00e8re fois, elle reste vraiment tr\u00e8s \u00e9troite. Pour gagner encore quelques centim\u00e8tres, nous grattons le sol avec les ongles. Et puis je tente le coup. La t\u00eate, les \u00e9paules. De profil&#8230; \u00e7a frotte. Impressionn\u00e9, je ressors. Nouvel essai : je gagne encore quelques centim\u00e8tres. Me voil\u00e0 parvenu au point le plus \u00e9troit. Au del\u00e0, \u00e7a s&rsquo;\u00e9largit. Nouvelle sortie. Allez, cette fois, c&rsquo;est la bonne. Je pousse sur les pieds. Ca r\u00e9siste, \u00e7a r\u00e9siste&#8230; \u00e7a passe ! D\u00e9j\u00e0 les parois s&rsquo;\u00e9cartent, le plafond remonte, la progression est plus facile. Le sol de terre plonge vers le bas. Je peux bient\u00f4t me redresser, progresser \u00e0 quatre pattes, avancer vers cette zone noire que m&rsquo;avaient&nbsp;r\u00e9v\u00e9l\u00e9 les photos. A la rupture de pente, je peux enfin apercevoir la suite de la galerie. Elle descend en pente douce sur 3 m\u00e8tres environ, en s&rsquo;\u00e9largissant jusqu&rsquo;\u00e0 former un volume un tout petit peu plus large. Une belle colonne de calcite descend du plafond sur la gauche,&nbsp;quelques draperies ondulent \u00e0 droite. Au loin, la galerie&nbsp;remonte en \u00e9gr\u00e9nant des gours \u00e0 sec, ourl\u00e9s de dentelles de calcite.<\/p>\n\n\n\n<div class=\"wp-block-group\"><div class=\"wp-block-group__inner-container is-layout-flow wp-block-group-is-layout-flow\">\n<div class=\"wp-block-columns is-layout-flex wp-container-core-columns-is-layout-9d6595d7 wp-block-columns-is-layout-flex\">\n<div class=\"wp-block-column is-layout-flow wp-block-column-is-layout-flow\">\n<figure class=\"wp-block-image\"><img decoding=\"async\" src=\"http:\/\/www.reveeveille.net\/photos\/2009\/0830_des_os_encore_des_os\/20090830_des_os_encore_des_os_28.jpg\" alt=\"\"\/><figcaption class=\"wp-element-caption\">Premi\u00e8re entr\u00e9e, \u00e0 reculons. C&rsquo;est encore \u00e9troit<\/figcaption><\/figure>\n<\/div>\n\n\n\n<div class=\"wp-block-column is-layout-flow wp-block-column-is-layout-flow\">\n<figure class=\"wp-block-image\"><img decoding=\"async\" src=\"http:\/\/www.reveeveille.net\/photos\/2009\/0830_des_os_encore_des_os\/20090830_des_os_encore_des_os_11.jpg\" alt=\"\"\/><figcaption class=\"wp-element-caption\">La galerie d&rsquo;acc\u00e8s, avec le remblai de terre compact\u00e9e<\/figcaption><\/figure>\n<\/div>\n<\/div>\n<\/div><\/div>\n\n\n\n<div class=\"wp-block-group\"><div class=\"wp-block-group__inner-container is-layout-flow wp-block-group-is-layout-flow\">\n<div class=\"wp-block-columns is-layout-flex wp-container-core-columns-is-layout-9d6595d7 wp-block-columns-is-layout-flex\">\n<div class=\"wp-block-column is-layout-flow wp-block-column-is-layout-flow\">\n<figure class=\"wp-block-image\"><img decoding=\"async\" src=\"http:\/\/www.reveeveille.net\/photos\/2009\/0830_des_os_encore_des_os\/20090830_des_os_encore_des_os_14.jpg\" alt=\"\"\/><\/figure>\n<\/div>\n\n\n\n<div class=\"wp-block-column is-layout-flow wp-block-column-is-layout-flow\">\n<p>Au pied de la colonne, un objet aux formes biscornues repose sur le sol. A cette distance je ne peux pas identifier ce dont il s&rsquo;agit, mais d\u00e9j\u00e0, je comprends. Je sais. Cela fait des ann\u00e9es que je r\u00eave de cela. J&rsquo;y suis tellement pr\u00e9par\u00e9 que je crois ne ressentir aucune \u00e9motion. Je m&rsquo;approche \u00e0 quatre pattes, contourne l&rsquo;objet pour en contempler l&rsquo;autre versant. Trois trous noirs b\u00e9ants.<\/p>\n\n\n\n<p>Une face humaine.<\/p>\n<\/div>\n<\/div>\n<\/div><\/div>\n\n\n\n<p>F\u00e9vrier 2010.&nbsp;C&rsquo;est la premi\u00e8re fois que je reviens \u00e0 la grotte. Il y a 6 mois, suite \u00e0 ma d\u00e9couverte, j&rsquo;ai transmis au Service R\u00e9gional d&rsquo;Arch\u00e9ologie (organisme d\u00e9pendant de la DRAC, charg\u00e9 de recenser et prot\u00e9ger les sites d&rsquo;int\u00e9r\u00eat arch\u00e9ologique) une fiche descriptive, mentionnant lieu, date de d\u00e9couverte, sch\u00e9ma, descriptif des objets observ\u00e9s&#8230; Et puis, fier de mon travail, j&rsquo;ai attendu qu&rsquo;on me recontacte pour me f\u00e9liciter, et qu&rsquo;on me sollicite pour accompagner une \u00e9quipe de savants \u00e0 barbes visiter le site et confirmer son inestimable valeur. Mais les&nbsp;mois ont pass\u00e9 sans qu&rsquo;aucun courrier officiel \u00e0 lettres dor\u00e9es ne soit d\u00e9pos\u00e9 dans ma boite aux lettres. Je me suis impatient\u00e9, j&rsquo;ai rappel\u00e9&#8230; le service \u00e9tait en grande restructuration, avec moult d\u00e9placement de personnels, dont ceux qui para\u00eet-il auraient d\u00fb traiter ma demande. On me demandait de patienter. Je patientais des jours, des semaines et des mois sans que rien ne se passe. Pour faire les choses bien, je m&rsquo;interdisais de retourner \u00e0 la grotte avant d&rsquo;avoir eu une r\u00e9ponse officielle.<\/p>\n\n\n\n<p>Aujourd&rsquo;hui, j&rsquo;ai craqu\u00e9 : s&rsquo;ils ne veulent pas venir, h\u00e9 bien moi j&rsquo;y vais.<\/p>\n\n\n\n<p>Il fait un froid de canard \u00e0 l&rsquo;entr\u00e9e. Oblig\u00e9 de&nbsp;porter un \u00e9pais sweat-shirt, je manque rester coinc\u00e9 dans l&rsquo;\u00e9troiture. Angoisse : je suis seul, cette fois.&nbsp;Mais me voil\u00e0 bient\u00f4t \u00e0 nouveau au c\u0153ur de la terre. Il y fait doux. J&rsquo;y&nbsp;reste un tr\u00e8s long moment, seul dans le silence, l&rsquo;obscurit\u00e9 et l&rsquo;humidit\u00e9, \u00e0 observer, photographier, explorer. Je commence \u00e0 prendre mes rep\u00e8res. De ce que je vois, il y a ici les restes d&rsquo;au moins trois individus. Au bas de la pente de terre j&rsquo;ai cru observer des fragments provenant de trois cr\u00e2nes diff\u00e9rents &#8211; mais il n&rsquo;est pas facile d&rsquo;en \u00eatre s\u00fbr : comment savoir si ce fragment arrondi est bien le rebord d&rsquo;une orbite ou une autre partie de cr\u00e2ne, de moi inconnue ? Je suis en train d&rsquo;apprendre les rudiments d&rsquo;une arch\u00e9ologie intuitive de terrain. Pr\u00e8s des cr\u00e2nes, il y a de gros ossements de membres : tibias, f\u00e9murs, etc&#8230;&nbsp;Tout \u00e0 l&rsquo;heure j&rsquo;ai&nbsp;ramp\u00e9 jusqu&rsquo;au fond de la galerie : elle est tr\u00e8s inconfortable car elle se resserre progressivement. Il faut avancer en \u00e9quilibre sur les rebords des gours pour ne rien abimer, il y a de quoi vous exploser les coudes et les genoux. Tout \u00e7a, bien s\u00fbr, en ne touchant absolument \u00e0 rien. Les gours en question sont bourr\u00e9s d&rsquo;ossements. Des morceaux de membres, de c\u00f4tes, des vert\u00e8bres, des dents&#8230; Pas de doute, il y a du monde l\u00e0-dessous ! Le plus \u00e9tonnant, c&rsquo;est qu&rsquo;ils sont tous cass\u00e9s, comme si cela avait \u00e9t\u00e9 fait volontairement.<\/p>\n\n\n\n<div class=\"wp-block-group\"><div class=\"wp-block-group__inner-container is-layout-flow wp-block-group-is-layout-flow\">\n<div class=\"wp-block-columns is-layout-flex wp-container-core-columns-is-layout-9d6595d7 wp-block-columns-is-layout-flex\">\n<div class=\"wp-block-column is-layout-flow wp-block-column-is-layout-flow\">\n<figure class=\"wp-block-image\"><img decoding=\"async\" src=\"http:\/\/www.reveeveille.net\/photos\/2009\/0830_des_os_encore_des_os\/20090830_des_os_encore_des_os_24.jpg\" alt=\"\"\/><figcaption class=\"wp-element-caption\">Regard vers la sortie, depuis la galerie des gourgs<\/figcaption><\/figure>\n<\/div>\n\n\n\n<div class=\"wp-block-column is-layout-flow wp-block-column-is-layout-flow\">\n<figure class=\"wp-block-image\"><img decoding=\"async\" src=\"http:\/\/www.reveeveille.net\/photos\/2009\/0830_des_os_encore_des_os\/20090830_des_os_encore_des_os_12.jpg\" alt=\"\"\/><figcaption class=\"wp-element-caption\">Au loin, un fatras de formes bizarres, \u00e9parpill\u00e9es<\/figcaption><\/figure>\n<\/div>\n<\/div>\n<\/div><\/div>\n\n\n\n<p>Comme j&rsquo;aimerai&nbsp;voir arriver un arch\u00e9ologue, pour en savoir un peu plus. Qui \u00e9taient ces gens, \u00e0 quelle \u00e9poque vivaient-ils&#8230; De quand datent tous ces ossements ? De mes quelques connaissances arch\u00e9ologiques aux alentours, je d\u00e9duis que cette s\u00e9pulture pourrait logiquement dater de l&rsquo;\u00e2ge du fer, ou d&rsquo;un peu avant. Mais si elle \u00e9tait beaucoup plus ancienne ? Si elle datait de p\u00e9riodes encore inconnues dans la r\u00e9gion : m\u00e9solithique, pal\u00e9olithique ? Je d\u00e9lire, \u00e7a n&rsquo;est pas possible : il faisait trop froid \u00e0 cette \u00e9poque et \u00e0 cette altitude. C&rsquo;est si bon de r\u00eaver. Mais quand donc va-t-il venir, cet arch\u00e9ologue ?<\/p>\n\n\n\n<p>Mai 2010. Alors que je&nbsp;descends de sc\u00e8ne \u00e0 la fabuleuse \u00ab\u00a0Nuit du folk\u00a0\u00bb du Causse M\u00e9jean, un copain musicien me pr\u00e9sente un autre copain musicien. On se dit trois bricoles de musiciens. Au d\u00e9tour de la conversation j&rsquo;apprends que&nbsp;ce gars,&nbsp;\u00e0 part de jouer de la musique, est&#8230; arch\u00e9ologue \u00e0 la DRAC. Les choses arrivent rarement&nbsp;par l\u00e0 o\u00f9 on&nbsp;les attend. Tout s&rsquo;encha\u00eene. Il vient visiter le site. Pas r\u00e9volutionnaire, mais int\u00e9ressant. Il y a deux alternatives : fermer la grotte pour la prot\u00e9ger, ou fouiller. Discussions \u00e0 trois voix, avec les propri\u00e9taires du terrain. Moi j&rsquo;ai envie d&rsquo;en savoir plus , mais je n&rsquo;ose pas trop intervenir : je ne me sens pas du tout l\u00e9gitime dans cette discussion. Les propri\u00e9taires optent finalement pour l&rsquo;option \u00ab\u00a0fouille\u00a0\u00bb. On y va !<\/p>\n\n\n\n<p>Enfin,&nbsp;fa\u00e7on de parler. La proc\u00e9dure d&rsquo;obtention d&rsquo;une autorisation de fouille est une sorte de fus\u00e9e \u00e0 plusieurs \u00e9tages, qui doit voyager au travers&nbsp;de diff\u00e9rents niveaux hi\u00e9rarchiques et culminer au Minist\u00e8re de la Culture avant de retomber &#8211; peut-\u00eatre &#8211; sur Terre. De longs mois d&rsquo;attente en perspective. On fera de la musique en attendant.<\/p>\n\n\n\n<p>Mai 2011. Une autre ann\u00e9e a pass\u00e9. Je suis retourn\u00e9 une ou deux fois \u00e0 la grotte, r\u00eavasser tout seul dans le noir. Mais aujourd&rsquo;hui, c&rsquo;est l&rsquo;action, enfin. L&rsquo;autorisation est arriv\u00e9e. Nous voil\u00e0 tous les deux devant la bouche noire, l&rsquo;arch\u00e9ologue et moi. Pour commencer, il va falloir abaisser le niveau du sol de l&rsquo;entr\u00e9e. Pour pouvoir&nbsp;aller et venir&nbsp;plus facilement &#8211; c&rsquo;est encore tr\u00e8s \u00e9troit &#8211; et en profiter pour voir s&rsquo;il n&rsquo;y aurait pas des choses int\u00e9ressantes l\u00e0-dessous. Nous choisissons une aire \u00e0 d\u00e9caper, et le lent travail de grattage commence. Tant qu&rsquo;il n&rsquo;y a pas de vestiges manifestes, on peut estimer qu&rsquo;on ne se trouve pas encore dans un niveau arch\u00e9ologique. On proc\u00e8de alors de mani\u00e8re grossi\u00e8re, ce qui permet d&rsquo;avancer \u00e0 la vitesse fabuleuse de plusieurs centim\u00e8tres par jour. C&rsquo;est un travail simple et r\u00e9p\u00e9titif, qui ne n\u00e9cessite pas toute l&rsquo;attention et permet aux pens\u00e9es de vagabonder. Mon arch\u00e9ologue est un passionn\u00e9. Il aime raconter ses fouilles et ses d\u00e9couverte,&nbsp;alors je travaille en l&rsquo;\u00e9coutant, continuant \u00e0 apprendre les rudiments de l&rsquo;arch\u00e9ologie de terrain. En deux jours l&rsquo;entr\u00e9e est un peu plus praticable. Nous n&rsquo;avons rien mis au jour d&rsquo;autre que quelques pierres marquant &#8211; peut-\u00eatre &#8211; l&#8217;emplacement d&rsquo;un ancien mur destin\u00e9 \u00e0 boucher la grotte. Ah, et aussi : un tesson du XIX\u00e8me si\u00e8cle. Pas de doute : on n&rsquo;est pas encore au niveau de base. Mais \u00e7a suffira pour l&rsquo;instant. Nous allons maintenant nous occuper de l&rsquo;int\u00e9rieur.<\/p>\n\n\n\n<div class=\"wp-block-group\"><div class=\"wp-block-group__inner-container is-layout-flow wp-block-group-is-layout-flow\">\n<div class=\"wp-block-columns is-layout-flex wp-container-core-columns-is-layout-9d6595d7 wp-block-columns-is-layout-flex\">\n<div class=\"wp-block-column is-layout-flow wp-block-column-is-layout-flow\">\n<figure class=\"wp-block-image\"><img decoding=\"async\" src=\"http:\/\/www.reveeveille.net\/photos\/2011\/0615_balmegouse_5_fouille\/20110615_balmegouse_5_fouille_04.jpg\" alt=\"\"\/><figcaption class=\"wp-element-caption\">Apr\u00e8s un premier d\u00e9capage \u00e0 l&rsquo;entr\u00e9e, on commence \u00e0 y voir plus clair<\/figcaption><\/figure>\n\n\n\n<figure class=\"wp-block-image\"><img decoding=\"async\" src=\"http:\/\/www.reveeveille.net\/photos\/2011\/1002_fouille_balmegouse_5\/20111002_fouille_balmegouse_5_01.jpg\" alt=\"\"\/><figcaption class=\"wp-element-caption\">Semaine apr\u00e8s semaine, le sondage avance.<\/figcaption><\/figure>\n<\/div>\n\n\n\n<div class=\"wp-block-column is-layout-flow wp-block-column-is-layout-flow\">\n<figure class=\"wp-block-image\"><img decoding=\"async\" src=\"http:\/\/www.reveeveille.net\/photos\/2011\/0615_balmegouse_5_fouille\/20110615_balmegouse_5_fouille_02.jpg\" alt=\"\"\/><figcaption class=\"wp-element-caption\">Premi\u00e8res mesures<\/figcaption><\/figure>\n\n\n\n<figure class=\"wp-block-image\"><img decoding=\"async\" src=\"http:\/\/www.reveeveille.net\/photos\/2011\/1002_fouille_balmegouse_5\/20111002_fouille_balmegouse_5_03.jpg\" alt=\"\"\/><figcaption class=\"wp-element-caption\">Os longs, cr\u00e2nes en veux-tu en voil\u00e0\u2026 il y a du monde au balcon.<\/figcaption><\/figure>\n<\/div>\n<\/div>\n<\/div><\/div>\n\n\n\n<p>Juillet 2011. Ma saison de musique bat son plein, je n&rsquo;ai pas pu retourner sur le chantier. L&rsquo;arch\u00e9ologue a continu\u00e9 \u00e0 avancer sans moi. Mais je continue \u00e0 y penser. Un soir, apr\u00e8s une animation \u00ab\u00a0musique verte\u00a0\u00bb, je prends le chemin de la montagne et vais retrouver ma grotte. Le lieu a bien chang\u00e9. Des fils sont tendus \u00e0 angles droits sur le sol, pour permettre une cartographie pr\u00e9cise. Au pied de la colonne, tous les ossements qui \u00e9taient apparents et mobiles, apr\u00e8s avoir \u00e9t\u00e9 not\u00e9s sur le plan, ont \u00e9t\u00e9 retir\u00e9s. Le projet de mon arch\u00e9ologue est de les envoyer ensuite \u00e0 une amie \u00ab\u00a0anthropologue pr\u00e9historique\u00a0\u00bb, une sorte de d\u00e9esse qui sait deviner des trucs pas possibles en observant des ossements : l&rsquo;\u00e9poque, l&rsquo;\u00e2ge, le sexe, l&rsquo;\u00e9tat de sant\u00e9&#8230; mais aussi des infos plus \u00e9tonnantes : s&rsquo;il a fait de la plong\u00e9e, si deux squelettes sont de la m\u00eame famille&#8230; j&rsquo;ai h\u00e2te. L&rsquo;arch\u00e9ologue a commenc\u00e9 \u00e0 d\u00e9caper le sol. L\u00e0-dessous \u00e7a grouille. Il y en a&nbsp;plein d&rsquo;autres, c&rsquo;est un vrai caveau collectif ! S&rsquo;il faut fouiller l&rsquo;ensemble du c\u00f4ne de terre qui coule depuis&nbsp;l&rsquo;entr\u00e9e, \u00e7a va \u00eatre un sacr\u00e9 chantier !<\/p>\n\n\n\n<p>Septembre 2011.&nbsp;Depuis juillet, le travail de fouille a \u00e9t\u00e9 plus que fructueux. D\u00e9laissant momentan\u00e9ment le secteur de la colonne, l&rsquo;arch\u00e9ologue a effectu\u00e9 un sondage plus proche de l&rsquo;entr\u00e9e. Il a d\u00e9cap\u00e9 1 m\u00b2 de surface, sur 10 centim\u00e8tres de profondeur. Et l\u00e0, des os, des os et encore des os. Les cr\u00e2nes sont soigneusement align\u00e9s sur les bords de la galerie, ce qui t\u00e9moigne d&rsquo;une strat\u00e9gie de rangement bien organis\u00e9e : lorsqu&rsquo;on am\u00e8ne un nouveau corps, on range les ossements des pr\u00e9c\u00e9dents pour faire de la place. Cette petite grotte de rien du tout est devenue un caveau de famille plein de surprises : de 3 individus potentiels, nous voil\u00e0 d\u00e9j\u00e0 \u00e0 12, et il en apparait de nouveaux \u00e0 la moindre occasion. Allong\u00e9 devant la fosse, mon arch\u00e9ologue m&rsquo;expliquait l&rsquo;autre jour un truc que j&rsquo;ai d\u00e9j\u00e0 oubli\u00e9 quant tout \u00e0 coup il s&rsquo;est interrompu pour dire \u00ab\u00a0Tiens ? Celui la, j&rsquo;l&rsquo;avais pas vu, dis-donc !\u00a0\u00bb Il a grattouill\u00e9 une forme vaguement sym\u00e9trique quasiment invisible, et hop : le n\u00b013 est apparu sous mes yeux \u00e9merveill\u00e9s. Quelques jours plus tard, un second sondage a \u00e9t\u00e9 \u00e9bauch\u00e9 \u00e0 l&rsquo;entr\u00e9e de la galerie : encore du cr\u00e2ne ! Ce truc, \u00e7a va devenir une n\u00e9cropole enti\u00e8re, si \u00e7a continue !Deux des cr\u00e2nes sont tr\u00e9pan\u00e9s. C&rsquo;est \u00e0 dire qu&rsquo;ils ont \u00e9t\u00e9 trou\u00e9s artificiellement, du vivant de la personne concern\u00e9e, et que cette personne a surv\u00e9cu \u00e0 l&rsquo;op\u00e9ration. On n&rsquo;a recens\u00e9 que quelques centaines de cr\u00e2nes tr\u00e9pan\u00e9s en France. Plusieurs dizaines ont \u00e9t\u00e9 trouv\u00e9s dans plusieurs cavit\u00e9s du causse M\u00e9jean et du Sauveterre, comme \u00e0 <a href=\"http:\/\/www.reveeveille.net\/gestion\/un_ecrit.aspx?idecrit=229\">Baume Chaude<\/a>. Pour la plupart, ces cr\u00e2nes ont \u00e9t\u00e9 d\u00e9couverts au XIX\u00e8me si\u00e8cle. A l&rsquo;\u00e9poque, des arch\u00e9ologues amateurs en Queue de Pie et chapeaux haut de forme dirigeaient des \u00e9quipes de fouille arm\u00e9es de pioches et de pelles pour sortir au plus vite les plus grandes quantit\u00e9s possibles de vestiges, en se focalisant avant tout sur les objets manufactur\u00e9s, jug\u00e9s plus valorisants que les ossements. Autant dire que la plupart de ces ossements ont \u00e9t\u00e9 bris\u00e9s en mille morceaux. Beaucoup ont disparu corps et bien, dans des collections priv\u00e9es ou pire encore, dans les d\u00e9blais de fouilles. Seule une petite partie a atterri dans des mus\u00e9es locaux ou nationaux. H\u00e9las : un objet perd \u00e9norm\u00e9ment de sa valeur informative lorsqu&rsquo;il n&rsquo;est pas \u00e9tudi\u00e9 dans son contexte sur le terrain. Ici, les deux cr\u00e2nes&nbsp;tr\u00e9pan\u00e9s sont entiers, et \u00e0 leur emplacement d&rsquo;origine. C&rsquo;est rare.<\/p>\n\n\n\n<p>Octobre 2011. Mon arch\u00e9ologue n&rsquo;avait, pour ce chantier, qu&rsquo;une autorisation de sondage. En d&rsquo;autres termes, il pouvait juste gratter une surface r\u00e9duite pour \u00ab\u00a0voir si \u00e7a vaut le coup\u00a0\u00bb. Si l&rsquo;inventaire des ossements s&rsquo;\u00e9tait limit\u00e9 aux quelques fragments de cr\u00e2nes qui trainaient sur le sol lorsque je suis venu pour la premi\u00e8re fois, l&rsquo;aventure aurait \u00e9t\u00e9 amusante, mais probablement sans suite. Les&nbsp;derni\u00e8res trouvailles&nbsp;ont peu \u00e0 peu&nbsp;fait grimper la valeur de ma petite grotte. Il va falloir faire le point, voir o\u00f9 on en est, r\u00e9diger des rapports, demander de nouvelles autorisations&#8230;<\/p>\n\n\n\n<p>Novembre&nbsp;2011. Voil\u00e0, c&rsquo;est fini pour cette fois. L&rsquo;un d&rsquo;entre nous a bataill\u00e9 avec une grosse pierre, il l&rsquo;a pouss\u00e9e, tir\u00e9e en ahanant, pendant qu&rsquo;on le regardait faire, les mains dans les poches, en faisant des commentaires d\u00e9sobligeants. Finalement, la pierre a fini par prendre sa place tout naturellement, comme si elle avait \u00e9t\u00e9 taill\u00e9e sur mesure. Un peu de mortier est venu colmater les derniers trous. La grotte est scell\u00e9e. Avec l&rsquo;automne qui s&rsquo;approche, les feuilles de h\u00eatre vont rapidement s&rsquo;accumuler sur la plateforme de terre et lui rendre l&rsquo;aspect qu&rsquo;elle avait en 2008. Plus personne ne pourra soup\u00e7onner la pr\u00e9sence de la grotte, m\u00eame les chasseurs les plus attentifs.<\/p>\n\n\n\n<p>Et si tout marche bien, si mon arch\u00e9ologue est convaincant avec sa hi\u00e9rarchie, h\u00e9 bien&#8230; au printemps il reviendra.&nbsp;Il balaiera les feuilles de h\u00eatre, grattera le mortier, enl\u00e8vera la pierre, et on verra bien ce qui se passera ensuite.<\/p>\n\n\n\n<div class=\"wp-block-group\"><div class=\"wp-block-group__inner-container is-layout-flow wp-block-group-is-layout-flow\">\n<div class=\"wp-block-columns is-layout-flex wp-container-core-columns-is-layout-9d6595d7 wp-block-columns-is-layout-flex\">\n<div class=\"wp-block-column is-layout-flow wp-block-column-is-layout-flow\">\n<figure class=\"wp-block-image\"><img decoding=\"async\" src=\"http:\/\/www.reveeveille.net\/photos\/2011\/1013_fermeture_balmegouse_5\/20111013_fermeture_balmegouse_5_02.jpg\" alt=\"\"\/><figcaption class=\"wp-element-caption\">Il est temps de refermer\u2026 pr\u00e9paration du mortier<\/figcaption><\/figure>\n<\/div>\n\n\n\n<div class=\"wp-block-column is-layout-flow wp-block-column-is-layout-flow\">\n<figure class=\"wp-block-image\"><img decoding=\"async\" src=\"http:\/\/www.reveeveille.net\/photos\/2011\/1013_fermeture_balmegouse_5\/20111013_fermeture_balmegouse_5_01.jpg\" alt=\"\"\/><figcaption class=\"wp-element-caption\">Chaque pierre scell\u00e9e renvoie un peu plus la grotte dans son secret<\/figcaption><\/figure>\n<\/div>\n<\/div>\n<\/div><\/div>\n\n\n\n<p>Janvier 2012. Remise du rapport de fouille. c&rsquo;est l&rsquo;occasion d&rsquo;une petite f\u00eate r\u00e9unissant les quelques personnes concern\u00e9es par l&rsquo;aventure&#8230; et des musiciens bien s\u00fbr. Tout y est, dans ce rapport : des plans, des photos, des commentaires savants. Ce dossier fait tellement s\u00e9rieux : ma petite grotte y appara\u00eet comme une VRAIE grotte arch\u00e9ologique.&nbsp;Si les cartes n&rsquo;\u00e9taient pas accompagn\u00e9es d&rsquo;une&nbsp;\u00e9chelle, on pourrait penser qu&rsquo;il s&rsquo;agit d&rsquo;un site \u00e9norme, aussi prestigieux et fondamental que la&nbsp;grotte Chauvet. Je suis extr\u00eamement fier. Mon arch\u00e9ologue n&rsquo;arr\u00eate pas de me f\u00e9liciter par ci, f\u00e9liciter par l\u00e0. Je fais mine de n&rsquo;y \u00eatre pour rien, mais je prends tout de m\u00eame.<\/p>\n\n\n\n<p>Septembre 2012. L&rsquo;automne est arriv\u00e9 si vite. Entra\u00een\u00e9 vers des horizons plus lointains, je n&rsquo;ai gu\u00e8re couru les C\u00e9vennes cette ann\u00e9e. Ma grotte ne m&rsquo;a plus occup\u00e9 l&rsquo;esprit, elle non plus : elle est rest\u00e9e obstin\u00e9ment scell\u00e9e ! Les choses ne se sont pas pass\u00e9es comme nous les aurions souhait\u00e9 : au vu des ossements trouv\u00e9s, la hi\u00e9rarchie a estim\u00e9 que la poursuite de la fouille imposait la pr\u00e9sence d&rsquo;un anthropologue sur le terrain. La demande se comprend : une telle personne pourrait collecter le plus possible d&rsquo;information sur place avant que la fouille ne d\u00e9grade in\u00e9luctablement le site.<\/p>\n\n\n\n<p>La d\u00e9esse-anthropologue amie de mon arch\u00e9ologue serait ravie de venir faire le travail, mais voil\u00e0 : toute d\u00e9esse qu&rsquo;elle soit, elle n&rsquo;a pas le dipl\u00f4me qu&rsquo;il faut, ou alors elle n&rsquo;\u00e9crit pas d&rsquo;articles dans les revues scientifiques qu&rsquo;il faut. M\u00eame si elle est hyper balaise, \u00e7a ne suffit pas aux yeux de l&rsquo;administration. Il faudrait trouver quelqu&rsquo;un d&rsquo;autre. Par exemple, un anthropologue d&rsquo;un service de l&rsquo;\u00e9tat, comme le CNRS, qui pourrait travailler sur le projet en \u00e9tant salari\u00e9 par sa structure. H\u00e9las, tout le monde se les arrache et leurs plannings de fouille sont g\u00e9n\u00e9ralement complets pour des mill\u00e9naires. Le temps qu&rsquo;ils se lib\u00e8rent, ils pourront bosser sur des sites datant du XXI\u00e8me si\u00e8cle !!! Sans compter qu&rsquo;ils travaillent tous sur des chantiers d&rsquo;envergure qui p\u00e2lissent quelque peu l&rsquo;int\u00e9r\u00eat de ma&nbsp;modeste grotte.<\/p>\n\n\n\n<p>Faudrait sinon trouver des sous pour payer quelqu&rsquo;un&#8230; Mais la journ\u00e9e d&rsquo;anthropologue pr\u00e9historique, \u00e7a va chercher loin, croyez-moi, et \u00e9videmment sur ce projet il n&rsquo;y a pas un sous&#8230; Comment faire ?<\/p>\n\n\n\n<p>Perch\u00e9 sur une cr\u00eate c\u00e9venole, la main en casquette au dessus des yeux pour me prot\u00e9ger du soleil agressif de l&rsquo;hiver, je scrute l&rsquo;horizon avec attention pour d\u00e9tecter si un \u00e9ventuel anthropologue approcherait par le sud. Personne. Il va falloir attendre.<\/p>\n\n\n\n<p>D\u00e9cembre 2012. Toujours aucun anthropologue&nbsp;\u00e0 l&rsquo;horizon. Ce personnage qui n&rsquo;arrive jamais est en train de devenir pour moi une sorte de mythe. Pourtant, au c\u0153ur du mini hiver qui vient de s&rsquo;installer sur les C\u00e9vennes, un fait nouveau et passionnant vient de se produire. Un cr\u00e2ne a \u00e9t\u00e9 d\u00e9couvert \u00e0 l&rsquo;entr\u00e9e de la grotte n\u00b03. Ma grotte n&rsquo;est pas isol\u00e9e. Elle fait partie d&rsquo;un ensemble. Il y a l\u00e0 l&rsquo;\u00e9bauche d&rsquo;une sorte de n\u00e9cropole. Comment alors ne pas imaginer que les n\u00b01, 2 et 4 fassent elles aussi partie de cet ensemble ? Ces cinq cavit\u00e9s sont situ\u00e9es dans la m\u00eame couche g\u00e9ologique, \u00e0 quelques dizaines de m\u00e8tres des distance les unes des autres. Il serait m\u00eame possible, pourquoi limiter ses r\u00eaves, qu&rsquo;elles communiquent par l&rsquo;int\u00e9rieur de la montagne, en une sorte de&nbsp;\u00ab\u00a0gruy\u00e8re s\u00e9pulcral\u00a0\u00bb. Si c&rsquo;\u00e9tait le cas, voil\u00e0 qui placerait ma petite grotte&nbsp;banale&nbsp;au c\u0153ur d&rsquo;un&nbsp;site r\u00e9gional important&#8230; Quelles perspectives passionnantes !<\/p>\n\n\n\n<p>F\u00e9vrier 2014. Au c\u0153ur de l&rsquo;hiver c\u00e9venol, la nouvelle tombe sur les t\u00e9l\u00e9scripteurs. Une anthropologue du CNRS qui travaille sur des sites fun\u00e9raires du Languedoc a appel\u00e9 mon arch\u00e9ologue. Elle a entendu parler de ce petit site de rien du tout, et elle aimerait voir s&rsquo;il correspond au type de sites qui l&rsquo;int\u00e9ressent. Si c&rsquo;est le cas, elle propose de r\u00e9aliser l&rsquo;\u00e9tude sur son temps de travail professionnel. Pour la science. Incroyable. Le r\u00eave que l&rsquo;on n&rsquo;osait pas faire. Dans deux mois elle va venir, on va ouvrir la grotte, elle va la regarder, dire ce qu&rsquo;elle en pense. Et peut-\u00eatre, red\u00e9marrer le chantier !!!<\/p>\n\n\n\n<p>7 juin 2014. Nous sommes tous devant la grotte. Mon arch\u00e9ologue pr\u00e9f\u00e9r\u00e9, l&rsquo;anthropologue du CNRS, une autre anthropologue amie de mon arch\u00e9ologue&#8230; L&rsquo;ouverture de la cavit\u00e9 est absolument indiscernable sous les feuilles et la terre. Nous commen\u00e7ons par \u00e9vacuer tout \u00e7a, et faire r\u00e9appara\u00eetre le scellement de novembre 2011. Bigre, il para\u00eet bien solide ! Arm\u00e9s d&rsquo;une simple massette et d&rsquo;un burin, nous entamons une bataille avec la montagne. Il nous faudra plus d&rsquo;une heure et demi pour qu&rsquo;enfin la petite dalle s&rsquo;affaisse et laisse appara\u00eetre l&rsquo;\u00e9troit couloir sombre que je connais si bien. Je m&rsquo;y introduis le premier. C&rsquo;est tout humide l\u00e0-dedans, on sent l&rsquo;hiver encore proche. Les trois zones de sondage sont toujours bien en place, tous ossements dehors. Je suis \u00e9mu de retrouver mes amis et je passe un bon moment dans le silence \u00e0 refaire connaissance. Puis je c\u00e8de ma place \u00e0 mon arch\u00e9ologue et son anthropologue. Celle-ci n&rsquo;en m\u00eame pas large. \u00ab\u00a0Quand je travaille en grotte, c&rsquo;est g\u00e9n\u00e9ralement plus large que \u00e7a !\u00a0\u00bb. Mais elle dispara\u00eet dans la bouche noire et pendant une demi-heure, l\u00e0-dessous, les conversations et \u00e9changes de d\u00e9tails pointus vont bon train. Lorsque l&rsquo;anthropologue r\u00e9appara\u00eet, tach\u00e9e et d\u00e9coiff\u00e9e, elle a l&rsquo;air convaincue : tout cela semble bien int\u00e9ressant.<\/p>\n\n\n\n<p>Le temps que la seconde anthropologue et les amis visitent \u00e0 leur tour le site, il est d\u00e9j\u00e0 temps de se pr\u00e9parer au d\u00e9part. La grotte est \u00e0 nouveau scell\u00e9e (avec moins de z\u00e8le cette fois, pour faciliter une r\u00e9ouverture souhait\u00e9e prochaine), les feuilles remises en place. La grotte retrouve son anonymat. Mais cette fois, cela semble certain : nous reviendrons bient\u00f4t. Et cette fois, ce sera pour fouiller.<\/p>\n\n\n\n<p>19 janvier 2016. L&rsquo;anthropologue s&rsquo;est \u00e9vanouie dans la nature. C&rsquo;\u00e9tait trop beau. Sans doute est-elle retourn\u00e9e \u00e0 de plus vastes grottes. La petite entr\u00e9e restera scell\u00e9e \u00e0 jamais. Ou peut-\u00eatre quelqu&rsquo;un la red\u00e9couvrira-t-il dans quelques d\u00e9cennies, quelques si\u00e8cles ? En attendant, les corps allong\u00e9s dans le silence et l&rsquo;obscurit\u00e9 garderont leurs secrets.<\/p>\n","protected":false},"excerpt":{"rendered":"<p>Par une belle apr\u00e8s-midi de l&rsquo;automne 2008, une petite balade en famille nous entra\u00eene dans un recoin des cans. Nous cheminons tranquillement sur un \u00e9troit sentier qui serpente entre le&hellip; <\/p>\n","protected":false},"author":3,"featured_media":1970,"comment_status":"open","ping_status":"open","sticky":false,"template":"","format":"standard","meta":{"_monsterinsights_skip_tracking":false,"_monsterinsights_sitenote_active":false,"_monsterinsights_sitenote_note":"","_monsterinsights_sitenote_category":0,"footnotes":""},"categories":[21],"tags":[81],"class_list":["post-865","post","type-post","status-publish","format-standard","has-post-thumbnail","hentry","category-cans-archeo","tag-can-des-combes"],"_links":{"self":[{"href":"https:\/\/www.reveeveille.net\/candelhospitalet\/wp-json\/wp\/v2\/posts\/865","targetHints":{"allow":["GET"]}}],"collection":[{"href":"https:\/\/www.reveeveille.net\/candelhospitalet\/wp-json\/wp\/v2\/posts"}],"about":[{"href":"https:\/\/www.reveeveille.net\/candelhospitalet\/wp-json\/wp\/v2\/types\/post"}],"author":[{"embeddable":true,"href":"https:\/\/www.reveeveille.net\/candelhospitalet\/wp-json\/wp\/v2\/users\/3"}],"replies":[{"embeddable":true,"href":"https:\/\/www.reveeveille.net\/candelhospitalet\/wp-json\/wp\/v2\/comments?post=865"}],"version-history":[{"count":4,"href":"https:\/\/www.reveeveille.net\/candelhospitalet\/wp-json\/wp\/v2\/posts\/865\/revisions"}],"predecessor-version":[{"id":3991,"href":"https:\/\/www.reveeveille.net\/candelhospitalet\/wp-json\/wp\/v2\/posts\/865\/revisions\/3991"}],"wp:featuredmedia":[{"embeddable":true,"href":"https:\/\/www.reveeveille.net\/candelhospitalet\/wp-json\/wp\/v2\/media\/1970"}],"wp:attachment":[{"href":"https:\/\/www.reveeveille.net\/candelhospitalet\/wp-json\/wp\/v2\/media?parent=865"}],"wp:term":[{"taxonomy":"category","embeddable":true,"href":"https:\/\/www.reveeveille.net\/candelhospitalet\/wp-json\/wp\/v2\/categories?post=865"},{"taxonomy":"post_tag","embeddable":true,"href":"https:\/\/www.reveeveille.net\/candelhospitalet\/wp-json\/wp\/v2\/tags?post=865"}],"curies":[{"name":"wp","href":"https:\/\/api.w.org\/{rel}","templated":true}]}}