{"id":831,"date":"2022-09-13T13:55:20","date_gmt":"2022-09-13T13:55:20","guid":{"rendered":"http:\/\/www.reveeveille.net\/cevennevivante\/wordpress\/?p=831"},"modified":"2022-09-13T13:55:23","modified_gmt":"2022-09-13T13:55:23","slug":"laven-bourely","status":"publish","type":"post","link":"https:\/\/www.reveeveille.net\/candelhospitalet\/laven-bourely\/","title":{"rendered":"L&rsquo;aven Bour\u00e9ly"},"content":{"rendered":"\n<p class=\"has-text-align-right\"><em>Photo d&rsquo;en-t\u00eate :  Vue g\u00e9n\u00e9rale de la carri\u00e8re Bourely.<\/em><br><em>La partie anciennement exploit\u00e9e est en ha L&rsquo;ancien front de taille, avec deux des cavit\u00e9s rebouch\u00e9es<\/em><\/p>\n\n\n\n<p>Pour trouver l&rsquo;aven Bourely (d\u00e9nomination maison) chercher la grande carri\u00e8re du m\u00eame nom, \u00e0 gauche de la route dans la descente de la can vers le Pompidou, ou \u00e0 droite au dessus de la route lorsque l&rsquo;on se dirige du Pompidou vers le Masbonnet et Barre des C\u00e9vennes. Signalons au passage que cet endroit est cens\u00e9 \u00eatre interdit au public, il est d&rsquo;ailleurs enti\u00e8rement cl\u00f4tur\u00e9.<\/p>\n\n\n\n<p>L&rsquo;aven est&nbsp;une faille verticale de 2 \u00e0 3 m\u00e8tres de large et d&rsquo;une quinzaine de m\u00e8tres de haut qui s&rsquo;ouvre directement dans le front de taille de la carri\u00e8re. Cavit\u00e9 sans doute prometteuse \u00e0 l&rsquo;origine, l&rsquo;aven a \u00e9t\u00e9 en partie remblay\u00e9e durant la p\u00e9riode d&rsquo;activit\u00e9 de cette partie de la carri\u00e8re (jusqu&rsquo;aux ann\u00e9es 2005) ce qui en a limit\u00e9 la profondeur. Puis, lorsque&nbsp;cette partie de la&nbsp;carri\u00e8re a \u00e9t\u00e9 mise hors d&rsquo;activit\u00e9, l&rsquo;entr\u00e9e a carr\u00e9ment \u00e9t\u00e9 mur\u00e9e, ce qui a le m\u00e9rite de visualiser correctement sa position mais d&rsquo;un point de vue sp\u00e9l\u00e9o ce n&rsquo;est h\u00e9las plus accessible.<\/p>\n\n\n\n<figure class=\"wp-block-image\"><img decoding=\"async\" src=\"http:\/\/www.reveeveille.net\/photos\/2010\/0815_prospection_camplong\/20100815_prospection_camplong_22.jpg\" alt=\"\"\/><figcaption>L&rsquo;ancien front de taille, avec deux des cavit\u00e9s rebouch\u00e9es<\/figcaption><\/figure>\n\n\n\n<p>Sur le replat en haut du front de taille, quelques dizaines de m\u00e8tres au sud de l&rsquo;aven, existaient deux ouvertures verticales c\u00f4te \u00e0 c\u00f4te, sans doute des soutirements de terre dus \u00e0 la carri\u00e8re. Elles ont \u00e9t\u00e9 rebouch\u00e9es lors du r\u00e9am\u00e9nagement de la carri\u00e8re, on n&rsquo;en voit m\u00eame plus trace aujourd&rsquo;hui. Les carri\u00e8res font d\u00e9cid\u00e9ment mauvais m\u00e9nage avec la sp\u00e9l\u00e9o&#8230;<\/p>\n\n\n\n<iframe loading=\"lazy\" src=\"https:\/\/www.reveeveille.net\/geoportail\/cartepublique.aspx?idecrit=968\" width=\"100%\" height=\"400\"><\/iframe>\n","protected":false},"excerpt":{"rendered":"<p>Photo d&rsquo;en-t\u00eate : Vue g\u00e9n\u00e9rale de la carri\u00e8re Bourely.La partie anciennement exploit\u00e9e est en ha L&rsquo;ancien front de taille, avec deux des cavit\u00e9s rebouch\u00e9es Pour trouver l&rsquo;aven Bourely (d\u00e9nomination maison)&hellip; <\/p>\n","protected":false},"author":3,"featured_media":1979,"comment_status":"open","ping_status":"open","sticky":false,"template":"","format":"standard","meta":{"_monsterinsights_skip_tracking":false,"_monsterinsights_sitenote_active":false,"_monsterinsights_sitenote_note":"","_monsterinsights_sitenote_category":0,"footnotes":""},"categories":[79],"tags":[44],"class_list":["post-831","post","type-post","status-publish","format-standard","has-post-thumbnail","hentry","category-prospection-speleo","tag-can-de-lhospitalet"],"_links":{"self":[{"href":"https:\/\/www.reveeveille.net\/candelhospitalet\/wp-json\/wp\/v2\/posts\/831","targetHints":{"allow":["GET"]}}],"collection":[{"href":"https:\/\/www.reveeveille.net\/candelhospitalet\/wp-json\/wp\/v2\/posts"}],"about":[{"href":"https:\/\/www.reveeveille.net\/candelhospitalet\/wp-json\/wp\/v2\/types\/post"}],"author":[{"embeddable":true,"href":"https:\/\/www.reveeveille.net\/candelhospitalet\/wp-json\/wp\/v2\/users\/3"}],"replies":[{"embeddable":true,"href":"https:\/\/www.reveeveille.net\/candelhospitalet\/wp-json\/wp\/v2\/comments?post=831"}],"version-history":[{"count":4,"href":"https:\/\/www.reveeveille.net\/candelhospitalet\/wp-json\/wp\/v2\/posts\/831\/revisions"}],"predecessor-version":[{"id":3689,"href":"https:\/\/www.reveeveille.net\/candelhospitalet\/wp-json\/wp\/v2\/posts\/831\/revisions\/3689"}],"wp:featuredmedia":[{"embeddable":true,"href":"https:\/\/www.reveeveille.net\/candelhospitalet\/wp-json\/wp\/v2\/media\/1979"}],"wp:attachment":[{"href":"https:\/\/www.reveeveille.net\/candelhospitalet\/wp-json\/wp\/v2\/media?parent=831"}],"wp:term":[{"taxonomy":"category","embeddable":true,"href":"https:\/\/www.reveeveille.net\/candelhospitalet\/wp-json\/wp\/v2\/categories?post=831"},{"taxonomy":"post_tag","embeddable":true,"href":"https:\/\/www.reveeveille.net\/candelhospitalet\/wp-json\/wp\/v2\/tags?post=831"}],"curies":[{"name":"wp","href":"https:\/\/api.w.org\/{rel}","templated":true}]}}