{"id":821,"date":"2022-09-13T13:53:10","date_gmt":"2022-09-13T13:53:10","guid":{"rendered":"http:\/\/www.reveeveille.net\/cevennevivante\/wordpress\/?p=821"},"modified":"2022-09-13T13:53:12","modified_gmt":"2022-09-13T13:53:12","slug":"la-grotte-de-milord-au-castelas-de-barre-des-cevennes","status":"publish","type":"post","link":"https:\/\/www.reveeveille.net\/candelhospitalet\/la-grotte-de-milord-au-castelas-de-barre-des-cevennes\/","title":{"rendered":"La grotte de Milord au cast\u00e9las de Barre-des-C\u00e9vennes"},"content":{"rendered":"\n<p class=\"has-text-align-right\"><em>Photo ci-dessus : Vue g\u00e9n\u00e9rale du site du castelas de barre, \u00e0 proximit\u00e9 de la grotte de Milord. Au premier plan, un affaissement circulaire combl\u00e9, qui pourrait \u00eatre en relation avec la grotte dont la galerie principale passe probablement \u00e0 proximit\u00e9 imm\u00e9diate<\/em><\/p>\n\n\n\n<p>La grotte de Milord est une petite cavit\u00e9 situ\u00e9e au sommet du <a href=\"https:\/\/www.reveeveille.net\/candelhospitalet\/?p=1799\">Castelas de Barre des C\u00e9vennes<\/a>, autrefois bien connue et fr\u00e9quent\u00e9e par les enfants du village qui venaient y faire des b\u00eatises, \u00e0 en croire les r\u00e9cits de l&rsquo;un d&rsquo;entre eux qui pr\u00e9f\u00e8re garder l&rsquo;anonymat ! G\u00e9ologiquement parlant, il s&rsquo;agit d&rsquo;une petite rivi\u00e8re souterraine fossile dont le lit, \u00e0 sec depuis longtemps, a \u00e9t\u00e9 recoup\u00e9 en plusieurs endroits par la petite falaise du versant sud du castelas.<\/p>\n\n\n\n<p>De ce fait, plusieurs tron\u00e7ons sont accessibles ou tout du moins visibles. Appelons les tron\u00e7on 1, 2 et 3, d&rsquo;est en ouest. Ces trois entr\u00e9es sont maintenant tr\u00e8s embroussaill\u00e9es, mais elles sont tout de m\u00eame faciles \u00e0 rep\u00e9rer par le haut car elles sont mat\u00e9rialis\u00e9es par 3 \u00e9chancrures nettes et profondes qui se succ\u00e8dent dans la falaise en quelques dizaines de m\u00e8tres.<\/p>\n\n\n\n<div class=\"wp-block-columns is-layout-flex wp-container-core-columns-is-layout-9d6595d7 wp-block-columns-is-layout-flex\">\n<div class=\"wp-block-column is-layout-flow wp-block-column-is-layout-flow\">\n<figure class=\"wp-block-image\"><img decoding=\"async\" src=\"http:\/\/www.reveeveille.net\/photos\/2008\/0829_grotte_de_milord\/20080829_grotte_de_milord_09.jpg\" alt=\"\"\/><figcaption>L&rsquo;entr\u00e9e n\u00b02 de la grotte de Milord est situ\u00e9e entre le bloc et la falaise<\/figcaption><\/figure>\n<\/div>\n\n\n\n<div class=\"wp-block-column is-layout-flow wp-block-column-is-layout-flow\">\n<figure class=\"wp-block-image\"><img decoding=\"async\" src=\"http:\/\/www.reveeveille.net\/photos\/2008\/0829_grotte_de_milord\/20080829_grotte_de_milord_03.jpg\" alt=\"\"\/><figcaption>Fen\u00eatre dans l&rsquo;entr\u00e9e n\u00b02<\/figcaption><\/figure>\n<\/div>\n\n\n\n<div class=\"wp-block-column is-layout-flow wp-block-column-is-layout-flow\">\n<figure class=\"wp-block-image\"><img decoding=\"async\" src=\"http:\/\/www.reveeveille.net\/photos\/2008\/0829_grotte_de_milord\/20080829_grotte_de_milord_02.jpg\" alt=\"\"\/><figcaption>Dans le bras principal de la grotte de Milord, \u00e0 quelques m\u00e8tres de l&rsquo;entr\u00e9e n\u00b02<\/figcaption><\/figure>\n<\/div>\n<\/div>\n\n\n\n<p>Le plus grand des trois est le tron\u00e7on num\u00e9ro 2. C&rsquo;est un m\u00e9andre assez \u00e9troit qui s&rsquo;ouvre entre un gros bloc d\u00e9coll\u00e9 de la falaise et la falaise elle-m\u00eame. La galerie part plein est, ses dimensions s&rsquo;amenuise assez rapidement, et devient franchement malpratique apr\u00e8s 7 ou 8 m\u00e8tres. Le sol est enti\u00e8rement organique, sans doute compos\u00e9 de milliers de crottes de renards, car \u00e0 en croire les rares habitants de Barre qui connaissent ce lieu, la grotte est leur repaire favori. Sans doute un nettoyage permettrait de gagner en hauteur de de rendre la galerie p\u00e9n\u00e9trable sur une plus grande distance.<\/p>\n\n\n\n<p>Le tron\u00e7on num\u00e9ro 1, \u00e0 l&rsquo;est, se subdivise imm\u00e9diatement en 2 diverticules imm\u00e9diatement colmat\u00e9s par le m\u00eame genre de sol organique. Une troisi\u00e8me ouverture, au ras du sol c\u00f4t\u00e9 ouest, est imp\u00e9n\u00e9trable mais donne acc\u00e8s \u00e0 une galerie de taille p\u00e9n\u00e9trable (40 cm de large sur 80 de haut environ) qui part perpendiculairement \u00e0 la falaise.<\/p>\n\n\n\n<p>Le tron\u00e7on 3 est enti\u00e8rement bouch\u00e9 d\u00e8s le d\u00e9part. Il part perpendiculairement \u00e0 la falaise, son plafond a c\u00e9d\u00e9 sur quelques m\u00e8tres, ce qui permet de constater que la galerie semble large et confortable. Des amas de broussailles et de cailloux y ont \u00e9t\u00e9 entass\u00e9s, sans que je puisse d\u00e9terminer si l&rsquo;objectif \u00e9tait de le boucher ou de l&rsquo;utiliser comme une poubelle pratique&#8230; Quelques m\u00e8tres au dessus de cette entr\u00e9e, un effondrement circulaire, lui aussi combl\u00e9, pourrait correspondre \u00e0 un effondrement donnant sur le r\u00e9seau.<\/p>\n\n\n\n<p>Rien d&rsquo;extraordinaire pour le moment, donc. Mais la localisation de la grotte, sur un piton \u00e0 l&rsquo;histoire ancienne et riche, et les signes de l&rsquo;existence de partie de r\u00e9seau p\u00e9n\u00e9trables aux entr\u00e9es 1 et 3, en font un endroit int\u00e9ressant \u00e0 \u00e9tudier de plus pr\u00e8s.<\/p>\n\n\n\n<figure class=\"wp-block-image\"><img decoding=\"async\" src=\"http:\/\/www.reveeveille.net\/photos\/2010\/0929_prospection_castelas_de_barre\/20100929_prospection_castelas_de_barre_08.jpg\" alt=\"\"\/><figcaption>Le profil du tron\u00e7on bouch\u00e9 (entr\u00e9e n\u00b01), nettement fa\u00e7onn\u00e9 par l&rsquo;eau<\/figcaption><\/figure>\n\n\n\n<p>Beaucoup d&rsquo;histoires circulent sur cette grotte. Les explications du&nbsp;nom de \u00ab\u00a0Milord\u00a0\u00bb&nbsp;sont nombreuses sans qu&rsquo;aucune ne soit totalement satisfaisante. Un habitant de la commune m&rsquo;a expliqu\u00e9 qu&rsquo;il&nbsp;provient du fait qu&rsquo;un aviateur anglais se serait&nbsp;cach\u00e9 dans la cavit\u00e9 pendant la seconde guerre mondiale&#8230; Mais les informations rassembl\u00e9es par Daniel Andr\u00e9 (paragraphe suivant)&nbsp;infirment cette hypoth\u00e8se puisque&nbsp;le nom existait bien avant la guerre. Il s&rsquo;agit sans doute d&rsquo;une \u00ab\u00a0l\u00e9gende\u00a0\u00bb locale n\u00e9e du fait&nbsp;que&nbsp;deux terrains de parachutage clandestins ont fonctionn\u00e9 \u00e0 quelques kilom\u00e8tres de l\u00e0 \u00e0 la fin de la seconde guerre mondiale :&nbsp;<a href=\"https:\/\/www.reveeveille.net\/candelhospitalet\/?p=2615\">Quincaille<\/a> et <a href=\"https:\/\/www.reveeveille.net\/candelhospitalet\/?p=2182\">Tribunal<\/a>.<\/p>\n\n\n\n<div class=\"wp-block-columns is-layout-flex wp-container-core-columns-is-layout-9d6595d7 wp-block-columns-is-layout-flex\">\n<div class=\"wp-block-column is-layout-flow wp-block-column-is-layout-flow\">\n<figure class=\"wp-block-image\"><img decoding=\"async\" src=\"http:\/\/www.reveeveille.net\/photos\/2008\/0829_grotte_de_milord\/20080829_grotte_de_milord_10.jpg\" alt=\"\"\/><figcaption>Les \u00e9chancrures de la falaise du castelas marquent les entr\u00e9es n\u00b03, 2 et 1 de la grotte de Milord<\/figcaption><\/figure>\n<\/div>\n\n\n\n<div class=\"wp-block-column is-layout-flow wp-block-column-is-layout-flow\">\n<figure class=\"wp-block-image\"><img decoding=\"async\" src=\"http:\/\/www.reveeveille.net\/photos\/2008\/0829_grotte_de_milord\/20080829_grotte_de_milord_05.jpg\" alt=\"\"\/><figcaption>Entr\u00e9e n\u00b03<\/figcaption><\/figure>\n<\/div>\n<\/div>\n\n\n\n<figure class=\"wp-block-image\"><img decoding=\"async\" src=\"http:\/\/www.reveeveille.net\/photos\/2010\/0929_prospection_castelas_de_barre\/20100929_prospection_castelas_de_barre_02.jpg\" alt=\"\"\/><figcaption>L&rsquo;affaissement, au dessus des grottes<\/figcaption><\/figure>\n\n\n\n<p>\u00ab\u00a0<em>L\u2019attribution du nom \u00ab Milord \u00bb \u00e0 cette cavit\u00e9 remonte au moins \u00e0 1895, ann\u00e9e o\u00f9 elle a \u00e9t\u00e9 mentionn\u00e9e pour la premi\u00e8re fois. J\u2019ignore quelle est la raison de cette appellation ; sans doute le sobriquet de quelqu\u2019un qui y avait ses habitudes\u2026. A moins que ce nom ait un rapport avec ce qui suit. L\u2019historien Jean-Paul Chabrol a racont\u00e9 la l\u00e9gende de la \u00ab ch\u00e8vre d\u2019or \u00bb, qui aurait \u00e9t\u00e9 cach\u00e9e dans un \u00ab myst\u00e9rieux souterrain \u00bb allant du Cast\u00e9las (ancien ch\u00e2teau de Barre) \u00e0 celui de Terre-Rouge, \u00e0 quelques kilom\u00e8tres de distance sur la Can ; d&rsquo;apr\u00e8s son propre grand-p\u00e8re qui le lui avait dit dans son enfance, ce souterrain n&rsquo;\u00e9tait autre que la grotte de Milord ! Mais cette l\u00e9gende ne r\u00e9sultait que d\u2019un fait divers, certes peu banal : le double d\u00e9c\u00e8s le 9 juin 1762 de Pierre Figui\u00e8re (protestant) et du ma\u00e7on Jean Bertrand (catholique) qu\u2019il avait employ\u00e9, celui-ci ayant re\u00e7u le corps du premier apr\u00e8s rupture d\u2019une corde ; ils \u00e9taient occup\u00e9s \u00e0 creuser un profond puits dans le village de Barre, \u00e0 la recherche d\u2019un tr\u00e9sor ! L\u2019appellation \u00ab Milord \u00bb, qui signifiait jadis au figur\u00e9 et populairement \u00ab homme tr\u00e8s riche \u00bb, peut avoir \u00e9t\u00e9 donn\u00e9e \u00e0 ce \u00ab souterrain \u00bb en souvenir du chercheur de tr\u00e9sor barrois dont ce pouvait \u00eatre le sobriquet, ceci apr\u00e8s que l\u2019emplacement exact du puits qui avait \u00e9t\u00e9 fonc\u00e9 ait \u00e9t\u00e9 compl\u00e8tement perdu<\/em>.\u00a0\u00bb<\/p>\n\n\n\n<iframe loading=\"lazy\" src=\"https:\/\/www.reveeveille.net\/geoportail\/cartepublique.aspx?idecrit=314\" width=\"100%\" height=\"400\"><\/iframe>\n","protected":false},"excerpt":{"rendered":"<p>Photo ci-dessus : Vue g\u00e9n\u00e9rale du site du castelas de barre, \u00e0 proximit\u00e9 de la grotte de Milord. Au premier plan, un affaissement circulaire combl\u00e9, qui pourrait \u00eatre en relation&hellip; <\/p>\n","protected":false},"author":3,"featured_media":1967,"comment_status":"open","ping_status":"open","sticky":false,"template":"","format":"standard","meta":{"_monsterinsights_skip_tracking":false,"_monsterinsights_sitenote_active":false,"_monsterinsights_sitenote_note":"","_monsterinsights_sitenote_category":0,"footnotes":""},"categories":[2],"tags":[50],"class_list":["post-821","post","type-post","status-publish","format-standard","has-post-thumbnail","hentry","category-grotte","tag-castelas-de-barre-des-cevennes"],"_links":{"self":[{"href":"https:\/\/www.reveeveille.net\/candelhospitalet\/wp-json\/wp\/v2\/posts\/821","targetHints":{"allow":["GET"]}}],"collection":[{"href":"https:\/\/www.reveeveille.net\/candelhospitalet\/wp-json\/wp\/v2\/posts"}],"about":[{"href":"https:\/\/www.reveeveille.net\/candelhospitalet\/wp-json\/wp\/v2\/types\/post"}],"author":[{"embeddable":true,"href":"https:\/\/www.reveeveille.net\/candelhospitalet\/wp-json\/wp\/v2\/users\/3"}],"replies":[{"embeddable":true,"href":"https:\/\/www.reveeveille.net\/candelhospitalet\/wp-json\/wp\/v2\/comments?post=821"}],"version-history":[{"count":4,"href":"https:\/\/www.reveeveille.net\/candelhospitalet\/wp-json\/wp\/v2\/posts\/821\/revisions"}],"predecessor-version":[{"id":3687,"href":"https:\/\/www.reveeveille.net\/candelhospitalet\/wp-json\/wp\/v2\/posts\/821\/revisions\/3687"}],"wp:featuredmedia":[{"embeddable":true,"href":"https:\/\/www.reveeveille.net\/candelhospitalet\/wp-json\/wp\/v2\/media\/1967"}],"wp:attachment":[{"href":"https:\/\/www.reveeveille.net\/candelhospitalet\/wp-json\/wp\/v2\/media?parent=821"}],"wp:term":[{"taxonomy":"category","embeddable":true,"href":"https:\/\/www.reveeveille.net\/candelhospitalet\/wp-json\/wp\/v2\/categories?post=821"},{"taxonomy":"post_tag","embeddable":true,"href":"https:\/\/www.reveeveille.net\/candelhospitalet\/wp-json\/wp\/v2\/tags?post=821"}],"curies":[{"name":"wp","href":"https:\/\/api.w.org\/{rel}","templated":true}]}}