{"id":799,"date":"2022-10-02T16:21:03","date_gmt":"2022-10-02T16:21:03","guid":{"rendered":"http:\/\/www.reveeveille.net\/cevennevivante\/wordpress\/?p=799"},"modified":"2022-10-02T16:21:05","modified_gmt":"2022-10-02T16:21:05","slug":"la-mysterieuse-grotte-de-lhospitalet","status":"publish","type":"post","link":"https:\/\/www.reveeveille.net\/candelhospitalet\/la-mysterieuse-grotte-de-lhospitalet\/","title":{"rendered":"La myst\u00e9rieuse grotte de l&rsquo;Hospitalet"},"content":{"rendered":"\n<p>Sur une carte g\u00e9omorphologique sommaire de la can de l&rsquo;Hospitalet (par J. Rouire et Cl. Rousset, 1973, voir ci-dessous), j&rsquo;ai trouv\u00e9 signal\u00e9e une grotte \u00e0 environs 400 m\u00e8tres au nord-est du hameau de <a href=\"https:\/\/www.reveeveille.net\/candelhospitalet\/?p=1846\">l&rsquo;Hospitalet<\/a>, juste sous les falaises de la bordure orientale de la can.<\/p>\n\n\n\n<p>A ce jour, malgr\u00e9 une exploration minutieuse, je n&rsquo;ai pas trouv\u00e9 cette cavit\u00e9. Mais je me pose des questions \u00e0 son sujet. En effet, quelques centaines de m\u00e8tres au nord de la position indiqu\u00e9e ici, au creux du profond vallon suivant, se trouve la grotte de <a href=\"https:\/\/www.reveeveille.net\/candelhospitalet\/?p=690\">Baumole\u00efro<\/a>, non indiqu\u00e9e sur la carte g\u00e9omorphologique alors qu&rsquo;elle est connue de longue date. C\u00e0 et l\u00e0 dans la litt\u00e9rature la grotte de Baumole\u00efro est parfois appel\u00e9e grotte de l&rsquo;Hospitalet, ce qui me semble \u00e9tonnant car elle en est tout de m\u00eame situ\u00e9e \u00e0 pr\u00e8s d&rsquo;un kilom\u00e8tre du hameau du m\u00eame nom.<\/p>\n\n\n\n<p>Tout cela m&rsquo;am\u00e8ne \u00e0 faire deux hypoth\u00e8ses :<\/p>\n\n\n\n<ul class=\"wp-block-list\"><li>soit il y a eu confusion entre les deux grottes. La grotte de l&rsquo;Hospitalet serait celle-ci (auquel cas son entr\u00e9e doit \u00eatre bien cach\u00e9e !) et plus au nord on trouverait Baumoleiro<\/li><li>soit les deux grottes n&rsquo;en font qu&rsquo;une, et elle est mal situ\u00e9e sur la carte g\u00e9omorphologique&#8230;<\/li><\/ul>\n\n\n\n<p>Cette derni\u00e8re hypoth\u00e8se me semble la plus plausible, pour plusieurs raisons :<\/p>\n\n\n\n<ul class=\"wp-block-list\"><li>Dans un de ses compte-rendus, <a data-type=\"post\" data-id=\"544\" href=\"https:\/\/www.reveeveille.net\/candelhospitalet\/index.php\/2021\/05\/19\/camille-hugues\/\">Camille Hugues<\/a> d\u00e9clare avoir trouv\u00e9 ses pi\u00e8ces de monnaie du XIII\u00e8me si\u00e8cle dans la grotte de l&rsquo;Hospitalet, alors qu&rsquo;il les a bel et bien trouv\u00e9es dans la grotte de Baumole\u00efro.<\/li><li>La carte g\u00e9omorphologique en question (ci-dessous) ne mentionne rien \u00e0 l&#8217;emplacement de la grotte de Baumole\u00efro<\/li><\/ul>\n\n\n\n<p>Ceci dit, Andr\u00e9 Coste m&rsquo;a signal\u00e9 une petite grotte, d&rsquo;\u00e0 peine 4 ou 5 m\u00e8tres de long, qu&rsquo;il appelle la \u00ab\u00a0grotte des camisards\u00a0\u00bb (encore eux) qui serait situ\u00e9e dans les rochers de l&rsquo;Hospitalet, non loin de la bordure&nbsp;(sans plus de pr\u00e9cision, ce qui reste vague !), et dans laquelle aurait \u00e9t\u00e9 trouv\u00e9e une poterie plein de monnaies (de quelles \u00e9poques ?). Cela fait encore beaucoup de points communs, mais avec plein de diff\u00e9rences aussi.<\/p>\n\n\n\n<p>Les myst\u00e8res de la can n&rsquo;ont pas fini de me faire tourner la t\u00eate&#8230;<\/p>\n\n\n<div class=\"wp-block-image\">\n<figure class=\"aligncenter\"><img decoding=\"async\" src=\"http:\/\/www.reveeveille.net\/photos\/1900\/0101_illustrations_canhospitalet\/19000101_illustrations_canhospitalet_geomorphologie_can.jpg\" alt=\"\"\/><figcaption>Croquis de la grotte du col des Fa\u00efsses, lev\u00e9 par le Docteur Gajac en 1961<\/figcaption><\/figure>\n<\/div>\n\n\n<iframe loading=\"lazy\" src=\"https:\/\/www.reveeveille.net\/geoportail\/cartepublique.aspx?idecrit=339\" width=\"100%\" height=\"400\"><\/iframe>\n","protected":false},"excerpt":{"rendered":"<p>Sur une carte g\u00e9omorphologique sommaire de la can de l&rsquo;Hospitalet (par J. Rouire et Cl. Rousset, 1973, voir ci-dessous), j&rsquo;ai trouv\u00e9 signal\u00e9e une grotte \u00e0 environs 400 m\u00e8tres au nord-est&hellip; <\/p>\n","protected":false},"author":3,"featured_media":1892,"comment_status":"open","ping_status":"open","sticky":false,"template":"","format":"standard","meta":{"_monsterinsights_skip_tracking":false,"_monsterinsights_sitenote_active":false,"_monsterinsights_sitenote_note":"","_monsterinsights_sitenote_category":0,"footnotes":""},"categories":[79],"tags":[44],"class_list":["post-799","post","type-post","status-publish","format-standard","has-post-thumbnail","hentry","category-prospection-speleo","tag-can-de-lhospitalet"],"_links":{"self":[{"href":"https:\/\/www.reveeveille.net\/candelhospitalet\/wp-json\/wp\/v2\/posts\/799","targetHints":{"allow":["GET"]}}],"collection":[{"href":"https:\/\/www.reveeveille.net\/candelhospitalet\/wp-json\/wp\/v2\/posts"}],"about":[{"href":"https:\/\/www.reveeveille.net\/candelhospitalet\/wp-json\/wp\/v2\/types\/post"}],"author":[{"embeddable":true,"href":"https:\/\/www.reveeveille.net\/candelhospitalet\/wp-json\/wp\/v2\/users\/3"}],"replies":[{"embeddable":true,"href":"https:\/\/www.reveeveille.net\/candelhospitalet\/wp-json\/wp\/v2\/comments?post=799"}],"version-history":[{"count":5,"href":"https:\/\/www.reveeveille.net\/candelhospitalet\/wp-json\/wp\/v2\/posts\/799\/revisions"}],"predecessor-version":[{"id":3911,"href":"https:\/\/www.reveeveille.net\/candelhospitalet\/wp-json\/wp\/v2\/posts\/799\/revisions\/3911"}],"wp:featuredmedia":[{"embeddable":true,"href":"https:\/\/www.reveeveille.net\/candelhospitalet\/wp-json\/wp\/v2\/media\/1892"}],"wp:attachment":[{"href":"https:\/\/www.reveeveille.net\/candelhospitalet\/wp-json\/wp\/v2\/media?parent=799"}],"wp:term":[{"taxonomy":"category","embeddable":true,"href":"https:\/\/www.reveeveille.net\/candelhospitalet\/wp-json\/wp\/v2\/categories?post=799"},{"taxonomy":"post_tag","embeddable":true,"href":"https:\/\/www.reveeveille.net\/candelhospitalet\/wp-json\/wp\/v2\/tags?post=799"}],"curies":[{"name":"wp","href":"https:\/\/api.w.org\/{rel}","templated":true}]}}