{"id":773,"date":"2022-07-25T14:15:12","date_gmt":"2022-07-25T14:15:12","guid":{"rendered":"http:\/\/www.reveeveille.net\/cevennevivante\/wordpress\/?p=773"},"modified":"2022-07-25T14:15:15","modified_gmt":"2022-07-25T14:15:15","slug":"laven-de-montgros","status":"publish","type":"post","link":"https:\/\/www.reveeveille.net\/candelhospitalet\/laven-de-montgros\/","title":{"rendered":"L&rsquo;aven de Montgros"},"content":{"rendered":"\n<p>L&rsquo;aven de Montgros est un personnage majeur de la can de l&rsquo;Hospitalet.<\/p>\n\n\n\n<p>Pour le d\u00e9couvrir, il faut s&rsquo;aventurer au fond d&rsquo;une belle doline \u00e0 la forme complexe, nich\u00e9e au milieu de cette magnifique prairie qui s&rsquo;\u00e9tend \u00e0 l&rsquo;est de la route, un kilom\u00e8tre et demi au sud du hameau de l&rsquo;Hospitalet . La doline en question est discr\u00e8te : seuls quelques \u00e9pineux poussant \u00e0 sa p\u00e9riph\u00e9rie trahissent sa pr\u00e9sence au promeneur attentif. Il faut marcher jusqu&rsquo;\u00e0 son rebord pour d\u00e9couvrir ce petit endroit intime et chaleureux. Il est facile d&rsquo;y descendre par des belles pentes herbeuses, et l&rsquo;on s&rsquo;y sent prot\u00e9g\u00e9 lorsque le vent souffle sur la can. Les jours de forte pluie, les eaux qui se mettent \u00e0 couler en rivi\u00e8res temporaires \u00e0 la surface de la can y convergent et disparaissent dans une ouverture sombre, justifiant l&rsquo;appellation de \u00ab\u00a0ponor\u00a0\u00bb (perte) que lui donnent les sp\u00e9cialistes.<\/p>\n\n\n\n<figure class=\"wp-block-image\"><img decoding=\"async\" src=\"http:\/\/www.reveeveille.net\/photos\/2018\/0210_ski_de_fonds_montgros_et_sldt\/20180210_ski_de_fonds_montgros_et_sldt_02.jpg\" alt=\"\"\/><figcaption>L&rsquo;aven de Montgros sous la neige.<\/figcaption><\/figure>\n\n\n\n<p>L&rsquo;aven proprement dit, \u00e9troit et profond, s&rsquo;ouvre au nord de la doline dans une zone au relief plus perturb\u00e9, inqui\u00e9tante. Il&nbsp; s&rsquo;autorise pourtant un trait d&rsquo;humour : il laisse \u00e9merger de la gueule sombre un fr\u00eane au port \u00e9lanc\u00e9 qui semble s&rsquo;y plaire.<\/p>\n\n\n\n<p><a href=\"https:\/\/photos.google.com\/search\/20040725\/photo\/AF1QipPkj8ovBAJM2qIvZ0kso__qpEvEbYYsVEIYQkhk\"><\/a>La formation de l&rsquo;aven raconte une histoire pleine de rebondissements. A en croire les traces \u00e9crites, il serait m\u00eame n\u00e9 plusieurs fois.<\/p>\n\n\n\n<figure class=\"wp-block-image\"><img decoding=\"async\" src=\"http:\/\/www.reveeveille.net\/photos\/2004\/0725_aven_de_montgros\/20040725_aven_de_montgros_ouverture_puit_2.jpg\" alt=\"\"\/><figcaption>Le second puit de l&rsquo;aven de Montgros en cours de (r\u00e9)ouverture en 2004<\/figcaption><\/figure>\n\n\n\n<p>Un&nbsp;premier t\u00e9moignage&nbsp;atteste que l&rsquo;aven s&rsquo;est ouvert en 1875&nbsp;\u00e0 la suite d&rsquo;une crue \u00e9norme qui aurait fait c\u00e9der&nbsp;le fonds d\u2019une lavogne (sorte de mare artificielle destin\u00e9e \u00e0 accumuler les eaux de pluie pour permettre aux troupeaux de boire). En effet, certaines lavognes \u00e9taient construites en rebouchant partiellement des avens pour profiter du creux naturel. On raconte que toute cette eau&nbsp;est ressortie \u00e0 la grotte de&nbsp;<a href=\"https:\/\/www.reveeveille.net\/candelhospitalet\/?p=379\">Baume Dolente<\/a> dans un fracas tel que les habitants du petit hameau de <a href=\"https:\/\/www.reveeveille.net\/candelhospitalet\/?p=2241\">Montagut<\/a>, \u00e0 plusieurs kilom\u00e8tres de l\u00e0, l&rsquo;ont entendu gicler pendant 2 jours !<\/p>\n\n\n\n<p>Un autre t\u00e9moignage atteste qu&rsquo;au cours de l&rsquo;hiver 1877 il y ait eu un autre effondrement, tr\u00e8s vaste \u00e9galement, sans plus de pr\u00e9cision.<\/p>\n\n\n\n<figure class=\"wp-block-image\"><img decoding=\"async\" src=\"http:\/\/www.reveeveille.net\/photos\/2004\/0725_aven_de_montgros\/20040725_aven_de_montgros_arbre_dans_aven.jpg\" alt=\"\"\/><figcaption>Un fr\u00e8ne a pouss\u00e9 dans le fonds de l&rsquo;aven de Montgros, il peine \u00e0 d\u00e9passer la surface !<\/figcaption><\/figure>\n\n\n\n<p>Une autre source \u00e9crite&nbsp;(<a href=\"https:\/\/www.reveeveille.net\/candelhospitalet\/?page_id=2627\">pcl<\/a>, p. 26) fait mention&nbsp;d&rsquo;un lac temporaire qui se serait cr\u00e9\u00e9 en 1882, et dont le fond aurait c\u00e9d\u00e9 violemment, donnant naissance \u00e0 l&rsquo;aven&#8230; Ce r\u00e9cit ressemble suffisamment \u00e0 celui de 1875 pour imaginer qu&rsquo;il s&rsquo;agit d&rsquo;un seul et m\u00eame \u00e9v\u00e9nement.<\/p>\n\n\n\n<p>Dans les ann\u00e9es 50, le sp\u00e9l\u00e9o-club n\u00eemois, persuad\u00e9 que l&rsquo;aven de Montgros est un regard direct sur le drainage souterrain de la can, d\u00e9cide de s&rsquo;y pencher s\u00e9rieusement. De nombreuses s\u00e9ances de d\u00e9sobstruction permettront de gagner quelques m\u00e8tres mais ne donneront h\u00e9las jamais \u00e0 Montgros les dimensions d&rsquo;une grande cavit\u00e9.<\/p>\n\n\n\n<figure class=\"wp-block-image\"><img decoding=\"async\" src=\"http:\/\/www.reveeveille.net\/photos\/2004\/0725_aven_de_montgros\/20040725_aven_de_montgros_vue_generale.jpg\" alt=\"\"\/><figcaption>Vue g\u00e9n\u00e9rale de l&rsquo;aven de Montgros, au milieu des magnifiques prairies qui bordent la route.<\/figcaption><\/figure>\n\n\n\n<p>Il a aussi une configuration particuli\u00e8re, en deux puits parall\u00e8les reli\u00e9s entre eux par une galerie horizontale d&rsquo;une dizaine de m\u00e8tres de long. L&rsquo;un des puits a \u00e9t\u00e9 bouch\u00e9 (probablement par les agriculteurs ?) par un linteau de b\u00e9ton en une p\u00e9riode sans doute d\u00e9j\u00e0 recul\u00e9e (d\u00e9but du XX\u00e8me ?), il s&rsquo;est d\u00e9bouch\u00e9 naturellement en 2004.<\/p>\n\n\n\n<figure class=\"wp-block-image\"><img decoding=\"async\" src=\"http:\/\/www.reveeveille.net\/photos\/2009\/0516_rando_foyer_rural_can\/20090516_rando_foyer_rural_can_02.jpg\" alt=\"\"\/><figcaption>Pench\u00e9s au dessus de l&rsquo;abime<\/figcaption><\/figure>\n\n\n\n<p>Si on a le pied s\u00fbr, on peut descendre sans corde dans la premi\u00e8re partie de l&rsquo;aven, en suivant la pente naturelle de la profonde faille, c\u00f4t\u00e9 nord. On arrive sur un sol caillouteux, probablement un colmatage de la faille par les s\u00e9diments tomb\u00e9s du plateau. C&rsquo;est l\u00e0 que s&rsquo;ouvre la courte galerie qui m\u00e8ne au second puits. Elle est facile \u00e0 parcourir, presque sans lumi\u00e8re car on y distingue un soup\u00e7on de lueur du jour arrivant des deux c\u00f4t\u00e9s \u00e0 la fois&#8230; La galerie d\u00e9bouche \u00e0 mi-hauteur d&rsquo;une vaste faille dont le sommet \u00e9merge \u00e0 l&rsquo;air libre (le second puits). Le linteau en b\u00e9ton est nettement visible \u00e0 quelques m\u00e8tres au dessus. On ne peut pas aller plus loin sans un tout petit peu de mat\u00e9riel (et de technique) sp\u00e9l\u00e9o. Il faut en effet descendre une verticale de quelques m\u00e8tres pour rejoindre le plancher caillouteux du second puits. Une derni\u00e8re courte verticale se d\u00e9sescalade ensuite facilement pour rejoindre une galerie&nbsp;basse, inconfortable et humide, qui conduit au siphon terminal.<\/p>\n\n\n\n<figure class=\"wp-block-image\"><img decoding=\"async\" src=\"http:\/\/www.reveeveille.net\/photos\/2013\/0806_aven_de_montgros\/20130806_aven_de_montgros_01.jpg\" alt=\"\"\/><figcaption>On se pr\u00e9pare \u00e0 descendre dans le puits principal<\/figcaption><\/figure>\n\n\n\n<p>C&rsquo;est l\u00e0 qu&rsquo;en 1982 et 1983, ont \u00e9t\u00e9 r\u00e9alis\u00e9s des \u00ab\u00a0tra\u00e7ages\u00a0\u00bb hydrog\u00e9ologiques (mesures permettant de conna\u00eetre la destination des eaux souterraines) qui ont permis d&rsquo;\u00e9claircir un aspect passionnant de ce lieu : l&rsquo;aven de Montgros est la pi\u00e8ce centrale de l&rsquo;\u00e9trange \u00ab\u00a0diffluence\u00a0\u00bb qui&nbsp;s\u00e9pare les eaux souterraines de la Can : selon les r\u00e9gimes de pluie, les eaux qui p\u00e9n\u00e8trent \u00e0 Montgros ressortent, c\u00f4t\u00e9 M\u00e9diterran\u00e9e (\u00e0 la grotte de <a href=\"https:\/\/www.reveeveille.net\/candelhospitalet\/?p=791\">Tartabisac<\/a>) ou c\u00f4t\u00e9 Atlantique (<a href=\"https:\/\/www.reveeveille.net\/candelhospitalet\/?p=379\">Baume Dolente<\/a>)<\/p>\n\n\n\n<p>A l&rsquo;entr\u00e9e de cette galerie, on peut voir de magnifiques veines de <a href=\"https:\/\/www.reveeveille.net\/candelhospitalet\/?p=2282\">chaille<\/a>, qui apparaissent d&rsquo;une blancheur \u00e9clatante dans les calcaires gris\u00e2tres.<\/p>\n\n\n\n<figure class=\"wp-block-image\"><img decoding=\"async\" src=\"http:\/\/www.reveeveille.net\/photos\/2008\/0414_dans_aven_de_montgros\/20080414_dans_aven_de_montgros_06.jpg\" alt=\"\"\/><\/figure>\n\n\n\n<p>L&rsquo;aven est en perp\u00e9tuelle \u00e9volution : au d\u00e9but des ann\u00e9es 80, des&nbsp;sp\u00e9l\u00e9os signalent qu&rsquo;il s&rsquo;est subitement approfondi de plus 10 m\u00e8tres (sans doute la petite d\u00e9sescalade et la galerie terminale ?) et qu&rsquo;il est rest\u00e9 instable car ce creusement s&rsquo;est effectu\u00e9 au sein d&rsquo;\u00e9boulis et de s\u00e9diments fragiles.<\/p>\n\n\n\n<figure class=\"wp-block-image\"><img decoding=\"async\" src=\"http:\/\/www.reveeveille.net\/photos\/2008\/0414_dans_aven_de_montgros\/20080414_dans_aven_de_montgros_04.jpg\" alt=\"\"\/><figcaption>La derni\u00e8re galerie de l&rsquo;aven de Montgros<\/figcaption><\/figure>\n\n\n\n<p>Tous ces aspects passionnants font de l&rsquo;aven de Montgros un objectif de balade tr\u00e8s pris\u00e9 par la famille lorsque le dimanche apr\u00e8s midi s&rsquo;avance et qu&rsquo;il faut sortir s&rsquo;a\u00e9rer apr\u00e8s le repas.<\/p>\n\n\n\n<figure class=\"wp-block-image\"><img decoding=\"async\" src=\"http:\/\/www.reveeveille.net\/photos\/2008\/0414_dans_aven_de_montgros\/20080414_dans_aven_de_montgros_05.jpg\" alt=\"\"\/><figcaption>Ultime flaque au fond de l&rsquo;aven de Montgros<\/figcaption><\/figure>\n\n\n\n<p>Merci \u00e0 Daniel Andr\u00e9 pour les informations historiques.<\/p>\n\n\n\n<iframe loading=\"lazy\" src=\"https:\/\/www.reveeveille.net\/geoportail\/cartepublique.aspx?idecrit=1326\" width=\"100%\" height=\"400\"><\/iframe>\n","protected":false},"excerpt":{"rendered":"<p>L&rsquo;aven de Montgros est un personnage majeur de la can de l&rsquo;Hospitalet. Pour le d\u00e9couvrir, il faut s&rsquo;aventurer au fond d&rsquo;une belle doline \u00e0 la forme complexe, nich\u00e9e au milieu&hellip; <\/p>\n","protected":false},"author":3,"featured_media":1893,"comment_status":"open","ping_status":"open","sticky":false,"template":"","format":"standard","meta":{"_monsterinsights_skip_tracking":false,"_monsterinsights_sitenote_active":false,"_monsterinsights_sitenote_note":"","_monsterinsights_sitenote_category":0,"footnotes":""},"categories":[2],"tags":[44],"class_list":["post-773","post","type-post","status-publish","format-standard","has-post-thumbnail","hentry","category-grotte","tag-can-de-lhospitalet"],"_links":{"self":[{"href":"https:\/\/www.reveeveille.net\/candelhospitalet\/wp-json\/wp\/v2\/posts\/773","targetHints":{"allow":["GET"]}}],"collection":[{"href":"https:\/\/www.reveeveille.net\/candelhospitalet\/wp-json\/wp\/v2\/posts"}],"about":[{"href":"https:\/\/www.reveeveille.net\/candelhospitalet\/wp-json\/wp\/v2\/types\/post"}],"author":[{"embeddable":true,"href":"https:\/\/www.reveeveille.net\/candelhospitalet\/wp-json\/wp\/v2\/users\/3"}],"replies":[{"embeddable":true,"href":"https:\/\/www.reveeveille.net\/candelhospitalet\/wp-json\/wp\/v2\/comments?post=773"}],"version-history":[{"count":5,"href":"https:\/\/www.reveeveille.net\/candelhospitalet\/wp-json\/wp\/v2\/posts\/773\/revisions"}],"predecessor-version":[{"id":3582,"href":"https:\/\/www.reveeveille.net\/candelhospitalet\/wp-json\/wp\/v2\/posts\/773\/revisions\/3582"}],"wp:featuredmedia":[{"embeddable":true,"href":"https:\/\/www.reveeveille.net\/candelhospitalet\/wp-json\/wp\/v2\/media\/1893"}],"wp:attachment":[{"href":"https:\/\/www.reveeveille.net\/candelhospitalet\/wp-json\/wp\/v2\/media?parent=773"}],"wp:term":[{"taxonomy":"category","embeddable":true,"href":"https:\/\/www.reveeveille.net\/candelhospitalet\/wp-json\/wp\/v2\/categories?post=773"},{"taxonomy":"post_tag","embeddable":true,"href":"https:\/\/www.reveeveille.net\/candelhospitalet\/wp-json\/wp\/v2\/tags?post=773"}],"curies":[{"name":"wp","href":"https:\/\/api.w.org\/{rel}","templated":true}]}}