{"id":767,"date":"2024-01-15T14:27:57","date_gmt":"2024-01-15T14:27:57","guid":{"rendered":"http:\/\/www.reveeveille.net\/cevennevivante\/wordpress\/?p=767"},"modified":"2024-01-15T22:07:19","modified_gmt":"2024-01-15T22:07:19","slug":"la-grotte-de-solperiere","status":"publish","type":"post","link":"https:\/\/www.reveeveille.net\/candelhospitalet\/la-grotte-de-solperiere\/","title":{"rendered":"La grotte de Solp\u00e9ri\u00e8re"},"content":{"rendered":"\n<p>Depuis des ann\u00e9es j&rsquo;entendais parler de la \u00ab\u00a0grotte de Solp\u00e9ri\u00e8re\u00a0\u00bb, mais d&rsquo;une mani\u00e8re floue, faisant appara\u00eetre des informations contradictoires. Selon un ancien de Solp\u00e9ri\u00e8re, elle aurait abrit\u00e9 une source, la source de Solp\u00e9ri\u00e8re. Ils allaient y jouer quand ils \u00e9taient petits. Selon une autre dame, elle se serait effondr\u00e9e et serait depuis cette \u00e9poque entour\u00e9e de barbel\u00e9s. Selon une troisi\u00e8me personne, elle aurait \u00e9t\u00e9 accessible par une piste partant de la route, \u00e0 quelques centaines de m\u00e8tres de l&#8217;embranchement de la petite route&#8230; Dans tous les cas, elle se situait \u00e0 l&rsquo;applomb du village (h\u00e9las, il y a 2 hameaux, ce qui ne facilite pas la pr\u00e9cision du rep\u00e9rage) et \u00ab\u00a0pas loin\u00a0\u00bb (c&rsquo;est \u00e0 dire, entre 0 m\u00e8tres et l&rsquo;infini, selon les personnes). M\u00e9thodiquement, j&rsquo;exploitais chacune de ces informations pour lancer de r\u00e9guli\u00e8res campagnes de prospection qui se soldaient toutes par des \u00e9checs. Pas de piste. Pas de barbel\u00e9s. Pas de source. Pas d&rsquo;effondrement notoire&#8230; Pas de grotte de Solp\u00e9ri\u00e8re.<br><br>Je m&rsquo;interrogeai longuement sur le sens que pouvait avoir cette m\u00e9saventure. Mes informateurs avaient-ils repris \u00e0 leur compte une simple l\u00e9gende locale, comme il en existe partout, et imagin\u00e9 le reste ? Y avait-il un fonds de v\u00e9rit\u00e9 ? Peut-\u00eatre un minuscule trou grandi par une imagination de jeunesse, et depuis longtemps rebouch\u00e9 ?<br><br>J&rsquo;avais depuis longtemps cess\u00e9 toute recherche, d\u00e9courag\u00e9, lorsqu&rsquo;un soir d&rsquo;automne, \u00e0 la tomb\u00e9e du jour, passant par l\u00e0 pour autre chose, je d\u00e9cidais de jeter un dernier coup d&rsquo;oeil, rien que pour la gloire. A l&rsquo;inverse des autres fois, j&rsquo;ai oubli\u00e9 toutes les infos que j&rsquo;avais collect\u00e9es, et je suis parti \u00e0 l&rsquo;instinct, au plus proche de la route et du village, vers une microscopique falaise bien effrit\u00e9e et embroussaill\u00e9e \u00e0 quelques m\u00e8tres \u00e0 peine de la route. \u00c9videmment, la grotte \u00e9tait l\u00e0.<\/p>\n\n\n\n<figure class=\"wp-block-image\"><img decoding=\"async\" src=\"http:\/\/www.reveeveille.net\/photos\/2023\/0610_can_broussous\/20230610_can_broussous_05.jpg\" alt=\"\"\/><\/figure>\n\n\n\n<p>Certes, pas une source, certes pas un palace, mais une r\u00e9elle galerie, effectivement presque referm\u00e9e par la chute, des ann\u00e9es durant, de d\u00e9bris rocheux et petite taille amoncel\u00e9s en un bourrelet devant l&rsquo;entr\u00e9e.<\/p>\n\n\n\n<figure class=\"wp-block-image\"><img decoding=\"async\" src=\"http:\/\/www.reveeveille.net\/photos\/2010\/0418_baume_dolente_claire_et_julien_sandra_et_pierre\/20100418_baume_dolente_claire_et_julien_sandra_et_pierre_15.jpg\" alt=\"\"\/><\/figure>\n\n\n\n<p>Ce f\u00fbt un grand plaisir pour moi de red\u00e9couvrir ce lieu sans doute autrefois connu et fr\u00e9quent\u00e9 par les enfants du hameau, avant qu&rsquo;il ne sombre d\u00e9finitivement dans l&rsquo;oubli, ce qui n&rsquo;aurait pas manqu\u00e9 d&rsquo;arriver en quelques ann\u00e9es au vu de l&rsquo;\u00e9tat de l&rsquo;entr\u00e9e. Alors je me suis gliss\u00e9 dedans.<\/p>\n\n\n<div class=\"wp-block-image\">\n<figure class=\"aligncenter\"><img decoding=\"async\" src=\"http:\/\/www.reveeveille.net\/photos\/2010\/0418_baume_dolente_claire_et_julien_sandra_et_pierre\/20100418_baume_dolente_claire_et_julien_sandra_et_pierre_16.jpg\" alt=\"\"\/><figcaption class=\"wp-element-caption\">Derri\u00e8re l&rsquo;entr\u00e9e, une petite salle et une galerie bien s\u00e8ches<\/figcaption><\/figure>\n<\/div>\n\n\n<p>Les premiers m\u00e8tres&nbsp;sont constitu\u00e9s par une petite poche qui permet de se tenir (serr\u00e9s) \u00e0 2 ou 3 personnes, avec un sol en poudre d&rsquo;argile et de calcaire parfaitement s\u00e8che. Une galerie plus \u00e9troite part vers l&rsquo;est. L&rsquo;argile y devient plus humide. Au bout d&rsquo;une quinzaine de m\u00e8tres, la galerie s&rsquo;amenuise progressivement puis devient trop \u00e9troite pour continuer \u00e0 progresser, mais l&rsquo;histoire de cette petite cavit\u00e9 ne s&rsquo;arr\u00eate pas forc\u00e9ment l\u00e0 car plusieurs d\u00e9zob pourraient \u00eatre int\u00e9ressantes \u00e0 mener : l&rsquo;une au fonds de la galerie, qui fait un coude et semble s&rsquo;\u00e9largir \u00e0 nouveau, et l&rsquo;autre plus proche de la poche d&rsquo;entr\u00e9e, pr\u00e8s de la quelle un effondrement du sol laisse entrevoir une ramification vers le bas.<\/p>\n\n\n<div class=\"wp-block-image\">\n<figure class=\"aligncenter\"><img decoding=\"async\" src=\"http:\/\/www.reveeveille.net\/photos\/2010\/0418_baume_dolente_claire_et_julien_sandra_et_pierre\/20100418_baume_dolente_claire_et_julien_sandra_et_pierre_14.jpg\" alt=\"\"\/><figcaption class=\"wp-element-caption\">La galerie et le front de d\u00e9zob en juin 2010<\/figcaption><\/figure>\n<\/div>\n\n<div class=\"wp-block-image\">\n<figure class=\"aligncenter\"><img decoding=\"async\" src=\"http:\/\/www.reveeveille.net\/photos\/2023\/0610_can_broussous\/20230610_can_broussous_06.jpg\" alt=\"\"\/><figcaption class=\"wp-element-caption\">Traces de fouille<\/figcaption><\/figure>\n<\/div>\n\n\n<p>Elle pourrait mener vers une seconde entr\u00e9e, visible quelques m\u00e8tres plus bas au pied de la falaise mais \u00e0 ce jour trop colmat\u00e9e pour pouvoir \u00eatre p\u00e9n\u00e9trable.<\/p>\n\n\n\n<figure class=\"wp-block-image\"><img decoding=\"async\" src=\"http:\/\/www.reveeveille.net\/photos\/2010\/0418_baume_dolente_claire_et_julien_sandra_et_pierre\/20100418_baume_dolente_claire_et_julien_sandra_et_pierre_12.jpg\" alt=\"\"\/><figcaption class=\"wp-element-caption\">Visible au travers des branches, l&rsquo;entr\u00e9e inf\u00e9rieure<\/figcaption><\/figure>\n\n\n\n<figure class=\"wp-block-image\"><img decoding=\"async\" src=\"http:\/\/www.reveeveille.net\/photos\/2023\/0610_can_broussous\/20230610_can_broussous_08.jpg\" alt=\"\"\/><\/figure>\n\n\n\n<p>En avril 2010, sous la direction d\u00e9cid\u00e9e de Guillaume du TNT (sp\u00e9l\u00e9o-club local), plusieurs enfants des environ ont engag\u00e9 un travail de d\u00e9zob de la galerie sup\u00e9rieure pour voir o\u00f9 tout \u00e7a peut mener. Ces travaux ont rendu la progression plus facile,&nbsp;sans allonger la partie p\u00e9n\u00e9trable. Avis aux amateurs.<\/p>\n\n\n<div class=\"wp-block-image\">\n<figure class=\"aligncenter\"><img decoding=\"async\" src=\"http:\/\/www.reveeveille.net\/photos\/2023\/0610_can_broussous\/20230610_can_broussous_03.jpg\" alt=\"\"\/><figcaption class=\"wp-element-caption\">Entr\u00e9e inf\u00e9rieure de la grotte de Solp\u00e9ri\u00e8re<\/figcaption><\/figure>\n<\/div>\n\n\n<iframe loading=\"lazy\" src=\"https:\/\/www.reveeveille.net\/geoportail\/cartepublique.aspx?idecrit=1325\" width=\"100%\" height=\"400\"><\/iframe>\n","protected":false},"excerpt":{"rendered":"<p>Depuis des ann\u00e9es j&rsquo;entendais parler de la \u00ab\u00a0grotte de Solp\u00e9ri\u00e8re\u00a0\u00bb, mais d&rsquo;une mani\u00e8re floue, faisant appara\u00eetre des informations contradictoires. Selon un ancien de Solp\u00e9ri\u00e8re, elle aurait abrit\u00e9 une source, la&hellip; <\/p>\n","protected":false},"author":3,"featured_media":1977,"comment_status":"open","ping_status":"open","sticky":false,"template":"","format":"standard","meta":{"_monsterinsights_skip_tracking":false,"_monsterinsights_sitenote_active":false,"_monsterinsights_sitenote_note":"","_monsterinsights_sitenote_category":0,"footnotes":""},"categories":[79],"tags":[55],"class_list":["post-767","post","type-post","status-publish","format-standard","has-post-thumbnail","hentry","category-prospection-speleo","tag-fau-florit"],"_links":{"self":[{"href":"https:\/\/www.reveeveille.net\/candelhospitalet\/wp-json\/wp\/v2\/posts\/767","targetHints":{"allow":["GET"]}}],"collection":[{"href":"https:\/\/www.reveeveille.net\/candelhospitalet\/wp-json\/wp\/v2\/posts"}],"about":[{"href":"https:\/\/www.reveeveille.net\/candelhospitalet\/wp-json\/wp\/v2\/types\/post"}],"author":[{"embeddable":true,"href":"https:\/\/www.reveeveille.net\/candelhospitalet\/wp-json\/wp\/v2\/users\/3"}],"replies":[{"embeddable":true,"href":"https:\/\/www.reveeveille.net\/candelhospitalet\/wp-json\/wp\/v2\/comments?post=767"}],"version-history":[{"count":4,"href":"https:\/\/www.reveeveille.net\/candelhospitalet\/wp-json\/wp\/v2\/posts\/767\/revisions"}],"predecessor-version":[{"id":4056,"href":"https:\/\/www.reveeveille.net\/candelhospitalet\/wp-json\/wp\/v2\/posts\/767\/revisions\/4056"}],"wp:featuredmedia":[{"embeddable":true,"href":"https:\/\/www.reveeveille.net\/candelhospitalet\/wp-json\/wp\/v2\/media\/1977"}],"wp:attachment":[{"href":"https:\/\/www.reveeveille.net\/candelhospitalet\/wp-json\/wp\/v2\/media?parent=767"}],"wp:term":[{"taxonomy":"category","embeddable":true,"href":"https:\/\/www.reveeveille.net\/candelhospitalet\/wp-json\/wp\/v2\/categories?post=767"},{"taxonomy":"post_tag","embeddable":true,"href":"https:\/\/www.reveeveille.net\/candelhospitalet\/wp-json\/wp\/v2\/tags?post=767"}],"curies":[{"name":"wp","href":"https:\/\/api.w.org\/{rel}","templated":true}]}}