{"id":750,"date":"2022-10-02T15:50:53","date_gmt":"2022-10-02T15:50:53","guid":{"rendered":"http:\/\/www.reveeveille.net\/cevennevivante\/wordpress\/?p=750"},"modified":"2022-10-02T15:50:54","modified_gmt":"2022-10-02T15:50:54","slug":"le-pseudoppidum-de-ventajols","status":"publish","type":"post","link":"https:\/\/www.reveeveille.net\/candelhospitalet\/le-pseudoppidum-de-ventajols\/","title":{"rendered":"Le pseudoppidum de Ventajols"},"content":{"rendered":"\n<p>Au point c\u00f4t\u00e9 972, non loin de la cr\u00eate qui monte de Ventajols, la <a href=\"https:\/\/www.reveeveille.net\/candelhospitalet\/?p=1695\">can de Balazu\u00e8gnes<\/a> se termine par une petite excroissance parfaitement plane, sur laquelle il est cens\u00e9 y avoir eu un oppidum gallo romain. L&rsquo;information se transmet oralement de garde du Parc National en agriculteur, d&rsquo;agriculteur en promeneur, sans que son origine soit clairement identifi\u00e9e ni, \u00e0 ma connaissance, qu&rsquo;aucun sp\u00e9cialiste n&rsquo;ait jamais attest\u00e9 ce qui n&rsquo;est donc qu&rsquo;une hypoth\u00e8se&#8230; m\u00eame si certains y croient dur comme (l&rsquo;\u00e2ge du) fer !<\/p>\n\n\n\n<p>Les oppida situ\u00e9s sur ce type de site, en extr\u00e9mit\u00e9 de plateau, s&rsquo;appellent des<a href=\"https:\/\/www.reveeveille.net\/candelhospitalet\/?p=2264\"> cap-barr\u00e9s<\/a>. Ils sont nombreux sur le causse M\u00e9jean, et il y en a au moins un attest\u00e9 sur la can, le <a href=\"https:\/\/www.reveeveille.net\/candelhospitalet\/?p=707\">cap-barr\u00e9 du Causset<\/a>.<\/p>\n\n\n\n<p>Par certains aspects, le site semble appropri\u00e9 : situation surplombante, vue magnifique, espace pratique pour construire&#8230; Mais d&rsquo;autres aspects contredisent cette hypoth\u00e8se. A ma connaissance, la source la plus proche est situ\u00e9e cent cinquante m\u00e8tre de d\u00e9nivel\u00e9e plus bas, ce qui n&rsquo;est pas un inconv\u00e9nient mineur&#8230; Par ailleurs, la petite falaise qui entoure le plateau ne fait que quelques m\u00e8tres de haut, et elle est entrecoup\u00e9e de nombreux couloirs herbeux qui permettent de la franchir facilement. A vrai dire, elle ne m\u00e9rite pas l&rsquo;appellation de falaise ! Il suffit d&rsquo;aller jeter un \u0153il aux cap-barr\u00e9s av\u00e9r\u00e9s dans les environs, par exemple le cap barr\u00e9 du Causset, pour comprendre : ils sont bord\u00e9s d&rsquo;une falaise d&rsquo;au moins 10 m\u00e8tres de haut, totalement verticale et continue !<\/p>\n\n\n\n<p>Enfin, dernier d\u00e9tail qui tue : le principe m\u00eame du cap barr\u00e9 est d&rsquo;\u00eatre&#8230; barr\u00e9, justement, par un mur robuste, qui fait entre 2 et 4 m\u00e8tres de large. M\u00eame \u00e9croul\u00e9e depuis longtemps, une telle construction laisse des traces dans le paysage, quelque chose qui ressemble \u00e0 un \u00e9norme clapas lin\u00e9aire, ou au moins un talus. Rien de tel ici.<\/p>\n\n\n\n<p>Sans l&rsquo;affirmer bien s\u00fbr car il faudrait avoir des \u00e9l\u00e9ments plus pr\u00e9cis, ma conviction est qu&rsquo;il n&rsquo;y a jamais eu de cap barr\u00e9 ici&#8230; juste des envies de cap barr\u00e9. Mais que cela ne vous emp\u00eache pas d&rsquo;aller y balader, car le site est vraiment magnifique ! Et puisque vous venus, passez voir l&rsquo;<a href=\"https:\/\/www.reveeveille.net\/candelhospitalet\/?p=723\">aven de Ventajols<\/a> qui se trouve l\u00e0 !<\/p>\n\n\n\n<iframe loading=\"lazy\" src=\"https:\/\/www.reveeveille.net\/geoportail\/cartepublique.aspx?idecrit=317\" width=\"100%\" height=\"400\"><\/iframe>\n","protected":false},"excerpt":{"rendered":"<p>Au point c\u00f4t\u00e9 972, non loin de la cr\u00eate qui monte de Ventajols, la can de Balazu\u00e8gnes se termine par une petite excroissance parfaitement plane, sur laquelle il est cens\u00e9&hellip; <\/p>\n","protected":false},"author":3,"featured_media":1956,"comment_status":"open","ping_status":"open","sticky":false,"template":"","format":"standard","meta":{"_monsterinsights_skip_tracking":false,"_monsterinsights_sitenote_active":false,"_monsterinsights_sitenote_note":"","_monsterinsights_sitenote_category":0,"footnotes":""},"categories":[87,108],"tags":[47],"class_list":["post-750","post","type-post","status-publish","format-standard","has-post-thumbnail","hentry","category-age-du-fer","category-fortification","tag-can-de-ventajols"],"_links":{"self":[{"href":"https:\/\/www.reveeveille.net\/candelhospitalet\/wp-json\/wp\/v2\/posts\/750","targetHints":{"allow":["GET"]}}],"collection":[{"href":"https:\/\/www.reveeveille.net\/candelhospitalet\/wp-json\/wp\/v2\/posts"}],"about":[{"href":"https:\/\/www.reveeveille.net\/candelhospitalet\/wp-json\/wp\/v2\/types\/post"}],"author":[{"embeddable":true,"href":"https:\/\/www.reveeveille.net\/candelhospitalet\/wp-json\/wp\/v2\/users\/3"}],"replies":[{"embeddable":true,"href":"https:\/\/www.reveeveille.net\/candelhospitalet\/wp-json\/wp\/v2\/comments?post=750"}],"version-history":[{"count":4,"href":"https:\/\/www.reveeveille.net\/candelhospitalet\/wp-json\/wp\/v2\/posts\/750\/revisions"}],"predecessor-version":[{"id":3890,"href":"https:\/\/www.reveeveille.net\/candelhospitalet\/wp-json\/wp\/v2\/posts\/750\/revisions\/3890"}],"wp:featuredmedia":[{"embeddable":true,"href":"https:\/\/www.reveeveille.net\/candelhospitalet\/wp-json\/wp\/v2\/media\/1956"}],"wp:attachment":[{"href":"https:\/\/www.reveeveille.net\/candelhospitalet\/wp-json\/wp\/v2\/media?parent=750"}],"wp:term":[{"taxonomy":"category","embeddable":true,"href":"https:\/\/www.reveeveille.net\/candelhospitalet\/wp-json\/wp\/v2\/categories?post=750"},{"taxonomy":"post_tag","embeddable":true,"href":"https:\/\/www.reveeveille.net\/candelhospitalet\/wp-json\/wp\/v2\/tags?post=750"}],"curies":[{"name":"wp","href":"https:\/\/api.w.org\/{rel}","templated":true}]}}