{"id":723,"date":"2022-10-02T16:38:17","date_gmt":"2022-10-02T16:38:17","guid":{"rendered":"http:\/\/www.reveeveille.net\/cevennevivante\/wordpress\/?p=723"},"modified":"2022-10-02T16:38:18","modified_gmt":"2022-10-02T16:38:18","slug":"laven-de-ventajols","status":"publish","type":"post","link":"https:\/\/www.reveeveille.net\/candelhospitalet\/laven-de-ventajols\/","title":{"rendered":"L&rsquo;aven de Ventajols"},"content":{"rendered":"\n<p>L&rsquo;aven de Ventajols est situ\u00e9 sur le rebord occidental de la can de Balazu\u00e8gnes, non loin du point c\u00f4t\u00e9 972. De l\u00e0, on a une magnifique vue sur la can de Tardonnenche.<\/p>\n\n\n\n<figure class=\"wp-block-image\"><img decoding=\"async\" src=\"http:\/\/www.reveeveille.net\/photos\/2007\/0428_aven_ventajols\/20070428_aven_ventajols_paysage.jpg\" alt=\"\"\/><figcaption>Vue sur la can de Tardonnenche depuis l&rsquo;entr\u00e9e de l&rsquo;aven de Ventajols<\/figcaption><\/figure>\n\n\n\n<p>L&rsquo;entr\u00e9e se fait discr\u00e8te car l&rsquo;agriculteur du lieu, sans doute pour prot\u00e9ger ses moutons, a pris la peine de la boucher sommairement sous quelques dalles de calcaire, soutenues par des traverses de vieux ch\u00e2taignier. Il est facile de passer \u00e0 deux m\u00e8tres sans diff\u00e9rencier ce modeste amas de pierres des nombreux petits clapas qui l&rsquo;entourent.<br>C&rsquo;est pourtant bien de l\u00e0 que part un petit conduit vertical, facile \u00e0 descendre sans \u00e9quipement. Quelques m\u00e8tres plus bas, on prend pied sur.un clapas, \u00e0 n&rsquo;en pas douter. Un c\u00f4ne d\u00a0\u00bb\u00e9boulis constitu\u00e9 de milliers de pierres jet\u00e9es au travers de l&rsquo;ouverture par des g\u00e9n\u00e9rations de paysans qui ont trouv\u00e9 cette solution simple pour lib\u00e9rer leurs terres de la pierre sans encombrer les surfaces de clapas. Je parie sur le fait que fouiller ce tas de cailloux apporterait son lot de surprises arch\u00e9ologiques\u2026 mais il y a du travail !<\/p>\n\n\n\n<figure class=\"wp-block-image\"><img decoding=\"async\" src=\"http:\/\/www.reveeveille.net\/photos\/2007\/0428_aven_ventajols\/20070428_aven_ventajols_draperies.jpg\" alt=\"\"\/><figcaption>Une petite draperie dans le couloir principal<\/figcaption><\/figure>\n\n\n\n<p>De part et d&rsquo;autre du c\u00f4ne d&rsquo;\u00e9boulis se d\u00e9ploie un couloir facilement praticable. Les formes d&rsquo;\u00e9rosion font naturellement penser \u00e0 un conduit de rivi\u00e8re souterraine maintenant ass\u00e9ch\u00e9e.<br>C&rsquo;est une vraie surprise de d\u00e9couvrir que cette minuscule galerie est un petit \u00e9crin de belles choses. On y trouve des draperies\u2026<\/p>\n\n\n\n<figure class=\"wp-block-image\"><img decoding=\"async\" src=\"http:\/\/www.reveeveille.net\/photos\/2008\/0927_traversee_can_ferriere\/20080927_traversee_can_ferriere_10.jpg\" alt=\"\"\/><figcaption>Des minuscules stalactites blanches\u2026<\/figcaption><\/figure>\n\n\n\n<p><\/p>\n\n\n\n<figure class=\"wp-block-image\"><img decoding=\"async\" src=\"http:\/\/www.reveeveille.net\/photos\/2007\/0428_aven_ventajols\/20070428_aven_ventajols_stalagmite_arrondi.jpg\" alt=\"\"\/><figcaption>Un stalagmite arrondi et massif, h\u00e9riss\u00e9 de minuscules excroissances\u2026<\/figcaption><\/figure>\n\n\n\n<figure class=\"wp-block-image\"><img decoding=\"async\" src=\"http:\/\/www.reveeveille.net\/photos\/2007\/0428_aven_ventajols\/20070428_aven_ventajols_pierres_sur_entree.jpg\" alt=\"\"\/><figcaption>L&rsquo;entr\u00e9e, pas facile \u00e0 trouver !<\/figcaption><\/figure>\n\n\n\n<figure class=\"wp-block-image\"><img decoding=\"async\" src=\"http:\/\/www.reveeveille.net\/photos\/2007\/0428_aven_ventajols\/20070428_aven_ventajols_colonne.jpg\" alt=\"\"\/><\/figure>\n\n\n\n<figure class=\"wp-block-image\"><img decoding=\"async\" src=\"http:\/\/www.reveeveille.net\/photos\/2007\/0428_aven_ventajols\/20070428_aven_ventajols_couloir.jpg\" alt=\"\"\/><figcaption>Le couloir principal<\/figcaption><\/figure>\n\n\n\n<iframe loading=\"lazy\" src=\"https:\/\/www.reveeveille.net\/geoportail\/cartepublique.aspx?idecrit=3\" width=\"100%\" height=\"400\"><\/iframe>\n","protected":false},"excerpt":{"rendered":"<p>L&rsquo;aven de Ventajols est situ\u00e9 sur le rebord occidental de la can de Balazu\u00e8gnes, non loin du point c\u00f4t\u00e9 972. De l\u00e0, on a une magnifique vue sur la can&hellip; <\/p>\n","protected":false},"author":3,"featured_media":1957,"comment_status":"open","ping_status":"open","sticky":false,"template":"","format":"standard","meta":{"_monsterinsights_skip_tracking":false,"_monsterinsights_sitenote_active":false,"_monsterinsights_sitenote_note":"","_monsterinsights_sitenote_category":0,"footnotes":""},"categories":[2],"tags":[84],"class_list":["post-723","post","type-post","status-publish","format-standard","has-post-thumbnail","hentry","category-grotte","tag-can-de-balazuegnes"],"_links":{"self":[{"href":"https:\/\/www.reveeveille.net\/candelhospitalet\/wp-json\/wp\/v2\/posts\/723","targetHints":{"allow":["GET"]}}],"collection":[{"href":"https:\/\/www.reveeveille.net\/candelhospitalet\/wp-json\/wp\/v2\/posts"}],"about":[{"href":"https:\/\/www.reveeveille.net\/candelhospitalet\/wp-json\/wp\/v2\/types\/post"}],"author":[{"embeddable":true,"href":"https:\/\/www.reveeveille.net\/candelhospitalet\/wp-json\/wp\/v2\/users\/3"}],"replies":[{"embeddable":true,"href":"https:\/\/www.reveeveille.net\/candelhospitalet\/wp-json\/wp\/v2\/comments?post=723"}],"version-history":[{"count":2,"href":"https:\/\/www.reveeveille.net\/candelhospitalet\/wp-json\/wp\/v2\/posts\/723\/revisions"}],"predecessor-version":[{"id":3573,"href":"https:\/\/www.reveeveille.net\/candelhospitalet\/wp-json\/wp\/v2\/posts\/723\/revisions\/3573"}],"wp:featuredmedia":[{"embeddable":true,"href":"https:\/\/www.reveeveille.net\/candelhospitalet\/wp-json\/wp\/v2\/media\/1957"}],"wp:attachment":[{"href":"https:\/\/www.reveeveille.net\/candelhospitalet\/wp-json\/wp\/v2\/media?parent=723"}],"wp:term":[{"taxonomy":"category","embeddable":true,"href":"https:\/\/www.reveeveille.net\/candelhospitalet\/wp-json\/wp\/v2\/categories?post=723"},{"taxonomy":"post_tag","embeddable":true,"href":"https:\/\/www.reveeveille.net\/candelhospitalet\/wp-json\/wp\/v2\/tags?post=723"}],"curies":[{"name":"wp","href":"https:\/\/api.w.org\/{rel}","templated":true}]}}