{"id":707,"date":"2022-08-31T15:14:55","date_gmt":"2022-08-31T15:14:55","guid":{"rendered":"http:\/\/www.reveeveille.net\/cevennevivante\/wordpress\/?p=707"},"modified":"2022-08-31T15:28:52","modified_gmt":"2022-08-31T15:28:52","slug":"le-cap-barre-du-causset","status":"publish","type":"post","link":"https:\/\/www.reveeveille.net\/candelhospitalet\/le-cap-barre-du-causset\/","title":{"rendered":"Le cap barr\u00e9 du Causset"},"content":{"rendered":"\n<p>La pointe sud du lieu-dit \u00ab\u00a0<a href=\"https:\/\/www.reveeveille.net\/candelhospitalet\/?p=2223\">Le Causset<\/a>\u00a0\u00bb est extr\u00eamement effil\u00e9e. Deux falaises d&rsquo;une dizaine de m\u00e8tres de haut enserrent une bande de terrain qui va en se r\u00e9tr\u00e9cissant. Comme en de nombreux points des bordures des grands causses, ce site naturellement bien prot\u00e9g\u00e9 des agressions a \u00e9t\u00e9 utilis\u00e9 pour \u00e9tablir un camp retranch\u00e9, que l&rsquo;on nomme \u00ab\u00a0<a href=\"https:\/\/www.reveeveille.net\/candelhospitalet\/?p=2264\">cap barr\u00e9<\/a>\u00ab\u00a0. Les deux falaises assurant la s\u00e9curit\u00e9 vers le sud, l&rsquo;est et l&rsquo;ouest, une muraille a \u00e9t\u00e9 \u00e9lev\u00e9e au nord pour clore l&rsquo;ensemble.<\/p>\n\n\n\n<p>Bien visible dans le paysage et du ciel, elle est cependant tr\u00e8s d\u00e9grad\u00e9e aujourd&rsquo;hui. Pour le passant inattentif (comme je l&rsquo;ai \u00e9t\u00e9 moi-m\u00eame pendant des ann\u00e9es), elle ressemble \u00e0 un immense clapas qui court d&rsquo;une falaise \u00e0 l&rsquo;autre, sur environ 200 m\u00e8tres de longueur pour 5 \u00e0 6 m\u00e8tres de largeur et 1 \u00e0 2 m\u00e8tres de hauteur.<\/p>\n\n\n\n<p>La muraille d&rsquo;origine n&rsquo;avait \u00e9videmment pas cet aspect l\u00e0. Elle \u00e9tait construite en double double parement, dont on peut&nbsp;encore apercevoir certaines sections, et mesurait environ 2 m\u00e8tres de largeur. Sa hauteur d&rsquo;origine est plus difficile \u00e0 estimer, sans doute entre 3 et 4 m\u00e8tres. Une observation attentive permet d&rsquo;y voir les restes d&rsquo;une amorce d&rsquo;escalier, ainsi que des portions de parements perpendiculaires \u00e0 la muraille, ce qui semble signifier la pr\u00e9sence d&rsquo;une porte. <a href=\"https:\/\/www.reveeveille.net\/candelhospitalet\/?p=544\">Camille Hugues<\/a> a estim\u00e9 que cette muraille datait de l&rsquo;\u00e2ge du fer, probablement vers -500.<\/p>\n\n\n\n<p>En deux endroits, la muraille est \u00ab\u00a0creus\u00e9e\u00a0\u00bb d&rsquo;une sorte de crat\u00e8re de quelques m\u00e8tres de larges, au fond duquel des arbres ont pouss\u00e9. Ces formes sont-elles d&rsquo;\u00e9poque, ou ont elles \u00e9t\u00e9 m\u00e9nag\u00e9es plus tard, par exemple par des chasseurs pour se constituer un aff\u00fbt ?<\/p>\n\n\n\n<figure class=\"wp-block-image\"><img decoding=\"async\" src=\"http:\/\/www.reveeveille.net\/photos\/2006\/0611_puech_vendut\/20060611_puech_vendut_mur_causset_4.jpg\" alt=\"\"\/><figcaption>Une excavation circulaire dans le mur<\/figcaption><\/figure>\n\n\n\n<p>Classiquement, les habitats des caps barr\u00e9s \u00e9taient adoss\u00e9s \u00e0 la muraille pour limiter d&rsquo;autant le travail de construction. Actuellement, aucun vestige humain n&rsquo;est visible sur le site. Peut-\u00eatre les \u00e9boulements de la muraille ont-ils partiellement recouvert des habitats ?<\/p>\n\n\n\n<p>C\u00f4t\u00e9 falaise, au sud, tout pr\u00e8s de la pointe, une \u00e9chancrure de la falaise laisse place \u00e0 un petit sentier calad\u00e9 (le \u00ab\u00a0passage du renard\u00a0\u00bb) qui permet de relier le cap barr\u00e9 \u00e0 la vall\u00e9e de Bassurels. Etait-il fortifi\u00e9 \u00e0 l&rsquo;\u00e9poque du cap-barr\u00e9 ?<\/p>\n\n\n\n<p>Le cap barr\u00e9 du Causset \u00e9tait sans doute un refuge temporaire. Son \u00e9tablissement a probablement \u00e9t\u00e9 facilit\u00e9 par la pr\u00e9sence \u00e0 proximit\u00e9 de la <a href=\"https:\/\/www.reveeveille.net\/candelhospitalet\/?p=2195\">source des Crottes<\/a>. A noter \u00e9galement la pr\u00e9sence, \u00e0 quelques centaines de m\u00e8tres, de la <a href=\"https:\/\/www.reveeveille.net\/candelhospitalet\/?p=676\">grotte des f\u00e9es<\/a>, qui a servi de s\u00e9pulture \u00e0 la m\u00eame \u00e9poque, et qui pourrait donc faire partie d&rsquo;un m\u00eame ensemble.<\/p>\n\n\n\n<figure class=\"wp-block-image\"><img decoding=\"async\" src=\"http:\/\/www.reveeveille.net\/photos\/2014\/0110_balade_autour_des_crottes\/20140110_balade_autour_des_crottes_02.jpg\" alt=\"\"\/><figcaption>Le \u00ab\u00a0passage du renard\u00a0\u00bb, entre les falaises du Causset<\/figcaption><\/figure>\n\n\n\n<p><\/p>\n\n\n\n<figure class=\"wp-block-image\"><img decoding=\"async\" src=\"http:\/\/www.reveeveille.net\/photos\/2014\/0110_balade_autour_des_crottes\/20140110_balade_autour_des_crottes_01.jpg\" alt=\"\"\/><figcaption>D\u00e9tail du caladage du passage du renard<\/figcaption><\/figure>\n\n\n\n<iframe loading=\"lazy\" src=\"https:\/\/www.reveeveille.net\/geoportail\/cartepublique.aspx?idecrit=158\" width=\"100%\" height=\"400\"><\/iframe>\n","protected":false},"excerpt":{"rendered":"<p>La pointe sud du lieu-dit \u00ab\u00a0Le Causset\u00a0\u00bb est extr\u00eamement effil\u00e9e. Deux falaises d&rsquo;une dizaine de m\u00e8tres de haut enserrent une bande de terrain qui va en se r\u00e9tr\u00e9cissant. Comme en&hellip; <\/p>\n","protected":false},"author":3,"featured_media":2099,"comment_status":"open","ping_status":"open","sticky":false,"template":"","format":"standard","meta":{"_monsterinsights_skip_tracking":false,"_monsterinsights_sitenote_active":false,"_monsterinsights_sitenote_note":"","_monsterinsights_sitenote_category":0,"footnotes":""},"categories":[108],"tags":[44],"class_list":["post-707","post","type-post","status-publish","format-standard","has-post-thumbnail","hentry","category-fortification","tag-can-de-lhospitalet"],"_links":{"self":[{"href":"https:\/\/www.reveeveille.net\/candelhospitalet\/wp-json\/wp\/v2\/posts\/707","targetHints":{"allow":["GET"]}}],"collection":[{"href":"https:\/\/www.reveeveille.net\/candelhospitalet\/wp-json\/wp\/v2\/posts"}],"about":[{"href":"https:\/\/www.reveeveille.net\/candelhospitalet\/wp-json\/wp\/v2\/types\/post"}],"author":[{"embeddable":true,"href":"https:\/\/www.reveeveille.net\/candelhospitalet\/wp-json\/wp\/v2\/users\/3"}],"replies":[{"embeddable":true,"href":"https:\/\/www.reveeveille.net\/candelhospitalet\/wp-json\/wp\/v2\/comments?post=707"}],"version-history":[{"count":5,"href":"https:\/\/www.reveeveille.net\/candelhospitalet\/wp-json\/wp\/v2\/posts\/707\/revisions"}],"predecessor-version":[{"id":3667,"href":"https:\/\/www.reveeveille.net\/candelhospitalet\/wp-json\/wp\/v2\/posts\/707\/revisions\/3667"}],"wp:featuredmedia":[{"embeddable":true,"href":"https:\/\/www.reveeveille.net\/candelhospitalet\/wp-json\/wp\/v2\/media\/2099"}],"wp:attachment":[{"href":"https:\/\/www.reveeveille.net\/candelhospitalet\/wp-json\/wp\/v2\/media?parent=707"}],"wp:term":[{"taxonomy":"category","embeddable":true,"href":"https:\/\/www.reveeveille.net\/candelhospitalet\/wp-json\/wp\/v2\/categories?post=707"},{"taxonomy":"post_tag","embeddable":true,"href":"https:\/\/www.reveeveille.net\/candelhospitalet\/wp-json\/wp\/v2\/tags?post=707"}],"curies":[{"name":"wp","href":"https:\/\/api.w.org\/{rel}","templated":true}]}}