{"id":690,"date":"2022-08-31T15:09:30","date_gmt":"2022-08-31T15:09:30","guid":{"rendered":"http:\/\/www.reveeveille.net\/cevennevivante\/wordpress\/?p=690"},"modified":"2022-08-31T15:28:11","modified_gmt":"2022-08-31T15:28:11","slug":"la-grotte-de-baumoleiro","status":"publish","type":"post","link":"https:\/\/www.reveeveille.net\/candelhospitalet\/la-grotte-de-baumoleiro\/","title":{"rendered":"La grotte de Baumole\u00efro"},"content":{"rendered":"\n<p>Le valat de Baumole\u00efro est une petite vall\u00e9e qui entaille le rebord de la can, \u00e0 1 km au nord de la ferme de l&rsquo;Hospitalet. Son nom provient d&rsquo;une petite grotte (baouma en occitan) \u00e9galement appel\u00e9e grotte de l&rsquo;Hospitalet. Elle est situ\u00e9e au pied d&rsquo;une barre rocheuse dominant le versant gauche du ravin. Elle n&rsquo;est pas port\u00e9e sur la carte IGN, ce qui est \u00e9tonnant car elle est bien connue depuis toujours.<\/p>\n\n\n\n<figure class=\"wp-block-image\"><img decoding=\"async\" src=\"http:\/\/www.reveeveille.net\/photos\/2006\/0424_le_barret\/20060424_le_barret_vallon_de_baumoleiro.jpg\" alt=\"\"\/><figcaption>Le vallon de Baumole\u00efro, depuis la bordure nord de la can noire. La grotte du m\u00eame nom est situ\u00e9e au sommet du ravin sombre qui traverse la barre rocheuse en son centre.<\/figcaption><\/figure>\n\n\n\n<p>La grotte se pr\u00e9sente sous la forme d&rsquo;un confortable porche d&rsquo;une douzaine de m\u00e8tres de profondeur. Sa section est d&rsquo;environ 4 m\u00e8tres de large sur 3 m\u00e8tres de haut \u00e0 l&rsquo;entr\u00e9e, elle s&rsquo;amenuise progressivement vers le fond. Un dallage de pierres grossi\u00e8rement agenc\u00e9es couvre en partie un sol presque parfaitement horizontal.<\/p>\n\n\n\n<p>Deux courtes galeries se d\u00e9tachent de cet espace principal. La plus petite, \u00e0 gauche, monte sur quelques m\u00e8tres en se r\u00e9tr\u00e9cissant et s&rsquo;interrompt rapidement. Celle de droite, un peu plus longue, s&rsquo;\u00e9l\u00e8ve elle aussi au dessus du niveau du porche et se termine sur une \u00e9troiture imp\u00e9n\u00e9trable, \u00e0 travers laquelle on aper\u00e7oit un espace un peu plus large, qui pourrait donner une suite \u00e0 la galerie.<\/p>\n\n\n\n<p>Mais l&rsquo;int\u00e9r\u00eat principal de Baumole\u00efro est avant tout historique, car l&rsquo;Homme la fr\u00e9quente depuis longtemps. Des tessons de poteries et des restes de cuisines trouv\u00e9s sous le dallage attestent d&rsquo;une occupation d\u00e8s le premier \u00e2ge du fer (<a href=\"https:\/\/www.reveeveille.net\/candelhospitalet\/?page_id=2627\">soc<\/a>, p.2). Non loin de la grotte, entre la route de la corniche et le ravin de Baumole\u00efro, \u00e0 la c\u00f4te 1021, ont d&rsquo;ailleurs \u00e9t\u00e9 trouv\u00e9s des d\u00e9chets de d\u00e9bitage de silex sans doute plus anciens encore.<\/p>\n\n\n\n<figure class=\"wp-block-image\"><img decoding=\"async\" src=\"http:\/\/www.reveeveille.net\/photos\/2005\/0506_coin_magique\/20050506_coin_magique_baumoleiro_exterieur.jpg\" alt=\"\"\/><figcaption>L&rsquo;entr\u00e9e<\/figcaption><\/figure>\n\n\n\n<p>Le lieu a peut-\u00eatre \u00e9t\u00e9 utilis\u00e9 comme l\u00e9proserie au moyen-\u00e2ge, comme pourrait en t\u00e9moigner le nom de la grotte. Daniel Andr\u00e9 rapproche en effet Baumole\u00efro d&rsquo;autres cavit\u00e9s de noms similaires (Baume-Layrou dans les gorges du Tr\u00e9vezel, Baume Latrone des gorges du gardon),&nbsp;qui sont connues pour avoir abrit\u00e9 des pestif\u00e9r\u00e9s (ladres en occitan). Baumole\u00efro aurait donc pu avoir cette vocation. La proximit\u00e9 imm\u00e9diate de <a href=\"https:\/\/www.reveeveille.net\/candelhospitalet\/?p=1846\">l&rsquo;Hospitalet<\/a>, au moyen-\u00e2ge centre d&rsquo;accueil de p\u00e8lerins mais aussi peut-\u00eatre&nbsp;de malades, g\u00e9r\u00e9 par l&rsquo;ordre de Malte, apporte un certain cr\u00e9dit \u00e0 cette hypoth\u00e8se. Daniel Andr\u00e9 suppose que le mur encore visible \u00e0 l&rsquo;entr\u00e9e, \u00e9tonnamment bien appareill\u00e9 pour une entr\u00e9e de bergerie,&nbsp;pourrait avoir \u00e9t\u00e9 b\u00e2ti dans ce contexte.<\/p>\n\n\n\n<p>Au d\u00e9but des ann\u00e9es 50, <a href=\"https:\/\/www.reveeveille.net\/candelhospitalet\/camille-hugues\/\" data-type=\"post\" data-id=\"544\">Camille Hugues<\/a>&nbsp;a sommairement fouill\u00e9 la grotte. La petite histoire raconte qu&rsquo;il participait \u00e0 l&rsquo;<a href=\"https:\/\/www.reveeveille.net\/candelhospitalet\/?p=512\">assembl\u00e9e comm\u00e9morative<\/a> annuelle protestante de l&rsquo;Hospitalet tout proche, et qu&rsquo;il aurait d\u00e9cid\u00e9 de faire un petit tour \u00e0 Baumole\u00efro. C&rsquo;est ainsi qu&rsquo;il aurait trouv\u00e9, en fouillant sommairement sous le dallage, le \u00ab\u00a0tr\u00e9sor\u00a0\u00bb de Baumole\u00efro : 94 monnaies f\u00e9odales en argent, parfois r\u00e9unies en piles soud\u00e9es par le vert de gris. Parmi ces pi\u00e8ces figuraient :<\/p>\n\n\n\n<ul class=\"wp-block-list\"><li>86 pi\u00e8ces de Mauguio (ou \u00ab\u00a0Monnaie melgorienne\u00a0\u00bb)<\/li><li>7 pi\u00e8ces des comtes de Toulouse (Raimond VI)<\/li><li>1 pi\u00e8ce d&rsquo;Alphonse II, roi d&rsquo;Aragon, comte de Provence. La pr\u00e9sence, surprenante \u00e0 premi\u00e8re vue, de celle-ci se justifie par l&rsquo;extension en G\u00e9vaudan des domaines de cette famille de souverains espagnols.<\/li><\/ul>\n\n\n\n<figure class=\"wp-block-image\"><img decoding=\"async\" src=\"http:\/\/www.reveeveille.net\/photos\/2005\/0506_coin_magique\/20050506_coin_magique_baumoleiro_interieur.jpg\" alt=\"\"\/><\/figure>\n\n\n\n<p>Ces pi\u00e8ces ont probablement \u00e9t\u00e9 cach\u00e9es dans la grotte vers le d\u00e9but du XIII\u00e8me si\u00e8cle. A l&rsquo;\u00e9poque, comme le fait remarquer Daniel Andr\u00e9, elles repr\u00e9sentaient une&nbsp;somme d&rsquo;argent&nbsp;tr\u00e8s importante pour un simple particulier, ce qui interroge sur l&rsquo;identit\u00e9 et les motivations de la personne qui les a d\u00e9pos\u00e9es \u00e0 cet endroit. L&rsquo;abondance de monnaies melgoriennes sugg\u00e8re qu&rsquo;il s&rsquo;agissait d&rsquo;un&nbsp;Languedocien de la r\u00e9gion de Montpellier. Il devait \u00e9galement \u00eatre familier des environs de l&rsquo;Hospitalet car la grotte est ind\u00e9celable depuis la route. Et s&rsquo;il n&rsquo;est pas revenu chercher son butin, il y a fort \u00e0 parier qu&rsquo;il a d\u00fb lui arriver malheur quelques temps&nbsp;plus tard !<\/p>\n\n\n\n<p>Les pi\u00e8ces&nbsp;sont maintenant conserv\u00e9es au Mus\u00e9e Ignon Fabre de Mende.<\/p>\n\n\n\n<p>Que devient la grotte dans les si\u00e8cles qui suivent ? Il semble peu douteux qu&rsquo;elle ait de tout temps r\u00e9guli\u00e8rement servi de bergerie, ce qui est encore le cas aujourd&rsquo;hui. Mais elle a probablement continu\u00e9 \u00e0 en voir bien d&rsquo;autres. Selon un article de Robert de Joly paru dans la revue du club c\u00e9venol de 1933, Baumole\u00efro est connue pour avoir \u00ab\u00a0probablement \u00e9t\u00e9 habit\u00e9e pendant les guerres de religion\u00a0\u00bb, sans qu&rsquo;aucun document ne vienne \u00e9tayer ou infirmer cette th\u00e8se aujourd&rsquo;hui. La proximit\u00e9 de Baumole\u00efro avec <a href=\"https:\/\/www.reveeveille.net\/candelhospitalet\/?p=1846\">l&rsquo;Hospitalet<\/a>, lieu charg\u00e9 d&rsquo;imaginaire protestant s&rsquo;il en est, a peut-\u00eatre suffi \u00e0 conf\u00e9rer \u00e0 la grotte une histoire qu&rsquo;elle n&rsquo;a pas ? D&rsquo;apr\u00e8s une famille de la r\u00e9gion, ce serait d&rsquo;ailleurs carr\u00e9ment dans Baumole\u00efro qu&rsquo;auraient eu lieu les assembl\u00e9es secr\u00e8tes pendant la p\u00e9riode du d\u00e9sert, et non dans le bois de h\u00eatre situ\u00e9 \u00e0 c\u00f4t\u00e9 de l&rsquo;Hospitalet (<a href=\"https:\/\/www.reveeveille.net\/candelhospitalet\/?page_id=2627\">pet<\/a>, p.82), comme le veut la tradition. Ce dont on est par contre certain, car il l&rsquo;a lui-m\u00eame \u00e9crit dans ses m\u00e9moires, c&rsquo;est que la grotte a accueilli \u00e0 plusieurs reprise le pr\u00e9dicant Jean Roman, qui y a souvent s\u00e9journ\u00e9 entre 1687 et 1699&nbsp;lorsqu&rsquo;il avait besoin de se cacher<\/p>\n\n\n\n<p>La grotte de Baumole\u00efro est \u00e9galement connue par les anciens des environs pour avoir abrit\u00e9 des f\u00e9es qui venaient s&rsquo;y ravitailler et s&rsquo;y cacher. Plus bas dans le vallon de Baumole\u00efro, \u00e0 la limite des communes de V\u00e9bron et du Pompidou, se trouve d&rsquo;ailleurs un \u00ab\u00a0Rocher des f\u00e9es\u00a0\u00bb (je ne l&rsquo;ai personnellement pas trouv\u00e9), pr\u00e9sentant une cavit\u00e9 interpr\u00e9t\u00e9e comme une cachette pour les affaires des f\u00e9es.<\/p>\n\n\n\n<figure class=\"wp-block-image\"><img decoding=\"async\" src=\"http:\/\/www.reveeveille.net\/photos\/2006\/0528_hort_de_dieu\/20060528_hort_de_dieu_rocher_tombe.jpg\" alt=\"\"\/><figcaption>Aux confluents des valats de Baumole\u00efro et de l&rsquo;Hort de Dieu, un gros rocher de calcaire est tomb\u00e9 des falaises lointaines. La l\u00e9gende dit qu&rsquo;il aurait \u00e9t\u00e9 fr\u00e9quent\u00e9 par les f\u00e9es.<\/figcaption><\/figure>\n\n\n\n<iframe loading=\"lazy\" src=\"https:\/\/www.reveeveille.net\/geoportail\/cartepublique.aspx?idecrit=1332\" width=\"100%\" height=\"400\"><\/iframe>\n","protected":false},"excerpt":{"rendered":"<p>Le valat de Baumole\u00efro est une petite vall\u00e9e qui entaille le rebord de la can, \u00e0 1 km au nord de la ferme de l&rsquo;Hospitalet. Son nom provient d&rsquo;une petite&hellip; <\/p>\n","protected":false},"author":3,"featured_media":1892,"comment_status":"open","ping_status":"open","sticky":false,"template":"","format":"standard","meta":{"_monsterinsights_skip_tracking":false,"_monsterinsights_sitenote_active":false,"_monsterinsights_sitenote_note":"","_monsterinsights_sitenote_category":0,"footnotes":""},"categories":[2,6],"tags":[44],"class_list":["post-690","post","type-post","status-publish","format-standard","has-post-thumbnail","hentry","category-grotte","category-histoire","tag-can-de-lhospitalet"],"_links":{"self":[{"href":"https:\/\/www.reveeveille.net\/candelhospitalet\/wp-json\/wp\/v2\/posts\/690","targetHints":{"allow":["GET"]}}],"collection":[{"href":"https:\/\/www.reveeveille.net\/candelhospitalet\/wp-json\/wp\/v2\/posts"}],"about":[{"href":"https:\/\/www.reveeveille.net\/candelhospitalet\/wp-json\/wp\/v2\/types\/post"}],"author":[{"embeddable":true,"href":"https:\/\/www.reveeveille.net\/candelhospitalet\/wp-json\/wp\/v2\/users\/3"}],"replies":[{"embeddable":true,"href":"https:\/\/www.reveeveille.net\/candelhospitalet\/wp-json\/wp\/v2\/comments?post=690"}],"version-history":[{"count":6,"href":"https:\/\/www.reveeveille.net\/candelhospitalet\/wp-json\/wp\/v2\/posts\/690\/revisions"}],"predecessor-version":[{"id":3666,"href":"https:\/\/www.reveeveille.net\/candelhospitalet\/wp-json\/wp\/v2\/posts\/690\/revisions\/3666"}],"wp:featuredmedia":[{"embeddable":true,"href":"https:\/\/www.reveeveille.net\/candelhospitalet\/wp-json\/wp\/v2\/media\/1892"}],"wp:attachment":[{"href":"https:\/\/www.reveeveille.net\/candelhospitalet\/wp-json\/wp\/v2\/media?parent=690"}],"wp:term":[{"taxonomy":"category","embeddable":true,"href":"https:\/\/www.reveeveille.net\/candelhospitalet\/wp-json\/wp\/v2\/categories?post=690"},{"taxonomy":"post_tag","embeddable":true,"href":"https:\/\/www.reveeveille.net\/candelhospitalet\/wp-json\/wp\/v2\/tags?post=690"}],"curies":[{"name":"wp","href":"https:\/\/api.w.org\/{rel}","templated":true}]}}