{"id":676,"date":"2022-10-02T15:59:13","date_gmt":"2022-10-02T15:59:13","guid":{"rendered":"http:\/\/www.reveeveille.net\/cevennevivante\/wordpress\/?p=676"},"modified":"2022-10-02T15:59:16","modified_gmt":"2022-10-02T15:59:16","slug":"la-grotte-des-fees-de-bassurels","status":"publish","type":"post","link":"https:\/\/www.reveeveille.net\/candelhospitalet\/la-grotte-des-fees-de-bassurels\/","title":{"rendered":"La grotte des f\u00e9es de Bassurels"},"content":{"rendered":"\n<p>A son extr\u00e9mit\u00e9 sud, la&nbsp;can de l&rsquo;Hospitalet se termine de mani\u00e8re abrupte au dessus de la vall\u00e9e Borgne.&nbsp;Une longue falaise domine la commune de Bassurels et le hameau de Cripsoules, face aux premi\u00e8res pentes de l&rsquo;Aigoual. C&rsquo;est un site magnifique,&nbsp;dominant et vent\u00e9, plein de beaut\u00e9 et de force, qui porte le nom de <a href=\"https:\/\/www.reveeveille.net\/candelhospitalet\/?p=2232\">Puech Vendut<\/a>. Quelque part&nbsp;au pied de cette falaise, cach\u00e9e par les buis foisonnants,&nbsp;se cache la baume des f\u00e9es, ou grotte des f\u00e9es.<\/p>\n\n\n\n<figure class=\"wp-block-image\"><img decoding=\"async\" src=\"http:\/\/www.reveeveille.net\/photos\/2014\/0110_balade_autour_des_crottes\/20140110_balade_autour_des_crottes_03.jpg\" alt=\"\"\/><figcaption>Les falaises de Puech vendut, depuis le Causset. la grotte des f\u00e9es est au pied de la falaise inf\u00e9rieure<\/figcaption><\/figure>\n\n\n\n<p>D&rsquo;un point de vue sp\u00e9l\u00e9ologique, c&rsquo;est une cavit\u00e9 d&rsquo;int\u00e9r\u00eat relativement modeste. Un premier porche, accessible par deux ouvertures, forme un volume confortable, assez spacieux pour accueillir 6 ou 7 personnes assises ou debout. Une galerie part du fond du porche vers le nord, perpendiculairement \u00e0 la falaise.&nbsp;Apr\u00e8s un court virage, la galerie aboutit dans une petite salle assez haute de plafond (une dizaine de&nbsp;m\u00e8tres). On peut y voir quelques concr\u00e9tions, sous forme de draperies, ce sont les seules.<\/p>\n\n\n\n<figure class=\"wp-block-image\"><img decoding=\"async\" src=\"http:\/\/www.reveeveille.net\/photos\/2007\/0119_grotte_des_fees\/20070119_grotte_des_fees_entree_au_travers_buis.jpg\" alt=\"\"\/><figcaption>L&rsquo;entr\u00e9e de la grotte des f\u00e9es, enfouie sous le buis<\/figcaption><\/figure>\n\n\n\n<p>De cet endroit partent&nbsp;deux \u00e9troites galeries : l&rsquo;une vers&nbsp;le haut, l&rsquo;autre vers le bas.&nbsp;Les deux&nbsp;\u00ab\u00a0queutent\u00a0\u00bb rapidement. Celle du haut laisse entrevoir, apr\u00e8s quelques m\u00e8tres d&rsquo;\u00e9troiture, un \u00e9largissement qui pourrait \u00eatre \u00e0 nouveau praticable. Des traces de forage permettent de comprendre que des sp\u00e9l\u00e9os ont entrepris d&rsquo;\u00e9largir le passage \u00e0 l&rsquo;explosif avant d&rsquo;abandonner le projet. La galerie du bas descend d&rsquo;environ 2 m\u00e8tres, sur 7 \u00e0 8 m\u00e8tres de long, et queute sur une \u00e9troiture. Elle est remplie de cailloux de quelques centim\u00e8tres de diam\u00e8tre dont l&rsquo;homog\u00e9n\u00e9\u00eft\u00e9 fait&nbsp;penser \u00e0 un apport artificiel&#8230; Voil\u00e0 pour la description physique des lieux.&nbsp;Gu\u00e8re de quoi occuper un sp\u00e9l\u00e9ologue&nbsp;plus d&rsquo;un quart d&rsquo;heure.<\/p>\n\n\n\n<figure class=\"wp-block-image\"><img decoding=\"async\" src=\"http:\/\/www.reveeveille.net\/photos\/2007\/0119_grotte_des_fees\/20070119_grotte_des_fees_fouille_antichambre.jpg\" alt=\"\"\/><figcaption>L&rsquo;antichambre de la grotte des f\u00e9es, vue de l&rsquo;entr\u00e9e principale<\/figcaption><\/figure>\n\n\n\n<p>Mais la grotte m\u00e9rite l&rsquo;int\u00e9r\u00eat pour d&rsquo;autres raisons. Elle a \u00e9t\u00e9 officiellement signal\u00e9e pour la premi\u00e8re fois en 1933 par le sp\u00e9l\u00e9ologue Robert de Joly,&nbsp;mais elle a toujours \u00e9t\u00e9 connue et fr\u00e9quent\u00e9e&nbsp;par les&nbsp;habitants des environs.&nbsp;C&rsquo;est dans les ann\u00e9es 50 que quelques enfants des&nbsp;alentours, venus y abriter leurs apr\u00e8s-midi de jeux, trouvent par hasard des ossements qui d\u00e9passent ici et l\u00e0. Ils ram\u00e8nent leurs trouvailles, qui sont comme souvent dans la r\u00e9gion attribu\u00e9es \u00e0 des camisards.&nbsp;Deux jeunes gar\u00e7ons curieux de la r\u00e9gion entendent parler de la chose. Ils fouillent l&rsquo;entr\u00e9e de la grotte, et&nbsp;en extraient d&rsquo;autres ossements dont deux cr\u00e2nes f\u00e9minins&nbsp;(est-ce de cette d\u00e9couverte que date la d\u00e9nomination de \u00ab\u00a0f\u00e9es\u00a0\u00bb donn\u00e9e \u00e0 la grotte ?), ainsi que quelques silex parmi lesquels une belle pointe de fl\u00e8che, et des vases en terre grossi\u00e8re. Ils portent l&rsquo;ensemble de leur d\u00e9couverte \u00e0 la soci\u00e9t\u00e9 des amis des sciences de N\u00eemes. Les ossements,&nbsp;examin\u00e9s par le docteur Ely, d&rsquo;Avignon,&nbsp;ont r\u00e9v\u00e9l\u00e9 un sujet dolichoc\u00e9phale d&rsquo;entre 20 et 30 ans, et un sujet tr\u00e8s brachyc\u00e9phale \u00e2g\u00e9 de 20 ans.&nbsp;L&rsquo;ensemble est dat\u00e9 sans ambigu\u00eft\u00e9 de l&rsquo;\u00e2ge du fer ou un peu avant. La grotte des f\u00e9es est donc&nbsp;une grotte dite \u00ab\u00a0s\u00e9pulcrale\u00a0\u00bb (c&rsquo;est \u00e0 dire ayant servi de s\u00e9pulture)&nbsp;d&rsquo;origine proto ou pr\u00e9historique.&nbsp;Sachant qu&rsquo;\u00e0 quelques centaines de m\u00e8tres au sud-est se trouve le&nbsp;<a href=\"https:\/\/www.reveeveille.net\/candelhospitalet\/?p=707\">cap barr\u00e9<\/a> du Causset, site&nbsp;d&rsquo;habitat&nbsp;datant \u00e9galement de l&rsquo;\u00e2ge du fer, l&rsquo;hypoth\u00e8se arrive naturellement : Enterrait-on ici les morts de l\u00e0-bas ?<\/p>\n\n\n\n<figure class=\"wp-block-image\"><img decoding=\"async\" src=\"http:\/\/www.reveeveille.net\/photos\/2007\/0119_grotte_des_fees\/20070119_grotte_des_fees_sortie_principale.jpg\" alt=\"\"\/><figcaption>La sortie principale de la baume des f\u00e9es. La zone fouill\u00e9e dans laquelle ont \u00e9t\u00e9 trouv\u00e9s les squelettes humains appara\u00eet au premier plan.<\/figcaption><\/figure>\n\n\n\n<p>Trouver la baume des f\u00e9es sans indications est difficile. J&rsquo;ai moi-m\u00eame eu besoin de plusieurs tentatives pour y parvenir, \u00e0 une \u00e9poque o\u00f9, il est vrai,&nbsp;les buis en cachaient encore&nbsp;totalement l&rsquo;entr\u00e9e.&nbsp;Il serait donc&nbsp;inconvenant&nbsp;que vous-m\u00eame la trouviez trop facilement, aussi ne vous en donnerais-je pas les coordonn\u00e9es pr\u00e9cises. Je pr\u00e9f\u00e8re vous proposer un jeu de piste. Voici la r\u00e8gle :&nbsp;rejoignez le&nbsp;point c\u00f4t\u00e9 1050 du Puech Vendut (ouvrez votre carte IGN).&nbsp;Rep\u00e9rez, au fond de la vall\u00e9e, le magnifique \u00ab\u00a0Chateau du Poujol\u00a0\u00bb sur son promontoire. Puis commencez \u00e0 marcher vers l&rsquo;est en suivant le rebord du plateau.&nbsp;Apr\u00e8s quelques dizaines de m\u00e8tres, la modification de perspective va amener un \u00e9paulement&nbsp;de schiste&nbsp;devant le ch\u00e2teau. Lorsque la moiti\u00e9 inf\u00e9rieure droite du&nbsp;b\u00e2timent&nbsp; aura disparu, arr\u00eatez-vous. Vous \u00eates \u00e0 l&rsquo;entr\u00e9e du sentier (peu marqu\u00e9) qui descend \u00e0 la grotte. Un Cairn marque d&rsquo;ailleurs son emplacement.<\/p>\n\n\n\n<div class=\"wp-block-columns is-layout-flex wp-container-core-columns-is-layout-9d6595d7 wp-block-columns-is-layout-flex\">\n<div class=\"wp-block-column is-layout-flow wp-block-column-is-layout-flow\">\n<figure class=\"wp-block-image is-resized\"><img loading=\"lazy\" decoding=\"async\" src=\"http:\/\/www.reveeveille.net\/photos\/2021\/1130_boucle_aux_crottes\/20211130_boucle_aux_crottes_01.jpg\" alt=\"\" width=\"830\" height=\"623\"\/><figcaption>Le cairn (en 2022)<\/figcaption><\/figure>\n<\/div>\n\n\n\n<div class=\"wp-block-column is-layout-flow wp-block-column-is-layout-flow\"><\/div>\n<\/div>\n\n\n\n<p>Il vous faut maintenant descendre d&rsquo;une trentaine de m\u00e8tres de d\u00e9nivel\u00e9, tout droit dans la pente. A deux reprises vous devrez mettre les mains car la pente est parfois raide t traverse de petites barres rocheuses. Cherchez sur la gauche.<\/p>\n\n\n\n<figure class=\"wp-block-image\"><img decoding=\"async\" src=\"http:\/\/www.reveeveille.net\/photos\/2006\/0903_corniches_sud_can\/20060903_corniches_sud_can_grotte_des_fees_draperies.jpg\" alt=\"\"\/><figcaption>Draperies dans la grotte des f\u00e9es<\/figcaption><\/figure>\n\n\n\n<p>Deux petites pr\u00e9cisions pour terminer. Tout d&rsquo;abord,&nbsp;la grotte des f\u00e9es accueille des chauves-souris.&nbsp;Il faut absolument \u00e9viter d&rsquo;y aller en hiver et au d\u00e9but du printemps&#8230; N&rsquo;oubliez pas non plus&nbsp;que vous \u00eates sur les terres des agriculteurs de l&rsquo;exploitation des Crottes. Respect et discr\u00e9tion sont de rigueur.<\/p>\n\n\n\n<p>A noter, \u00e0 proximit\u00e9 imm\u00e9diate de la grotte des f\u00e9es, la pr\u00e9sence d&rsquo;une autre grotte pr\u00e9sentant le m\u00eame genre de topographie. Elle \u00e9tait ferm\u00e9e par un petit \u00e9boulement de terrain, je l&rsquo;ai d\u00e9couverte en 2006. C&rsquo;est la <a href=\"https:\/\/www.reveeveille.net\/candelhospitalet\/?p=747\">grotte des sorci\u00e8res<\/a>.<\/p>\n\n\n\n<iframe loading=\"lazy\" src=\"https:\/\/www.reveeveille.net\/geoportail\/cartepublique.aspx?idecrit=1335\" width=\"100%\" height=\"400\"><\/iframe>\n","protected":false},"excerpt":{"rendered":"<p>A son extr\u00e9mit\u00e9 sud, la&nbsp;can de l&rsquo;Hospitalet se termine de mani\u00e8re abrupte au dessus de la vall\u00e9e Borgne.&nbsp;Une longue falaise domine la commune de Bassurels et le hameau de Cripsoules,&hellip; <\/p>\n","protected":false},"author":3,"featured_media":1948,"comment_status":"open","ping_status":"open","sticky":false,"template":"","format":"standard","meta":{"_monsterinsights_skip_tracking":false,"_monsterinsights_sitenote_active":false,"_monsterinsights_sitenote_note":"","_monsterinsights_sitenote_category":0,"footnotes":""},"categories":[2],"tags":[44],"class_list":["post-676","post","type-post","status-publish","format-standard","has-post-thumbnail","hentry","category-grotte","tag-can-de-lhospitalet"],"_links":{"self":[{"href":"https:\/\/www.reveeveille.net\/candelhospitalet\/wp-json\/wp\/v2\/posts\/676","targetHints":{"allow":["GET"]}}],"collection":[{"href":"https:\/\/www.reveeveille.net\/candelhospitalet\/wp-json\/wp\/v2\/posts"}],"about":[{"href":"https:\/\/www.reveeveille.net\/candelhospitalet\/wp-json\/wp\/v2\/types\/post"}],"author":[{"embeddable":true,"href":"https:\/\/www.reveeveille.net\/candelhospitalet\/wp-json\/wp\/v2\/users\/3"}],"replies":[{"embeddable":true,"href":"https:\/\/www.reveeveille.net\/candelhospitalet\/wp-json\/wp\/v2\/comments?post=676"}],"version-history":[{"count":6,"href":"https:\/\/www.reveeveille.net\/candelhospitalet\/wp-json\/wp\/v2\/posts\/676\/revisions"}],"predecessor-version":[{"id":3680,"href":"https:\/\/www.reveeveille.net\/candelhospitalet\/wp-json\/wp\/v2\/posts\/676\/revisions\/3680"}],"wp:featuredmedia":[{"embeddable":true,"href":"https:\/\/www.reveeveille.net\/candelhospitalet\/wp-json\/wp\/v2\/media\/1948"}],"wp:attachment":[{"href":"https:\/\/www.reveeveille.net\/candelhospitalet\/wp-json\/wp\/v2\/media?parent=676"}],"wp:term":[{"taxonomy":"category","embeddable":true,"href":"https:\/\/www.reveeveille.net\/candelhospitalet\/wp-json\/wp\/v2\/categories?post=676"},{"taxonomy":"post_tag","embeddable":true,"href":"https:\/\/www.reveeveille.net\/candelhospitalet\/wp-json\/wp\/v2\/tags?post=676"}],"curies":[{"name":"wp","href":"https:\/\/api.w.org\/{rel}","templated":true}]}}