{"id":631,"date":"2023-08-17T15:35:29","date_gmt":"2023-08-17T15:35:29","guid":{"rendered":"http:\/\/www.reveeveille.net\/cevennevivante\/wordpress\/?p=631"},"modified":"2023-08-17T15:35:31","modified_gmt":"2023-08-17T15:35:31","slug":"la-baume-de-giral","status":"publish","type":"post","link":"https:\/\/www.reveeveille.net\/candelhospitalet\/la-baume-de-giral\/","title":{"rendered":"La Baume de Giral"},"content":{"rendered":"\n<p>Voici encore un lieu plein de souvenirs, o\u00f9 le r\u00e9el et l&rsquo;imaginaire se c\u00f4toient sans qu&rsquo;il soit toujours possible de faire la part des choses. Port\u00e9e sur les cartes IGN jusque dans les ann\u00e9es 80, la baume de Giral n&rsquo;y figure plus maintenant, et semble avoir d\u00e9sert\u00e9 les m\u00e9moires car \u00e0 part les exploitants des environs imm\u00e9diats et quelques chasseurs, bien peu connaissent son existence. De fait, elle est loin de tout, difficile d&rsquo;acc\u00e8s, et presque totalement enfouie sous la v\u00e9g\u00e9tation. Mais un chemin a \u00e9t\u00e9 trac\u00e9 dans les ann\u00e9es 2010 pour y acc\u00e9der depuis la piste qui la surplombe, facilitant son approche. On y arrive par le haut d&rsquo;une&nbsp;falaise, en terrain d\u00e9couvert, et pour s&rsquo;enfoncer dans les profondeurs de l&rsquo;ombre il faut d\u00e9nicher une faille, sur le c\u00f4t\u00e9 gauche, au creux de laquelle des marches d&rsquo;une autre \u00e9poque sont \u00e0 peine visibles dans leur mim\u00e9tisme min\u00e9ral, mais bien utiles pour descendre cette pente raide.<\/p>\n\n\n<div class=\"wp-block-image\">\n<figure class=\"aligncenter\"><img decoding=\"async\" src=\"http:\/\/www.reveeveille.net\/photos\/2010\/0410_can_de_tardonnenche\/20100410_can_de_tardonnenche_01.jpg\" alt=\"\"\/><figcaption class=\"wp-element-caption\">Situation g\u00e9n\u00e9rale de la baume de Giral, situ\u00e9e sous la falaise de la gauche du vallon, dans l&rsquo;ombre<\/figcaption><\/figure>\n<\/div>\n\n\n<p><a href=\"https:\/\/photos.google.com\/search\/20100410\/photo\/AF1QipM2q4HdjXYq8TbfbOghnAQlvLc-MhkJbUoQQ3W-\"><\/a>La falaise que l&rsquo;on d\u00e9couvre l\u00e0-dessous est curieusement tordue. Vers la droite, un abri sous roche tr\u00e8s massif semble vouloir arracher la montagne et la pr\u00e9cipiter dans le ravin. Le porche, quand \u00e0 lui, se d\u00e9couvre au dernier moment, malgr\u00e9 ses 7 m\u00e8tres de diam\u00e8tres. Il nous regarde de son oeil rond et noir. A c\u00f4t\u00e9 de l&rsquo;entr\u00e9e principale, deux petits diverticules permettent d&rsquo;entrer et sortir par des voies d\u00e9tourn\u00e9es, ce qui, j&rsquo;imagine, constitue une sacr\u00e9 s\u00e9curit\u00e9 dans certaines circonstances. Mais il para\u00eet qu&rsquo;il y a eu un \u00e9boulement dans les p\u00e9riodes r\u00e9centes, les lieux ont dont probablement chang\u00e9 d&rsquo;aspect.<\/p>\n\n\n<div class=\"wp-block-image\">\n<figure class=\"aligncenter is-resized\"><img loading=\"lazy\" decoding=\"async\" src=\"http:\/\/www.reveeveille.net\/photos\/2006\/0618_baume_de_giral\/20060618_baume_de_giral_escalier.jpg\" alt=\"\" style=\"width:329px;height:439px\" width=\"329\" height=\"439\"\/><figcaption class=\"wp-element-caption\">L&rsquo;escalier rustique qui descend \u00e0 la baume de Giral depuis le haut de la falaise<\/figcaption><\/figure>\n<\/div>\n\n\n<figure class=\"wp-block-image\"><img decoding=\"async\" src=\"http:\/\/www.reveeveille.net\/photos\/2023\/0108_can_de_tardo_borie_giral\/20230108_can_de_tardo_borie_giral_04.jpg\" alt=\"\"\/><\/figure>\n\n\n\n<p>Des crottes de moutons nombreuses et r\u00e9centes t\u00e9moignent de la fr\u00e9quentation r\u00e9guli\u00e8re du lieu par les troupeaux&#8230; mais il n&rsquo;en a sans doute pas toujours \u00e9t\u00e9 ainsi : des ossements humains y ont&nbsp;\u00e9t\u00e9 d\u00e9couverts au XIX\u00e8me si\u00e8cle et nourrissent la l\u00e9gende.&nbsp;Il se&nbsp;raconte, comme dans le \u00ab\u00a0Dictionnaire g\u00e9ographique et administratif de la France\u00a0\u00bb, de P. Joannes, que la grotte aurait servi de \u00ab\u00a0temple\u00a0\u00bb aux protestants dans la p\u00e9riode du d\u00e9sert, et qu&rsquo;une assembl\u00e9e&nbsp;clandestine&nbsp;y aurait \u00e9t\u00e9 d\u00e9nonc\u00e9e et surprise par les dragons du Roy en 1703, ses participants massacr\u00e9s et enterr\u00e9s sur place, et les ossements de ces \u00ab\u00a0martyrs de la conscience blanchissent encore sous les pierrailles amass\u00e9es \u00e0 l&rsquo;entr\u00e9e\u00a0\u00bb. D&rsquo;autres pr\u00e9tendent que les participants \u00e0 cette fameuse assembl\u00e9e auraient \u00e9t\u00e9 emmur\u00e9s vivants.<\/p>\n\n\n\n<figure class=\"wp-block-image\"><img decoding=\"async\" src=\"http:\/\/www.reveeveille.net\/photos\/2006\/0618_baume_de_giral\/20060618_baume_de_giral_entree.jpg\" alt=\"\"\/><\/figure>\n\n\n\n<p>A&nbsp;ce jour je n&rsquo;ai trouv\u00e9 aucune autre trace d&rsquo;une assembl\u00e9e du d\u00e9sert surprise \u00e0 cet endroit cette ann\u00e9e-l\u00e0. Ces interpr\u00e9tations sont donc plus que douteuses, mais elles ne&nbsp;sont pas \u00e9tonnantes. Dans les environs, le l\u00e9gendaire associ\u00e9 \u00e0 l&rsquo;histoire protestante est si tenace que tous les sites un peu \u00ab\u00a0forts\u00a0\u00bb se doivent d&rsquo;avoir, aux \u00e9poques ad\u00e9quates, accueilli des camisards !&nbsp;La seconde version (l&rsquo;assembl\u00e9e emmur\u00e9e) semble encore plus difficile \u00e0 croire que la premi\u00e8re car aucune trace de b\u00e2ti important n&rsquo;est visible \u00e0 l&rsquo;entr\u00e9e du porche, qui semble d&rsquo;ailleurs trop vaste pour \u00eatre ferm\u00e9 facilement. Cette assembl\u00e9e a-t-elle donc \u00e9t\u00e9 invent\u00e9e de toute pi\u00e8ce ? Peut-\u00eatre bien. A un petit kilom\u00e8tre de l\u00e0, se trouve le site de <a href=\"https:\/\/www.reveeveille.net\/candelhospitalet\/?p=1680\">Cros-paradis<\/a>, qui lui a de source s\u00fbre accueilli une assembl\u00e9e qui f\u00fbt surprise. Peut-\u00eatre pourrait-il y avoir eu confusion ou d\u00e9formation avec le bouche \u00e0 oreille ?<\/p>\n\n\n\n<figure class=\"wp-block-image\"><img decoding=\"async\" src=\"http:\/\/www.reveeveille.net\/photos\/2006\/0618_baume_de_giral\/20060618_baume_de_giral_dedans.jpg\" alt=\"\"\/><\/figure>\n\n\n\n<p>Il n&rsquo;en reste pas moins que des ossements ont \u00e9t\u00e9 exhum\u00e9s de cette grotte.&nbsp;Alors d&rsquo;o\u00f9 sont-ils venus ? Comme le dit Philippe Joutard dans \u00ab\u00a0La l\u00e9gende des Camisards\u00a0\u00bb, il est fr\u00e9quent que des ossements trouv\u00e9s dans des grottes de la r\u00e9gion soient \u00ab\u00a0rajeunis\u00a0\u00bb de 2 ou 3 mill\u00e9naires par leurs d\u00e9couvreurs ou la tradition orale, transformant des hommes pr\u00e9historiques en&nbsp;camisards. Il semble donc plus que probable que la baume de Giral, a servi de s\u00e9pulture vers la fin de l&rsquo;\u00e9poque pr\u00e9historique ou \u00e0 la protohistoire, comme&nbsp; la&nbsp;<a href=\"https:\/\/www.reveeveille.net\/candelhospitalet\/?p=676\">grotte des f\u00e9es<\/a>, ce qui ne&nbsp;surprend&nbsp;gu\u00e8re lorsque l&rsquo;on d\u00e9couvre le site qui pr\u00e9sente beaucoup de qualit\u00e9s. Les ossements en question \u00ab\u00a0seraient\u00a0\u00bb actuellement en vrac dans quelque placard du Mus\u00e9e Ignon Fabre de Mende.<\/p>\n\n\n\n<figure class=\"wp-block-image\"><img decoding=\"async\" src=\"http:\/\/www.reveeveille.net\/photos\/2006\/0618_baume_de_giral\/20060618_baume_de_giral_sortie.jpg\" alt=\"\"\/><\/figure>\n\n\n\n<p>Seul probl\u00e8me pour l&rsquo;occupation permanente : l&rsquo;eau. Aucune source \u00e0 proximit\u00e9 imm\u00e9diate. Seules quelques gouttes suintent du plafond par endroits. L&rsquo;eau n&rsquo;a pourtant pas toujours manqu\u00e9 ici : tout au fond, le porche se resserre \u00e0 l&rsquo;\u00e9tat de galerie, puis de boyau, qui continue son cheminement dans le noir sans nous inviter. Des formations calcaires (gours, cascade&#8230;) indiquent sans ambigu\u00eft\u00e9 que l&rsquo;on est bien ici dans une \u00ab\u00a0vraie\u00a0\u00bb grotte, autrefois creus\u00e9e par une rivi\u00e8re souterraine de petite taille. Mais l&rsquo;eau a depuis longtemps d\u00e9sert\u00e9 cette altitude pour s&rsquo;enfoncer plus profond dans la can de Tardonnenche&#8230;<\/p>\n\n\n<div class=\"wp-block-image\">\n<figure class=\"aligncenter\"><img decoding=\"async\" src=\"http:\/\/www.reveeveille.net\/photos\/2010\/0410_can_de_tardonnenche\/20100410_can_de_tardonnenche_06.jpg\" alt=\"\"\/><figcaption class=\"wp-element-caption\">Dr\u00f4le de rencontre \u00e0 la baume : un renard est venu mourir l\u00e0\u2026<\/figcaption><\/figure>\n<\/div>\n\n\n<p>Les habitants du pays se racontent encore que cette grotte communiquerait avec Tardonnenche, et que cela se serait su lorsqu&rsquo;un chien de chasseur aurait disparu ici et r\u00e9apparu l\u00e0&#8230; Mais j&rsquo;ai eu beau farfouiller, je ne trouve aucun passage !<\/p>\n\n\n\n<iframe loading=\"lazy\" src=\"https:\/\/www.reveeveille.net\/geoportail\/cartepublique.aspx?idecrit=16\" width=\"100%\" height=\"400\"><\/iframe>\n","protected":false},"excerpt":{"rendered":"<p>Voici encore un lieu plein de souvenirs, o\u00f9 le r\u00e9el et l&rsquo;imaginaire se c\u00f4toient sans qu&rsquo;il soit toujours possible de faire la part des choses. Port\u00e9e sur les cartes IGN&hellip; <\/p>\n","protected":false},"author":3,"featured_media":1930,"comment_status":"open","ping_status":"open","sticky":false,"template":"","format":"standard","meta":{"_monsterinsights_skip_tracking":false,"_monsterinsights_sitenote_active":false,"_monsterinsights_sitenote_note":"","_monsterinsights_sitenote_category":0,"footnotes":""},"categories":[2],"tags":[46],"class_list":["post-631","post","type-post","status-publish","format-standard","has-post-thumbnail","hentry","category-grotte","tag-can-de-tardonnenche"],"_links":{"self":[{"href":"https:\/\/www.reveeveille.net\/candelhospitalet\/wp-json\/wp\/v2\/posts\/631","targetHints":{"allow":["GET"]}}],"collection":[{"href":"https:\/\/www.reveeveille.net\/candelhospitalet\/wp-json\/wp\/v2\/posts"}],"about":[{"href":"https:\/\/www.reveeveille.net\/candelhospitalet\/wp-json\/wp\/v2\/types\/post"}],"author":[{"embeddable":true,"href":"https:\/\/www.reveeveille.net\/candelhospitalet\/wp-json\/wp\/v2\/users\/3"}],"replies":[{"embeddable":true,"href":"https:\/\/www.reveeveille.net\/candelhospitalet\/wp-json\/wp\/v2\/comments?post=631"}],"version-history":[{"count":4,"href":"https:\/\/www.reveeveille.net\/candelhospitalet\/wp-json\/wp\/v2\/posts\/631\/revisions"}],"predecessor-version":[{"id":4038,"href":"https:\/\/www.reveeveille.net\/candelhospitalet\/wp-json\/wp\/v2\/posts\/631\/revisions\/4038"}],"wp:featuredmedia":[{"embeddable":true,"href":"https:\/\/www.reveeveille.net\/candelhospitalet\/wp-json\/wp\/v2\/media\/1930"}],"wp:attachment":[{"href":"https:\/\/www.reveeveille.net\/candelhospitalet\/wp-json\/wp\/v2\/media?parent=631"}],"wp:term":[{"taxonomy":"category","embeddable":true,"href":"https:\/\/www.reveeveille.net\/candelhospitalet\/wp-json\/wp\/v2\/categories?post=631"},{"taxonomy":"post_tag","embeddable":true,"href":"https:\/\/www.reveeveille.net\/candelhospitalet\/wp-json\/wp\/v2\/tags?post=631"}],"curies":[{"name":"wp","href":"https:\/\/api.w.org\/{rel}","templated":true}]}}