{"id":3267,"date":"2023-08-22T09:12:43","date_gmt":"2023-08-22T09:12:43","guid":{"rendered":"https:\/\/www.reveeveille.net\/candelhospitalet\/?p=3267"},"modified":"2023-08-22T09:12:45","modified_gmt":"2023-08-22T09:12:45","slug":"canaule","status":"publish","type":"post","link":"https:\/\/www.reveeveille.net\/candelhospitalet\/canaule\/","title":{"rendered":"Canaule"},"content":{"rendered":"\n<p>Si vous arpentez les vastes espaces d\u00e9nud\u00e9s de la can de l&rsquo;Hospitalet, vous apercevrez certainement de longues d\u00e9pressions qui serpentent \u00e9l\u00e9gamment \u00e0 la surface. Elles \u00e9voquent des rivi\u00e8res sans eau dont le fonds serait tapiss\u00e9 d&rsquo;herbe. Comme un r\u00e9seau hydrographique, elles forment un chevelu arborescent : les plus petites se \u00ab\u00a0jettent\u00a0\u00bb dans des plus grandes. Peu profondes (gu\u00e8re plus d&rsquo;un m\u00e8tre), elles pr\u00e9sentent des berges peu raides qui n&rsquo;entravent pas le passage des machines, permettant aux agriculteur de les faucher dans la continuit\u00e9 des prairies alentour. Ce sont des pr\u00e9sences un peu fantomatiques, qui interrogent sur leur formation et leur \u00ab\u00a0r\u00f4le\u00a0\u00bb.<\/p>\n\n\n\n<p>Les agriculteurs du plateau les nomment \u00ab\u00a0Canaules\u00a0\u00bb. Pour le g\u00e9ologue, ce terme d\u00e9signe une \u00e9rosion en forme de couloirs plut\u00f4t raides et escarp\u00e9s  qui s&rsquo;observe dans certains types de calcaires. Nous avons manifestement affaire ici \u00e0 quelque chose qui ne correspond pas \u00e0 cette d\u00e9finition. Le terme semble donc employ\u00e9 improprement, je serais curieux de savoir comment il a fait son apparition ici.<\/p>\n\n\n\n<p><\/p>\n\n\n\n<figure class=\"wp-block-image\"><img decoding=\"async\" src=\"http:\/\/www.reveeveille.net\/photos\/2006\/1014_prepa_jeu_piste_nils\/20061014_prepa_jeu_piste_nils_meandres.jpg\" alt=\"\"\/><\/figure>\n\n\n\n<figure class=\"wp-block-image\"><img decoding=\"async\" src=\"http:\/\/www.reveeveille.net\/photos\/2006\/0720_recherche_baume_fees_nicole\/20060720_recherche_baume_fees_nicole_meandres_plaine_des_crottes.jpg\" alt=\"\"\/><\/figure>\n\n\n\n<p>Mais alors, \u00e0 quoi sont dues ces formations ? Je n&rsquo;ai pas trouv\u00e9 d&rsquo;explications d\u00e9taill\u00e9es \u00e0 ce jour, mais une visite sur le plateau pendant ou juste apr\u00e8s un <a href=\"https:\/\/www.reveeveille.net\/cevennevivante\/lepisode-cevenol\/\">\u00e9pisode c\u00e9venol<\/a> (tr\u00e8s grosse pluie) apporte des \u00e9l\u00e9ments de compr\u00e9hension. En effet, d\u00e8s que le flux de pluie d\u00e9passe les capacit\u00e9s d&rsquo;absorption des sols, l&rsquo;eau commence \u00e0 ruisseler \u00e0 la surface en suivant les lignes de pente, qui la m\u00e8nent in\u00e9vitablement vers les points bas : nos canaules (continuons \u00e0 utiliser  ce terme en attendant d&rsquo;avoir mieux). Celles-ci ressemblent bient\u00f4t \u00e0 de v\u00e9ritables rivi\u00e8res, comme notre intuition nous l&rsquo;avait laiss\u00e9 penser par temps sec.<\/p>\n\n\n\n<figure class=\"wp-block-image\"><img decoding=\"async\" src=\"http:\/\/www.reveeveille.net\/photos\/2006\/1019_episode_cevenol_sur_can\/20061019_episode_cevenol_sur_can_rivieres.jpg\" alt=\"\"\/><\/figure>\n\n\n\n<p>Et alors, me direz-vous, toute cette eau, elles l&#8217;emm\u00e8nent o\u00f9, nos canaules ? H\u00e9 bien, vers des points encore plus bas, ou elle finit par \u00eatre goulument absorb\u00e9e par la terre, soit dans un <a href=\"https:\/\/www.reveeveille.net\/candelhospitalet\/grottes-et-avens\/\">aven<\/a> (puits de grotte verticale), soit dans un <a href=\"https:\/\/www.reveeveille.net\/candelhospitalet\/le-ponor-des-crottes\/\">ponor<\/a> (ouverture non p\u00e9n\u00e9trable mais qui laisse passer l&rsquo;eau).<\/p>\n\n\n<div class=\"wp-block-image\">\n<figure class=\"aligncenter\"><img decoding=\"async\" src=\"http:\/\/www.reveeveille.net\/photos\/2011\/1106_bru_marc_prairies_des_crottes_apres_episode_cevenol\/20111106_bru_marc_prairies_des_crottes_apres_episode_cevenol_03.jpg\" alt=\"\"\/><figcaption class=\"wp-element-caption\">Le ponor des crottes termine d&rsquo;absorber l&rsquo;eau d&rsquo;une canaule<\/figcaption><\/figure>\n<\/div>\n\n\n<p>Si la quantit\u00e9 d&rsquo;eau amen\u00e9e par une canaule d\u00e9passe la capacit\u00e9 d&rsquo;absorption de l&rsquo;aven   ou du ponor, l&rsquo;eau monte, s&rsquo;accumule, jusqu&rsquo;\u00e0 former une mare ou un lac temporaire.<\/p>\n\n\n\n<figure class=\"wp-block-image\"><img decoding=\"async\" src=\"http:\/\/www.reveeveille.net\/photos\/2006\/1019_episode_cevenol_sur_can\/20061019_episode_cevenol_sur_can_mare_aux_poteaux.jpg\" alt=\"\"\/><\/figure>\n\n\n<div class=\"wp-block-image\">\n<figure class=\"aligncenter\"><img decoding=\"async\" src=\"http:\/\/www.reveeveille.net\/photos\/2006\/1021_plaine_crottes\/20061021_plaine_crottes_arbre_dans_mare_1.jpg\" alt=\"\"\/><figcaption class=\"wp-element-caption\">Quelques jours plus tard, il reste encore quelques flaques r\u00e9siduelles.<\/figcaption><\/figure>\n<\/div>\n\n<div class=\"wp-block-image\">\n<figure class=\"aligncenter\"><img decoding=\"async\" src=\"http:\/\/www.reveeveille.net\/photos\/2022\/0130_crottes\/20220130_crottes_02.jpg\" alt=\"\"\/><figcaption class=\"wp-element-caption\">Une autre canaule \u00e0 proximit\u00e9 de la lavogne des Crottes<\/figcaption><\/figure>\n<\/div>\n\n<div class=\"wp-block-image\">\n<figure class=\"aligncenter\"><img decoding=\"async\" src=\"http:\/\/www.reveeveille.net\/photos\/2023\/0205_les_crottes\/20230205_les_crottes_02.jpg\" alt=\"\"\/><figcaption class=\"wp-element-caption\">En hiver, la neige s&rsquo;y accumule et met plus de temps \u00e0 fondre<\/figcaption><\/figure>\n<\/div>","protected":false},"excerpt":{"rendered":"<p>Si vous arpentez les vastes espaces d\u00e9nud\u00e9s de la can de l&rsquo;Hospitalet, vous apercevrez certainement de longues d\u00e9pressions qui serpentent \u00e9l\u00e9gamment \u00e0 la surface. Elles \u00e9voquent des rivi\u00e8res sans eau&hellip; <\/p>\n","protected":false},"author":3,"featured_media":3276,"comment_status":"open","ping_status":"open","sticky":false,"template":"","format":"standard","meta":{"_monsterinsights_skip_tracking":false,"_monsterinsights_sitenote_active":false,"_monsterinsights_sitenote_note":"","_monsterinsights_sitenote_category":0,"footnotes":""},"categories":[104,116],"tags":[44],"class_list":["post-3267","post","type-post","status-publish","format-standard","has-post-thumbnail","hentry","category-geologie","category-hydrologie","tag-can-de-lhospitalet"],"_links":{"self":[{"href":"https:\/\/www.reveeveille.net\/candelhospitalet\/wp-json\/wp\/v2\/posts\/3267","targetHints":{"allow":["GET"]}}],"collection":[{"href":"https:\/\/www.reveeveille.net\/candelhospitalet\/wp-json\/wp\/v2\/posts"}],"about":[{"href":"https:\/\/www.reveeveille.net\/candelhospitalet\/wp-json\/wp\/v2\/types\/post"}],"author":[{"embeddable":true,"href":"https:\/\/www.reveeveille.net\/candelhospitalet\/wp-json\/wp\/v2\/users\/3"}],"replies":[{"embeddable":true,"href":"https:\/\/www.reveeveille.net\/candelhospitalet\/wp-json\/wp\/v2\/comments?post=3267"}],"version-history":[{"count":8,"href":"https:\/\/www.reveeveille.net\/candelhospitalet\/wp-json\/wp\/v2\/posts\/3267\/revisions"}],"predecessor-version":[{"id":4042,"href":"https:\/\/www.reveeveille.net\/candelhospitalet\/wp-json\/wp\/v2\/posts\/3267\/revisions\/4042"}],"wp:featuredmedia":[{"embeddable":true,"href":"https:\/\/www.reveeveille.net\/candelhospitalet\/wp-json\/wp\/v2\/media\/3276"}],"wp:attachment":[{"href":"https:\/\/www.reveeveille.net\/candelhospitalet\/wp-json\/wp\/v2\/media?parent=3267"}],"wp:term":[{"taxonomy":"category","embeddable":true,"href":"https:\/\/www.reveeveille.net\/candelhospitalet\/wp-json\/wp\/v2\/categories?post=3267"},{"taxonomy":"post_tag","embeddable":true,"href":"https:\/\/www.reveeveille.net\/candelhospitalet\/wp-json\/wp\/v2\/tags?post=3267"}],"curies":[{"name":"wp","href":"https:\/\/api.w.org\/{rel}","templated":true}]}}