{"id":2596,"date":"2022-10-02T16:24:04","date_gmt":"2022-10-02T16:24:04","guid":{"rendered":"https:\/\/www.reveeveille.net\/candelhospitalet\/?p=2596"},"modified":"2022-10-02T16:24:06","modified_gmt":"2022-10-02T16:24:06","slug":"le-chemin-muletier-anduze-col-du-rey","status":"publish","type":"post","link":"https:\/\/www.reveeveille.net\/candelhospitalet\/le-chemin-muletier-anduze-col-du-rey\/","title":{"rendered":"Le chemin muletier Anduze &#8211; col du Rey"},"content":{"rendered":"\n<p>Depuis Anduze, un chemin muletier remontait la vall\u00e9e du Gardon par Saint Jean de Gardonnenque. Peu apr\u00e8s ce dernier bourg, \u00e0 pied de c\u00f4te, il gravissait au pris d&rsquo;une forte rampe le versant de l&rsquo;\u00e9chine schisteuse s\u00e9parant la Vall\u00e9e Borgne du Valfrancesque. C&rsquo;est alors qu&rsquo;il p\u00e9n\u00e8trait en G\u00e9vaudan \u00e0 la chapelle Saint-Pierre. Il se maintenait ainsi au voisinage de la ligne de faite jusqu&rsquo;\u00e0 Saint-Roman de Tousque. L\u00e0 deux variantes s&rsquo;offraient \u00e0 la circulation.<\/p>\n\n\n\n<h3 class=\"wp-block-heading\">Par la \u00ab\u00a0corniche des C\u00e9vennes\u00a0\u00bb<\/h3>\n\n\n\n<p>La premi\u00e8re utilise d&rsquo;abord la cr\u00eate schisteuse, soit de Saint-Roman de Tousque au Pompidou. Sur cette portion la chauss\u00e9e souffre beaucoup de la pr\u00e9sence de schistes friables, proie facile du ravinement lors des pluies orageuses de l&rsquo;automne. Sur une douzaine de kilom\u00e8tres, dans tous les passages difficiles (dalles de schiste lisses et inclin\u00e9es), de profondes cuvettes circulaire de 10 \u00e0 20 centim\u00e8tres de large avaient \u00e9t\u00e9 creus\u00e9es pour assurer le pas des mulets. Les multiples am\u00e9nagements modernes de la cr\u00eate ont peu \u00e0 peu fait dispara\u00eetre la majeure partie de ce trac\u00e9. Peu de temps apr\u00e8s la guerre, un tron\u00e7on qui subsistait encore dans la rampe aboutissant au col de l&rsquo;Exil a \u00e9t\u00e9 englouti.<\/p>\n\n\n\n<p>Au printemps 76, pour porter \u00e0 10 m\u00e8tres de large la route de la corniche, et en faire une \u00ab\u00a0voie rapide destin\u00e9e \u00e0 relier les fonctionnaires&nbsp; de la pr\u00e9fecture de Loz\u00e8re \u00e0 la pr\u00e9fecture r\u00e9gionale du Languedoc-Roussillon \u00e0 Montpellier\u00a0\u00bb, un magnifique tron\u00e7on de la piste muleti\u00e8re, pr\u00e8s du Vernet, entre les cols de l&rsquo;exil et Saint Pierre, a \u00e9t\u00e9 impitoyablement rabot\u00e9. (Camille Hugues, <a href=\"https:\/\/www.reveeveille.net\/candelhospitalet\/?page_id=2627\">cec<\/a> 1977 n\u00b03, p. 363). Il n&rsquo;en subsiste qu&rsquo;une tranch\u00e9e profond\u00e9ment creus\u00e9e dans la roche sur plusieurs dizaines de m\u00e8tres de long, pr\u00e9sentant des trous r\u00e9guli\u00e8rement espac\u00e9s. Elle d\u00e9bouche au sommet du talus amont de la route de la corniche, et finira probablement rapidement sa vie dans une \u00e9rosion rapide et sans \u00e2me. Bordel de Dieu, qui sont les imb\u00e9ciles qui ont donn\u00e9 ces directives d\u00e9biles (je pr\u00e9cise que ma col\u00e8re ne va pas vers les fonctionnaires, qui en entendent d\u00e9j\u00e0 des vertes et des pas m\u00fbres sur leur compte, et qui n&rsquo;en avaient probablement rien \u00e0 foutre de relier plus vite la capitale r\u00e9gionale).<\/p>\n\n\n\n<p>Bon.<\/p>\n\n\n\n<p>Pour \u00eatre tout \u00e0 fait honn\u00eate, je me dois de signaler que l&rsquo;interpr\u00e9tation de ces traces est controvers\u00e9e : certains n&rsquo;y voient pas du tout une piste muleti\u00e8re mais une laverie de minerai gr\u00e2ce aux eaux de ruissellement qui entra\u00eeneraient les mat\u00e9riaux ind\u00e9sirables par la force du courant, tandis que les m\u00e9taux plus lourds resteraient coinc\u00e9s par gravit\u00e9 dans les trous&#8230; De nombreux gisements de minerais se trouvent \u00e0 proximit\u00e9 (en particulier le gisement de fer de la Valmy), mais pour tout dire je n&rsquo;y crois pas du tout, il me para\u00eet tout \u00e0 fait d\u00e9raisonnable d&rsquo;imaginer que des hommes se soient fait chier \u00e0 creuser le schiste pour \u00e7a, si loin de l&rsquo;eau courante&#8230; et puis&#8230; ce truc, y a pas \u00e0 dire, \u00e7a m&rsquo;\u00e9voque un chemin, voil\u00e0 tout.<\/p>\n\n\n\n<p>Apr\u00e8s le Pompidou la piste muleti\u00e8re escalade la can, sans doute au voisinage du domaine des Crottes. A l&rsquo;H\u00f4pital de la Fage-obscure (actuel <a href=\"https:\/\/www.reveeveille.net\/candelhospitalet\/?p=1846\">Hospitalet<\/a>), il retrouve une draille, jusqu&rsquo;au p\u00e9age du <a href=\"https:\/\/www.reveeveille.net\/candelhospitalet\/?p=1816\">Mas du Rey<\/a>.<\/p>\n\n\n\n<h3 class=\"wp-block-heading\">Par la vall\u00e9e fran\u00e7aise<\/h3>\n\n\n\n<p>En hiver la travers\u00e9e de la can est tr\u00e8s dangereuse en raison de la neige et des brouillards. Une seconde variante permettait d&rsquo;\u00e9viter donc partiellement ce milieu physique si hostile.<\/p>\n\n\n\n<p>Elle emprunte en effet le fond de la vall\u00e9e du Gardon de Sainte-Croix. Le probl\u00e8me ici est la raideur des versants par lesquels on passe de l&rsquo;\u00e9chine schisteuse ou du causse \u00e0 la vall\u00e9e. Au d\u00e9part de Saint-Rornan c&rsquo;est une descente vertigineuse vers Sainte-Croix. Ensuite on remonte la vall\u00e9e par Pont Ravatger. Au del\u00e0 il faut de nouveau escalader le versant soit par Biasses et Mazeldan, soit par Trebessac. Quoi qu&rsquo;il en soit on d\u00e9bouche sur la Cam de Barre et on arrive au bourg de Barre o\u00f9 s&rsquo;op\u00e8re la fusion avec le chemin muletier Alais &#8211; Col du Rey. Ce que je ne comprends pas dans ce trac\u00e9, c&rsquo;est pourquoi il commence par monter de Saint Jean vers Saint Roman de Tousque avant de redescendre vers Sainte Crois, alors qu&rsquo;il serait plus \u00e9conome en \u00e9nergie de passer directement de Saint Jean \u00e0 Sainte Croix par Saint-\u00c9tienne Vall\u00e9e fran\u00e7aise sans monter sur la cr\u00eate&#8230; Peut-\u00eatre n&rsquo;existait-t-il pas de passage Saint Jean &#8211; Saint-\u00c9tienne \u00e0 l&rsquo;\u00e9poque ?<\/p>\n\n\n\n<p>C&rsquo;est sous la forme d&rsquo;un trac\u00e9 commun aux deux itin\u00e9raires que l&rsquo;on atteint le mas du Rey et le chemin passant par le Pompidou.<\/p>\n\n\n\n<h3 class=\"wp-block-heading\">Des destins diff\u00e9rents<\/h3>\n\n\n\n<p>Sous la monarchie absolue les deux chemins vont conna\u00eetre un sort diff\u00e9rent. L&rsquo;itin\u00e9raire par les cr\u00eates est class\u00e9 comme chemin royal des C\u00e9vennes en 1684 ce qui le promettra \u00e0 un avenir de piste carrossable<\/p>\n\n\n\n<p>L&rsquo;itin\u00e9raire par la vall\u00e9e du Gardon de Sainte-Croix n&rsquo;est qu&rsquo;un chemin de secours pendant l&rsquo;hiver. On va donc en faire seulement un bon chemin muletier. Pr\u00e9vu d\u00e8s 1723 sous la pression du bourg de Barre qui esp\u00e8re ainsi un regain d&rsquo;activit\u00e9 pour ses foires et march\u00e9s, l&rsquo;am\u00e9nagement d\u00e9marre \u00e0 partir de 1744. Il concerne la portion entre Pont Ravatger et Barre.<\/p>\n\n\n<div class=\"wp-block-image\">\n<figure class=\"aligncenter\"><img decoding=\"async\" src=\"http:\/\/www.reveeveille.net\/photos\/1900\/0101_illustrations_canhospitalet\/19000101_illustrations_canhospitalet_chemin_muletier_corniche_cevennes.jpg\" alt=\"\"\/><figcaption> Le \u00ab\u00a0chemin muletier\u00a0\u00bb de la corniche des C\u00e9vennes, avant qu&rsquo;il ne soit trop abim\u00e9 par la DDE (Photo publi\u00e9e dans la revue Causse et c\u00e9vennes n\u00b04 de 1957, p. 67 <\/figcaption><\/figure>\n<\/div>\n\n\n<iframe loading=\"lazy\" src=\"https:\/\/www.reveeveille.net\/geoportail\/cartepublique.aspx?idecrit=174\" width=\"100%\" height=\"400\"><\/iframe>\n","protected":false},"excerpt":{"rendered":"<p>Depuis Anduze, un chemin muletier remontait la vall\u00e9e du Gardon par Saint Jean de Gardonnenque. Peu apr\u00e8s ce dernier bourg, \u00e0 pied de c\u00f4te, il gravissait au pris d&rsquo;une forte&hellip; <\/p>\n","protected":false},"author":3,"featured_media":2597,"comment_status":"open","ping_status":"open","sticky":false,"template":"","format":"standard","meta":{"_monsterinsights_skip_tracking":false,"_monsterinsights_sitenote_active":false,"_monsterinsights_sitenote_note":"","_monsterinsights_sitenote_category":0,"footnotes":""},"categories":[82],"tags":[],"class_list":["post-2596","post","type-post","status-publish","format-standard","has-post-thumbnail","hentry","category-routes-et-chemins"],"_links":{"self":[{"href":"https:\/\/www.reveeveille.net\/candelhospitalet\/wp-json\/wp\/v2\/posts\/2596","targetHints":{"allow":["GET"]}}],"collection":[{"href":"https:\/\/www.reveeveille.net\/candelhospitalet\/wp-json\/wp\/v2\/posts"}],"about":[{"href":"https:\/\/www.reveeveille.net\/candelhospitalet\/wp-json\/wp\/v2\/types\/post"}],"author":[{"embeddable":true,"href":"https:\/\/www.reveeveille.net\/candelhospitalet\/wp-json\/wp\/v2\/users\/3"}],"replies":[{"embeddable":true,"href":"https:\/\/www.reveeveille.net\/candelhospitalet\/wp-json\/wp\/v2\/comments?post=2596"}],"version-history":[{"count":5,"href":"https:\/\/www.reveeveille.net\/candelhospitalet\/wp-json\/wp\/v2\/posts\/2596\/revisions"}],"predecessor-version":[{"id":3916,"href":"https:\/\/www.reveeveille.net\/candelhospitalet\/wp-json\/wp\/v2\/posts\/2596\/revisions\/3916"}],"wp:featuredmedia":[{"embeddable":true,"href":"https:\/\/www.reveeveille.net\/candelhospitalet\/wp-json\/wp\/v2\/media\/2597"}],"wp:attachment":[{"href":"https:\/\/www.reveeveille.net\/candelhospitalet\/wp-json\/wp\/v2\/media?parent=2596"}],"wp:term":[{"taxonomy":"category","embeddable":true,"href":"https:\/\/www.reveeveille.net\/candelhospitalet\/wp-json\/wp\/v2\/categories?post=2596"},{"taxonomy":"post_tag","embeddable":true,"href":"https:\/\/www.reveeveille.net\/candelhospitalet\/wp-json\/wp\/v2\/tags?post=2596"}],"curies":[{"name":"wp","href":"https:\/\/api.w.org\/{rel}","templated":true}]}}