{"id":2594,"date":"2022-10-02T15:45:43","date_gmt":"2022-10-02T15:45:43","guid":{"rendered":"https:\/\/www.reveeveille.net\/candelhospitalet\/?p=2594"},"modified":"2022-10-02T15:45:45","modified_gmt":"2022-10-02T15:45:45","slug":"la-draille-de-margeride","status":"publish","type":"post","link":"https:\/\/www.reveeveille.net\/candelhospitalet\/la-draille-de-margeride\/","title":{"rendered":"La draille de Margeride"},"content":{"rendered":"\n<p>Le terme de \u00ab\u00a0draille de Margeride\u00a0\u00bb a une force d&rsquo;\u00e9vocation po\u00e9tique qui donne envie de l&rsquo;utiliser, ce dont je ne me prive pas. Mais il manque de pr\u00e9cision pour d\u00e9crire le r\u00e9seau de chemins dont il est question ici, car plusieurs autres itin\u00e9raires de transhumance permettent de conduire les troupeaux du Languedoc en Margeride, et inversement certains tron\u00e7ons de cet ensemble divergent et m\u00e8nent \u00e0 d&rsquo;autres massifs. Il est plus exact de parler de la collectrice de l&rsquo;Ascli\u00e9 (voir \u00ab\u00a0<a href=\"https:\/\/www.reveeveille.net\/candelhospitalet\/?p=2586\">Histoire g\u00e9n\u00e9rale des drailles<\/a>\u00ab\u00a0), et de r\u00e9server le terme de draille pour les petits tron\u00e7ons qui convergent vers la collectrice elle-m\u00eame.<\/p>\n\n\n\n<div class=\"wp-block-columns is-layout-flex wp-container-core-columns-is-layout-9d6595d7 wp-block-columns-is-layout-flex\">\n<div class=\"wp-block-column is-layout-flow wp-block-column-is-layout-flow\">\n<figure class=\"wp-block-image\"><img decoding=\"async\" src=\"http:\/\/www.reveeveille.net\/photos\/1900\/0101_illustrations_canhospitalet\/19000101_illustrations_canhospitalet_collectrice_asclie_nord.jpg\" alt=\"\"\/><figcaption> Carte de la partie nord de la draille de Margeride (Carte tir\u00e9e de <a href=\"https:\/\/www.reveeveille.net\/candelhospitalet\/bibliographie\/\">cta<\/a>, p. 55) <\/figcaption><\/figure>\n<\/div>\n\n\n\n<div class=\"wp-block-column is-layout-flow wp-block-column-is-layout-flow\">\n<figure class=\"wp-block-image\"><img decoding=\"async\" src=\"http:\/\/www.reveeveille.net\/photos\/1900\/0101_illustrations_canhospitalet\/19000101_illustrations_canhospitalet_collectrice_asclie_sud.jpg\" alt=\"\"\/><figcaption> Partie sud de la draille de Margeride (tir\u00e9 de <a href=\"https:\/\/www.reveeveille.net\/candelhospitalet\/bibliographie\/\">cta<\/a>) <\/figcaption><\/figure>\n<\/div>\n<\/div>\n\n\n\n<p>La collectrice de l&rsquo;Ascli\u00e9, donc, est un ensemble d&rsquo;itin\u00e9raires de transhumance qui rassemble au col de l&rsquo;Ascli\u00e9 diverses drailles en provenance des plaines du Bas-Languedoc, m\u00e8ne pr\u00e8s de Florac ou elle se divise \u00e0 nouveau en drailles \u00e0 destination de plusieurs massifs. Etudions la chose d&rsquo;un peu plus pr\u00e8s.<\/p>\n\n\n\n<p>Pour permettre aux troupeaux des C\u00e9vennes orientales et de la Crau de faire route vers le nord du G\u00e9vaudan, trois drailles montent de la plaine \u00e0 partir Ganges, Saint Bauzille de Putois et Tornac (une autre collectrice part d&rsquo;ailleurs de Tornac pour monter directement au nord vers le Mont Loz\u00e8re et le Tanargue). Ces trois branches convergent vers le col de l&rsquo;Ascli\u00e9, ou elles se r\u00e9unissent pour former&nbsp; la collectrice proprement dite.<\/p>\n\n\n\n<figure class=\"wp-block-image\"><img decoding=\"async\" src=\"http:\/\/www.reveeveille.net\/photos\/1900\/0101_illustrations_canhospitalet\/19000101_illustrations_canhospitalet_draille_de_margeride_sur_can.jpg\" alt=\"\"\/><figcaption> La draille de Margeride n&rsquo;est pratiquement plus utilis\u00e9e : sur cette photo, prise vers le nord en direction de l&rsquo;Hospitalet que l&rsquo;on devine au fonds, son emprise est large de plusieurs dizaines de m\u00e8tres, \u00e0 comparer avec ce qu&rsquo;il reste aujourd&rsquo;hui\u2026 <\/figcaption><\/figure>\n\n\n\n<p>La collectrice suit alors la cr\u00eate pour monter en direction du massif de l&rsquo;Aigoual. A Aire de c\u00f4te, au lieu de continuer vers le sommet, elle prend plein nord. Une longue cr\u00eate horizontale bien pratique la fait passer au col de salid\u00e8s et lui permet de prendre pied sur la can de l&rsquo;Hospitalet, le territoire qui nous int\u00e9resse tout particuli\u00e8rement, au pied d&rsquo;une petite excroissance calcaire appel\u00e9e <a href=\"https:\/\/www.reveeveille.net\/candelhospitalet\/?p=2229\">Peyre-Agude<\/a>. A noter que depuis les environs du col du Marqua\u00efr\u00e8s, il \u00e9tait possible de descendre vers V\u00e9bron et de remonter vers Cabrillac, ce qui constituait une jonction entre les drailles de Margeride et d&rsquo;Aubrac.<\/p>\n\n\n\n<p>Elle traverse la can dans presque toute sa hauteur, passant par <a href=\"https:\/\/www.reveeveille.net\/candelhospitalet\/?p=1846\">l&rsquo;Hospitalet<\/a> (o\u00f9 elle fusionne avec une seconde branche qui arrive de Saint Jean du Gard par l&rsquo;ar\u00eate de l&rsquo;actuelle <a href=\"https:\/\/www.reveeveille.net\/candelhospitalet\/?p=1625\">Corniche des C\u00e9vennes<\/a>, voir ci-dessous), le <a href=\"https:\/\/www.reveeveille.net\/candelhospitalet\/?p=1787\">col de Solp\u00e9ri\u00e8re<\/a>, le <a href=\"https:\/\/www.reveeveille.net\/candelhospitalet\/?p=1780\">col des Fa\u00efsses<\/a> et <a href=\"https:\/\/www.reveeveille.net\/candelhospitalet\/?p=649\">Terre-Rouge<\/a>, pour atteindre le <a href=\"https:\/\/www.reveeveille.net\/candelhospitalet\/?p=1816\">Col du Rey<\/a>, site de p\u00e9age pour les troupeaux. L\u00e0 elle se divise en deux branches :<\/p>\n\n\n\n<ul class=\"wp-block-list\"><li>Une branche part vers Barre, la can de Barre et rejoint le Mont Boug\u00e8s et le Mont Loz\u00e8re par Saint Julien d&rsquo;Arpaon.<\/li><li>Une autre branche part vers le nord. Au niveau du col de Vache, la collectrice quitte le plateau et descend vers Tardonnenche puis Florac. A partir de l\u00e0, elle se divise en en deux drailles, l&rsquo;une part vers l&rsquo;Aubrac par Ispagnac et le causse de Sauveterre, l&rsquo;autre vers la Margeride par l&rsquo;eschino d&rsquo;Aze, l&rsquo;extr\u00e9mit\u00e9 ouest du Mont Loz\u00e8re, le col de la Loubi\u00e8re&#8230;<\/li><\/ul>\n\n\n\n<figure class=\"wp-block-image\"><img decoding=\"async\" src=\"http:\/\/www.reveeveille.net\/photos\/2011\/1127_can_de_saint_laurent\/20111127_can_de_saint_laurent_01.jpg\" alt=\"\"\/><figcaption>La draille, sur la can de Saint Laurent<\/figcaption><\/figure>\n\n\n\n<h3 class=\"wp-block-heading\">La branche de la corniche des C\u00e9vennes<\/h3>\n\n\n\n<p>Les troupeaux montant de la r\u00e9gion N\u00eemoise rejoignaient la draille de Margeride par un autre itin\u00e9raire, qui suivait approximativement l&rsquo;actuelle <a href=\"https:\/\/www.reveeveille.net\/candelhospitalet\/?p=1625\">Corniche des C\u00e9vennes<\/a> : de Pied de c\u00f4te pr\u00e8s de Saint Jean du Gard, la draille montait au col Saint Pierre, se maintenait approximativement \u00e0 l&rsquo;horizontale sur le sommet de cr\u00eate jusqu&rsquo;au Pompidou, puis montait tout droit \u00e0 l&rsquo;assaut de la can en coupant les virages de l&rsquo;actuelle route vers l&rsquo;Abeuradou (l&rsquo;abreuvoir), les p\u00e9si\u00e8res, la borie. De l\u00e0, elle partait plein est vers la c\u00f4te 1035, pr\u00e8s de la ferme des Crottes, regagnait l&#8217;emplacement de la D9 au point 1028, passait pr\u00e8s de l&rsquo;aven de Montgros, puis rejoignait l&rsquo;Hospitalet par la D9.<\/p>\n\n\n\n<figure class=\"wp-block-image\"><img decoding=\"async\" src=\"http:\/\/www.reveeveille.net\/photos\/2006\/0718_corniches_sud_can_lionel\/20060718_corniches_sud_can_lionel_peyreficade.jpg\" alt=\"\"\/><figcaption>La draille de Margeride sur Peyreficade, vue depuis Peyre-Agude<\/figcaption><\/figure>\n\n\n<div class=\"wp-block-image\">\n<figure class=\"aligncenter\"><img decoding=\"async\" src=\"http:\/\/www.reveeveille.net\/photos\/1900\/0101_illustrations_canhospitalet\/19000101_illustrations_canhospitalet_draille_de_margeride_florac_gravure.jpg\" alt=\"\"\/><figcaption> Sur cette gravure repr\u00e9sentant Florac, datant d&rsquo;une \u00e9poque que je ne connais pas, mais sans doute ancienne si l&rsquo;on consid\u00e8re la taille du village, on voit nettement la draille de Margeride descendre de la can de l&rsquo;Hospitalet en haut \u00e0 gauche. <\/figcaption><\/figure>\n<\/div>","protected":false},"excerpt":{"rendered":"<p>Le terme de \u00ab\u00a0draille de Margeride\u00a0\u00bb a une force d&rsquo;\u00e9vocation po\u00e9tique qui donne envie de l&rsquo;utiliser, ce dont je ne me prive pas. Mais il manque de pr\u00e9cision pour d\u00e9crire&hellip; <\/p>\n","protected":false},"author":3,"featured_media":1934,"comment_status":"open","ping_status":"open","sticky":false,"template":"","format":"standard","meta":{"_monsterinsights_skip_tracking":false,"_monsterinsights_sitenote_active":false,"_monsterinsights_sitenote_note":"","_monsterinsights_sitenote_category":0,"footnotes":""},"categories":[83,82],"tags":[],"class_list":["post-2594","post","type-post","status-publish","format-standard","has-post-thumbnail","hentry","category-agriculture-elevage","category-routes-et-chemins"],"_links":{"self":[{"href":"https:\/\/www.reveeveille.net\/candelhospitalet\/wp-json\/wp\/v2\/posts\/2594","targetHints":{"allow":["GET"]}}],"collection":[{"href":"https:\/\/www.reveeveille.net\/candelhospitalet\/wp-json\/wp\/v2\/posts"}],"about":[{"href":"https:\/\/www.reveeveille.net\/candelhospitalet\/wp-json\/wp\/v2\/types\/post"}],"author":[{"embeddable":true,"href":"https:\/\/www.reveeveille.net\/candelhospitalet\/wp-json\/wp\/v2\/users\/3"}],"replies":[{"embeddable":true,"href":"https:\/\/www.reveeveille.net\/candelhospitalet\/wp-json\/wp\/v2\/comments?post=2594"}],"version-history":[{"count":5,"href":"https:\/\/www.reveeveille.net\/candelhospitalet\/wp-json\/wp\/v2\/posts\/2594\/revisions"}],"predecessor-version":[{"id":3882,"href":"https:\/\/www.reveeveille.net\/candelhospitalet\/wp-json\/wp\/v2\/posts\/2594\/revisions\/3882"}],"wp:featuredmedia":[{"embeddable":true,"href":"https:\/\/www.reveeveille.net\/candelhospitalet\/wp-json\/wp\/v2\/media\/1934"}],"wp:attachment":[{"href":"https:\/\/www.reveeveille.net\/candelhospitalet\/wp-json\/wp\/v2\/media?parent=2594"}],"wp:term":[{"taxonomy":"category","embeddable":true,"href":"https:\/\/www.reveeveille.net\/candelhospitalet\/wp-json\/wp\/v2\/categories?post=2594"},{"taxonomy":"post_tag","embeddable":true,"href":"https:\/\/www.reveeveille.net\/candelhospitalet\/wp-json\/wp\/v2\/tags?post=2594"}],"curies":[{"name":"wp","href":"https:\/\/api.w.org\/{rel}","templated":true}]}}