{"id":2395,"date":"2022-10-02T13:33:45","date_gmt":"2022-10-02T13:33:45","guid":{"rendered":"https:\/\/www.reveeveille.net\/candelhospitalet\/?p=2395"},"modified":"2022-10-02T13:33:47","modified_gmt":"2022-10-02T13:33:47","slug":"la-domestication-du-mouton","status":"publish","type":"post","link":"https:\/\/www.reveeveille.net\/candelhospitalet\/la-domestication-du-mouton\/","title":{"rendered":"La domestication du mouton"},"content":{"rendered":"\n<p>Le mouton a \u00e9t\u00e9 domestiqu\u00e9 vers le VII\u00e8me ou VIII\u00e8me mill\u00e9naire, au proche orient, \u00e0 partir d&rsquo;une esp\u00e8ce locale, le mouton sauvage. A cette \u00e9poque, il existait encore des chasseurs-cueilleurs, mais \u00e9galement de plus en plus de cultivateurs. L&rsquo;espace disponible pour la faune sauvage diminuait, les populations humaines augmentaient et le besoin en viande croissait. Apr\u00e8s avoir chass\u00e9 le mouton sauvage, l&rsquo;homme a commenc\u00e9 \u00e0 en \u00e9lever \u00e0 partir d&rsquo;animaux apprivois\u00e9s, trouvant ainsi le moyen de compenser la diminution du gibier sauvage. On pense g\u00e9n\u00e9ralement que les sous-produits comme la laine ou le lait n&rsquo;ont \u00e9t\u00e9 exploit\u00e9s que plus tard, apr\u00e8s un long processus de s\u00e9lection.<br><br>Les ovins sauvages, comme le mouflon, sont pourvus d&rsquo;une toison de poils (la jarre) avec seulement un sous-poil laineux. La laine \u00e9paisse qui convient au filage et au tissage est le produit d&rsquo;une s\u00e9lection \u00e0 long terme qui n&rsquo;a pu \u00eatre entreprise par l&rsquo;agriculture qu&rsquo;une fois les moutons domestiqu\u00e9s. Les animaux des deux sexes portent des cornes.<\/p>\n\n\n\n<p>Les moutons actuels, comme le Lincoln, sont d\u00e9pourvus de cornes, ou bien, comme dans le cas du M\u00e9rinos, seuls les b\u00e9liers en portent. Chez le mouton de Jacob,&nbsp; les animaux portant 4, voire 6 cornes ne sont pas rares. Il s&rsquo;agit certainement d&rsquo;une anomalie g\u00e9n\u00e9tique qui a \u00e9t\u00e9 conserv\u00e9e pour l&rsquo;esth\u00e9tique. Les moutons \u00e0 queue \u00e9paisse de Syrie sont adapt\u00e9s \u00e0 un milieu chaud et sec, et leur graisse leur fournit de l&rsquo;\u00e9nergie. La quantit\u00e9 de laine est tr\u00e8s variable d&rsquo;une esp\u00e8ce \u00e0 l&rsquo;autre. Elle est longue, grossi\u00e8re et lustr\u00e9e chez le Lincoln; dense et \u00e0 fibres tr\u00e8s fines chez le m\u00e9rinos; et assez grossi\u00e8re et l\u00e9g\u00e8rement lustr\u00e9e chez le cheviot.<\/p>\n\n\n\n<p>Les recherches des arch\u00e9ologues et pr\u00e9historiens attestent de l&rsquo;apparition de l&rsquo;ovin dans l&rsquo;alimentation humaine de nos r\u00e9gions vers le VII\u00e8me mill\u00e9naire avant J\u00e9sus-Christ (<a href=\"https:\/\/www.reveeveille.net\/candelhospitalet\/?page_id=2627\">pbp<\/a>), donc apr\u00e8s la domestication au proche-orient, et du d\u00e9veloppement de sa consommation entre les VI\u00e8me et IV\u00e8me mill\u00e9naires. Rien de plus jusqu&rsquo;\u00e0 l&rsquo;\u00e2ge du bronze (II\u00e8me mill\u00e9naire).<\/p>\n\n\n<div class=\"wp-block-image\">\n<figure class=\"aligncenter size-full\"><img loading=\"lazy\" decoding=\"async\" width=\"684\" height=\"895\" src=\"https:\/\/www.reveeveille.net\/candelhospitalet\/wp-content\/uploads\/2021\/08\/19000101_site_cevennes_evolution_ovins-1.jpg\" alt=\"\" class=\"wp-image-2397\" srcset=\"https:\/\/www.reveeveille.net\/candelhospitalet\/wp-content\/uploads\/2021\/08\/19000101_site_cevennes_evolution_ovins-1.jpg 684w, https:\/\/www.reveeveille.net\/candelhospitalet\/wp-content\/uploads\/2021\/08\/19000101_site_cevennes_evolution_ovins-1-229x300.jpg 229w\" sizes=\"auto, (max-width: 684px) 100vw, 684px\" \/><figcaption>Illustration et l\u00e9gende tir\u00e9es de <a href=\"http:\/\/www.reveeveille.net\/gestion\/ecrits\/une_source.aspx?idressource=10\">bdh<\/a>, p. 280<\/figcaption><\/figure>\n<\/div>\n\n\n<iframe loading=\"lazy\" src=\"https:\/\/www.reveeveille.net\/geoportail\/cartepublique.aspx?idecrit=214\" width=\"100%\" height=\"400\"><\/iframe>\n","protected":false},"excerpt":{"rendered":"<p>Le mouton a \u00e9t\u00e9 domestiqu\u00e9 vers le VII\u00e8me ou VIII\u00e8me mill\u00e9naire, au proche orient, \u00e0 partir d&rsquo;une esp\u00e8ce locale, le mouton sauvage. A cette \u00e9poque, il existait encore des chasseurs-cueilleurs,&hellip; <\/p>\n","protected":false},"author":3,"featured_media":2396,"comment_status":"open","ping_status":"open","sticky":false,"template":"","format":"standard","meta":{"_monsterinsights_skip_tracking":false,"_monsterinsights_sitenote_active":false,"_monsterinsights_sitenote_note":"","_monsterinsights_sitenote_category":0,"footnotes":""},"categories":[83],"tags":[],"class_list":["post-2395","post","type-post","status-publish","format-standard","has-post-thumbnail","hentry","category-agriculture-elevage"],"_links":{"self":[{"href":"https:\/\/www.reveeveille.net\/candelhospitalet\/wp-json\/wp\/v2\/posts\/2395","targetHints":{"allow":["GET"]}}],"collection":[{"href":"https:\/\/www.reveeveille.net\/candelhospitalet\/wp-json\/wp\/v2\/posts"}],"about":[{"href":"https:\/\/www.reveeveille.net\/candelhospitalet\/wp-json\/wp\/v2\/types\/post"}],"author":[{"embeddable":true,"href":"https:\/\/www.reveeveille.net\/candelhospitalet\/wp-json\/wp\/v2\/users\/3"}],"replies":[{"embeddable":true,"href":"https:\/\/www.reveeveille.net\/candelhospitalet\/wp-json\/wp\/v2\/comments?post=2395"}],"version-history":[{"count":3,"href":"https:\/\/www.reveeveille.net\/candelhospitalet\/wp-json\/wp\/v2\/posts\/2395\/revisions"}],"predecessor-version":[{"id":3805,"href":"https:\/\/www.reveeveille.net\/candelhospitalet\/wp-json\/wp\/v2\/posts\/2395\/revisions\/3805"}],"wp:featuredmedia":[{"embeddable":true,"href":"https:\/\/www.reveeveille.net\/candelhospitalet\/wp-json\/wp\/v2\/media\/2396"}],"wp:attachment":[{"href":"https:\/\/www.reveeveille.net\/candelhospitalet\/wp-json\/wp\/v2\/media?parent=2395"}],"wp:term":[{"taxonomy":"category","embeddable":true,"href":"https:\/\/www.reveeveille.net\/candelhospitalet\/wp-json\/wp\/v2\/categories?post=2395"},{"taxonomy":"post_tag","embeddable":true,"href":"https:\/\/www.reveeveille.net\/candelhospitalet\/wp-json\/wp\/v2\/tags?post=2395"}],"curies":[{"name":"wp","href":"https:\/\/api.w.org\/{rel}","templated":true}]}}