{"id":2372,"date":"2022-10-02T13:27:35","date_gmt":"2022-10-02T13:27:35","guid":{"rendered":"https:\/\/www.reveeveille.net\/candelhospitalet\/?p=2372"},"modified":"2022-10-02T13:27:38","modified_gmt":"2022-10-02T13:27:38","slug":"sites-speleo-a-surveiller","status":"publish","type":"post","link":"https:\/\/www.reveeveille.net\/candelhospitalet\/sites-speleo-a-surveiller\/","title":{"rendered":"Sites sp\u00e9l\u00e9o \u00e0 surveiller"},"content":{"rendered":"\n<p>Les sites \u00ab\u00a0A surveiller\u00a0\u00bb&nbsp; ne sont ni des grottes ni des avens av\u00e9r\u00e9s. Il s&rsquo;agit de tous ces effondrements, dolines et autres ponors actuellement imp\u00e9n\u00e9trables mais qui pourraient bien, un de ces jours, terminer de s&rsquo;ouvrir pour laisser enfin la place \u00e0 un explorateur humain qui pourrait y d\u00e9couvrir de formidables merveilles. Certains ont m\u00eame pu \u00eatre ouverts dans un pass\u00e9 r\u00e9cent, puis rebouch\u00e9s par un caprice de la nature (un effondrement, par exemple) ou un agriculteur soucieux de la s\u00e9curit\u00e9 de ses b\u00eates ou de la facilit\u00e9 \u00e0 faucher une prairie sans faire des tours et d\u00e9tours pour \u00e9viter une ouverture.<\/p>\n\n\n\n<p>Sur la can, les sites \u00e0 surveiller sont \u00e0 vrai dire plus nombreux que les vrais avens ou grottes. La plupart ne donneront sans doute jamais rien d&rsquo;int\u00e9ressant, mais je les recense patiemment, ne serait-ce que pour les placer sur une carte, ce qui pourrait bien donner des indications int\u00e9ressantes sur les syst\u00e8mes de failles et les r\u00e9seaux souterrains sous-jacents&#8230;<\/p>\n\n\n<div class=\"pt-cv-wrapper\"><div class=\"pt-cv-view pt-cv-grid pt-cv-colsys\" id=\"pt-cv-view-7a4e9f5vyj\"><div data-id=\"pt-cv-page-1\" class=\"pt-cv-page\" data-cvc=\"2\"><div class=\"col-md-6 col-sm-6 col-xs-12 pt-cv-content-item pt-cv-1-col\" ><div class='pt-cv-ifield'><a href=\"https:\/\/www.reveeveille.net\/candelhospitalet\/la-grotte-de-solperiere\/\" class=\"_self pt-cv-href-thumbnail pt-cv-thumb-default\" target=\"_self\" ><img loading=\"lazy\" decoding=\"async\" width=\"150\" height=\"150\" src=\"https:\/\/www.reveeveille.net\/candelhospitalet\/wp-content\/uploads\/2021\/07\/20100418_baume_dolente_claire_et_julien_sandra_et_pierre_15-150x150.jpg\" class=\"pt-cv-thumbnail\" alt=\"\" \/><\/a>\n<h4 class=\"pt-cv-title\"><a href=\"https:\/\/www.reveeveille.net\/candelhospitalet\/la-grotte-de-solperiere\/\" class=\"_self\" target=\"_self\" >La grotte de Solp\u00e9ri\u00e8re<\/a><\/h4>\n<div class=\"pt-cv-content\">Depuis des ann\u00e9es j'entendais parler de la \"grotte de Solp\u00e9ri\u00e8re\", mais d'une mani\u00e8re floue, faisant appara\u00eetre des informations contradictoires. Selon ...<br \/><div class=\"pt-cv-rmwrap\"><a href=\"https:\/\/www.reveeveille.net\/candelhospitalet\/la-grotte-de-solperiere\/\" class=\"_self pt-cv-readmore btn btn-success\" target=\"_self\">Lire<\/a><\/div><\/div><\/div><\/div>\n<div class=\"col-md-6 col-sm-6 col-xs-12 pt-cv-content-item pt-cv-1-col\" ><div class='pt-cv-ifield'><a href=\"https:\/\/www.reveeveille.net\/candelhospitalet\/la-mysterieuse-grotte-de-lhospitalet\/\" class=\"_self pt-cv-href-thumbnail pt-cv-thumb-default\" target=\"_self\" ><img loading=\"lazy\" decoding=\"async\" width=\"150\" height=\"150\" src=\"https:\/\/www.reveeveille.net\/candelhospitalet\/wp-content\/uploads\/2021\/07\/20050506_coin_magique_baumoleiro_interieur-150x150.jpg\" class=\"pt-cv-thumbnail\" alt=\"\" \/><\/a>\n<h4 class=\"pt-cv-title\"><a href=\"https:\/\/www.reveeveille.net\/candelhospitalet\/la-mysterieuse-grotte-de-lhospitalet\/\" class=\"_self\" target=\"_self\" >La myst\u00e9rieuse grotte de l&rsquo;Hospitalet<\/a><\/h4>\n<div class=\"pt-cv-content\">Sur une carte g\u00e9omorphologique sommaire de la can de l'Hospitalet (par J. Rouire et Cl. Rousset, 1973, voir ci-dessous), j'ai ...<br \/><div class=\"pt-cv-rmwrap\"><a href=\"https:\/\/www.reveeveille.net\/candelhospitalet\/la-mysterieuse-grotte-de-lhospitalet\/\" class=\"_self pt-cv-readmore btn btn-success\" target=\"_self\">Lire<\/a><\/div><\/div><\/div><\/div>\n<div class=\"col-md-6 col-sm-6 col-xs-12 pt-cv-content-item pt-cv-1-col\" ><div class='pt-cv-ifield'><a href=\"https:\/\/www.reveeveille.net\/candelhospitalet\/la-grotte-en-chapeau-de-gendarme-de-noziere\/\" class=\"_self pt-cv-href-thumbnail pt-cv-thumb-default\" target=\"_self\" ><img loading=\"lazy\" decoding=\"async\" width=\"150\" height=\"150\" src=\"https:\/\/www.reveeveille.net\/candelhospitalet\/wp-content\/uploads\/2021\/08\/20060425_can_hospitalet_grotte_pres_noziere_1-150x150.jpg\" class=\"pt-cv-thumbnail\" alt=\"\" \/><\/a>\n<h4 class=\"pt-cv-title\"><a href=\"https:\/\/www.reveeveille.net\/candelhospitalet\/la-grotte-en-chapeau-de-gendarme-de-noziere\/\" class=\"_self\" target=\"_self\" >La grotte en chapeau de gendarme de Nozi\u00e8re<\/a><\/h4>\n<div class=\"pt-cv-content\">Celle-l\u00e0, on peut dire qu'elle m'a fait travailler ! Des ann\u00e9es auparavant, j'avais vu sur une carte g\u00e9omorphologique tr\u00e8s impr\u00e9cise, ...<br \/><div class=\"pt-cv-rmwrap\"><a href=\"https:\/\/www.reveeveille.net\/candelhospitalet\/la-grotte-en-chapeau-de-gendarme-de-noziere\/\" class=\"_self pt-cv-readmore btn btn-success\" target=\"_self\">Lire<\/a><\/div><\/div><\/div><\/div>\n<div class=\"col-md-6 col-sm-6 col-xs-12 pt-cv-content-item pt-cv-1-col\" ><div class='pt-cv-ifield'><a href=\"https:\/\/www.reveeveille.net\/candelhospitalet\/aven-rebouche-de-la-ferme-de-montgros\/\" class=\"_self pt-cv-href-thumbnail pt-cv-thumb-default\" target=\"_self\" ><img loading=\"lazy\" decoding=\"async\" width=\"150\" height=\"150\" src=\"https:\/\/www.reveeveille.net\/candelhospitalet\/wp-content\/uploads\/2021\/07\/20070410_coin_magique_au_coeur-150x150.jpg\" class=\"pt-cv-thumbnail\" alt=\"\" \/><\/a>\n<h4 class=\"pt-cv-title\"><a href=\"https:\/\/www.reveeveille.net\/candelhospitalet\/aven-rebouche-de-la-ferme-de-montgros\/\" class=\"_self\" target=\"_self\" >Aven rebouch\u00e9 de la ferme de Montgros<\/a><\/h4>\n<div class=\"pt-cv-content\">En 2007, l'exploitant agricole du secteur de Montgros a racont\u00e9 \u00e0 Raymond Lefillatre que quelques ann\u00e9es auparavant, un aven s'est ...<br \/><div class=\"pt-cv-rmwrap\"><a href=\"https:\/\/www.reveeveille.net\/candelhospitalet\/aven-rebouche-de-la-ferme-de-montgros\/\" class=\"_self pt-cv-readmore btn btn-success\" target=\"_self\">Lire<\/a><\/div><\/div><\/div><\/div>\n<div class=\"col-md-6 col-sm-6 col-xs-12 pt-cv-content-item pt-cv-1-col\" ><div class='pt-cv-ifield'><a href=\"https:\/\/www.reveeveille.net\/candelhospitalet\/amorces-du-chaos-de-petit-le-vieux\/\" class=\"_self pt-cv-href-thumbnail pt-cv-thumb-default\" target=\"_self\" ><img loading=\"lazy\" decoding=\"async\" width=\"150\" height=\"150\" src=\"https:\/\/www.reveeveille.net\/candelhospitalet\/wp-content\/uploads\/2021\/08\/20061021_plaine_crottes_aven_bouche-150x150.jpg\" class=\"pt-cv-thumbnail\" alt=\"\" \/><\/a>\n<h4 class=\"pt-cv-title\"><a href=\"https:\/\/www.reveeveille.net\/candelhospitalet\/amorces-du-chaos-de-petit-le-vieux\/\" class=\"_self\" target=\"_self\" >Les amorces du \u00ab\u00a0chaos de petit le vieux\u00a0\u00bb<\/a><\/h4>\n<div class=\"pt-cv-content\">Le long de la route qui m\u00e8ne de l'Hospitalet au Pompidou, sur la gauche, \u00e0 environ 200 m\u00e8tres avant l'entr\u00e9e ...<br \/><div class=\"pt-cv-rmwrap\"><a href=\"https:\/\/www.reveeveille.net\/candelhospitalet\/amorces-du-chaos-de-petit-le-vieux\/\" class=\"_self pt-cv-readmore btn btn-success\" target=\"_self\">Lire<\/a><\/div><\/div><\/div><\/div>\n<div class=\"col-md-6 col-sm-6 col-xs-12 pt-cv-content-item pt-cv-1-col\" ><div class='pt-cv-ifield'><a href=\"https:\/\/www.reveeveille.net\/candelhospitalet\/inventaire-des-grottes-de-la-can-de-lhospitalet\/\" class=\"_self pt-cv-href-thumbnail pt-cv-thumb-default\" target=\"_self\" ><img loading=\"lazy\" decoding=\"async\" width=\"150\" height=\"150\" src=\"https:\/\/www.reveeveille.net\/candelhospitalet\/wp-content\/uploads\/2021\/08\/20100314_trou_souffleur_solperiere_02-150x150.jpg\" class=\"pt-cv-thumbnail\" alt=\"\" \/><\/a>\n<h4 class=\"pt-cv-title\"><a href=\"https:\/\/www.reveeveille.net\/candelhospitalet\/inventaire-des-grottes-de-la-can-de-lhospitalet\/\" class=\"_self\" target=\"_self\" >Inventaire des grottes de la can de l&rsquo;Hospitalet<\/a><\/h4>\n<div class=\"pt-cv-content\">Voici un inventaire en perp\u00e9tuelle \u00e9volution des grottes et cavit\u00e9s de la can de l'Hospitalet. Les positions ne sont certifi\u00e9es ...<br \/><div class=\"pt-cv-rmwrap\"><a href=\"https:\/\/www.reveeveille.net\/candelhospitalet\/inventaire-des-grottes-de-la-can-de-lhospitalet\/\" class=\"_self pt-cv-readmore btn btn-success\" target=\"_self\">Lire<\/a><\/div><\/div><\/div><\/div>\n<div class=\"col-md-6 col-sm-6 col-xs-12 pt-cv-content-item pt-cv-1-col\" ><div class='pt-cv-ifield'><a href=\"https:\/\/www.reveeveille.net\/candelhospitalet\/aven-rebouche-de-la-plaine-de-montgros\/\" class=\"_self pt-cv-href-thumbnail pt-cv-thumb-default\" target=\"_self\" ><img loading=\"lazy\" decoding=\"async\" width=\"150\" height=\"150\" src=\"https:\/\/www.reveeveille.net\/candelhospitalet\/wp-content\/uploads\/2021\/07\/20061021_plaine_crottes_traces_de_pneux_dans_prairie-150x150.jpg\" class=\"pt-cv-thumbnail\" alt=\"\" \/><\/a>\n<h4 class=\"pt-cv-title\"><a href=\"https:\/\/www.reveeveille.net\/candelhospitalet\/aven-rebouche-de-la-plaine-de-montgros\/\" class=\"_self\" target=\"_self\" >Aven rebouch\u00e9 de la plaine de Montgros<\/a><\/h4>\n<div class=\"pt-cv-content\">Il y en a, des tas de cailloux, ici et l\u00e0 sur la can. Ils sont g\u00e9n\u00e9ralement bomb\u00e9s, ce sont ...<br \/><div class=\"pt-cv-rmwrap\"><a href=\"https:\/\/www.reveeveille.net\/candelhospitalet\/aven-rebouche-de-la-plaine-de-montgros\/\" class=\"_self pt-cv-readmore btn btn-success\" target=\"_self\">Lire<\/a><\/div><\/div><\/div><\/div>\n<div class=\"col-md-6 col-sm-6 col-xs-12 pt-cv-content-item pt-cv-1-col\" ><div class='pt-cv-ifield'><a href=\"https:\/\/www.reveeveille.net\/candelhospitalet\/la-dezob-marguerite\/\" class=\"_self pt-cv-href-thumbnail pt-cv-thumb-default\" target=\"_self\" ><img loading=\"lazy\" decoding=\"async\" width=\"150\" height=\"150\" src=\"https:\/\/www.reveeveille.net\/candelhospitalet\/wp-content\/uploads\/2021\/07\/20101016_can_broussous_03-150x150.jpg\" class=\"pt-cv-thumbnail\" alt=\"\" \/><\/a>\n<h4 class=\"pt-cv-title\"><a href=\"https:\/\/www.reveeveille.net\/candelhospitalet\/la-dezob-marguerite\/\" class=\"_self\" target=\"_self\" >La d\u00e9zob Marguerite<\/a><\/h4>\n<div class=\"pt-cv-content\">Le chemin de la Marguerite est un itin\u00e9raire de petite randonn\u00e9e qui permet de faire une boucle \u00e0 partir du ...<br \/><div class=\"pt-cv-rmwrap\"><a href=\"https:\/\/www.reveeveille.net\/candelhospitalet\/la-dezob-marguerite\/\" class=\"_self pt-cv-readmore btn btn-success\" target=\"_self\">Lire<\/a><\/div><\/div><\/div><\/div>\n<div class=\"col-md-6 col-sm-6 col-xs-12 pt-cv-content-item pt-cv-1-col\" ><div class='pt-cv-ifield'><a href=\"https:\/\/www.reveeveille.net\/candelhospitalet\/laven-bourely\/\" class=\"_self pt-cv-href-thumbnail pt-cv-thumb-default\" target=\"_self\" ><img loading=\"lazy\" decoding=\"async\" width=\"150\" height=\"150\" src=\"https:\/\/www.reveeveille.net\/candelhospitalet\/wp-content\/uploads\/2021\/07\/20100815_prospection_camplong_01-150x150.jpg\" class=\"pt-cv-thumbnail\" alt=\"\" \/><\/a>\n<h4 class=\"pt-cv-title\"><a href=\"https:\/\/www.reveeveille.net\/candelhospitalet\/laven-bourely\/\" class=\"_self\" target=\"_self\" >L&rsquo;aven Bour\u00e9ly<\/a><\/h4>\n<div class=\"pt-cv-content\">Photo d'en-t\u00eate : Vue g\u00e9n\u00e9rale de la carri\u00e8re Bourely.La partie anciennement exploit\u00e9e est en ha L'ancien front de taille, avec ...<br \/><div class=\"pt-cv-rmwrap\"><a href=\"https:\/\/www.reveeveille.net\/candelhospitalet\/laven-bourely\/\" class=\"_self pt-cv-readmore btn btn-success\" target=\"_self\">Lire<\/a><\/div><\/div><\/div><\/div>\n<div class=\"col-md-6 col-sm-6 col-xs-12 pt-cv-content-item pt-cv-1-col\" ><div class='pt-cv-ifield'><a href=\"https:\/\/www.reveeveille.net\/candelhospitalet\/laven-rebouche-du-col-des-faisses\/\" class=\"_self pt-cv-href-thumbnail pt-cv-thumb-default\" target=\"_self\" ><img loading=\"lazy\" decoding=\"async\" width=\"150\" height=\"150\" src=\"https:\/\/www.reveeveille.net\/candelhospitalet\/wp-content\/uploads\/2021\/07\/20060429_hospitalet_grotte_varriere_faisse-150x150.jpg\" class=\"pt-cv-thumbnail\" alt=\"\" \/><\/a>\n<h4 class=\"pt-cv-title\"><a href=\"https:\/\/www.reveeveille.net\/candelhospitalet\/laven-rebouche-du-col-des-faisses\/\" class=\"_self\" target=\"_self\" >L&rsquo;aven rebouch\u00e9 du col des fa\u00efsses<\/a><\/h4>\n<div class=\"pt-cv-content\">Descendre la piste qui part du col des Fa\u00efsses sur quelques centaines de m\u00e8tres vers le sud, en direction de ...<br \/><div class=\"pt-cv-rmwrap\"><a href=\"https:\/\/www.reveeveille.net\/candelhospitalet\/laven-rebouche-du-col-des-faisses\/\" class=\"_self pt-cv-readmore btn btn-success\" target=\"_self\">Lire<\/a><\/div><\/div><\/div><\/div>\n<div class=\"col-md-6 col-sm-6 col-xs-12 pt-cv-content-item pt-cv-1-col\" ><div class='pt-cv-ifield'><a href=\"https:\/\/www.reveeveille.net\/candelhospitalet\/le-meandre-des-crottes\/\" class=\"_self pt-cv-href-thumbnail pt-cv-thumb-default\" target=\"_self\" ><img loading=\"lazy\" decoding=\"async\" width=\"150\" height=\"150\" src=\"https:\/\/www.reveeveille.net\/candelhospitalet\/wp-content\/uploads\/2021\/07\/20051017_grotte_noziere_entree_meandre_crottes-150x150.jpg\" class=\"pt-cv-thumbnail\" alt=\"\" \/><\/a>\n<h4 class=\"pt-cv-title\"><a href=\"https:\/\/www.reveeveille.net\/candelhospitalet\/le-meandre-des-crottes\/\" class=\"_self\" target=\"_self\" >Le m\u00e9andre des Crottes<\/a><\/h4>\n<div class=\"pt-cv-content\">Situ\u00e9e le long de la route, quelques dizaines de m\u00e8tres en amont du virage de la D9 qui relie Saint ...<br \/><div class=\"pt-cv-rmwrap\"><a href=\"https:\/\/www.reveeveille.net\/candelhospitalet\/le-meandre-des-crottes\/\" class=\"_self pt-cv-readmore btn btn-success\" target=\"_self\">Lire<\/a><\/div><\/div><\/div><\/div>\n<div class=\"col-md-6 col-sm-6 col-xs-12 pt-cv-content-item pt-cv-1-col\" ><div class='pt-cv-ifield'><a href=\"https:\/\/www.reveeveille.net\/candelhospitalet\/laven-de-la-remise\/\" class=\"_self pt-cv-href-thumbnail pt-cv-thumb-default\" target=\"_self\" ><img loading=\"lazy\" decoding=\"async\" width=\"150\" height=\"150\" src=\"https:\/\/www.reveeveille.net\/candelhospitalet\/wp-content\/uploads\/2021\/07\/20111030_prospection_speleo_ferriere_02-150x150.jpg\" class=\"pt-cv-thumbnail\" alt=\"\" \/><\/a>\n<h4 class=\"pt-cv-title\"><a href=\"https:\/\/www.reveeveille.net\/candelhospitalet\/laven-de-la-remise\/\" class=\"_self\" target=\"_self\" >L&rsquo;aven de la remise<\/a><\/h4>\n<div class=\"pt-cv-content\">La \"remise\" est un \u00e9tonnant petit b\u00e2timent adoss\u00e9 \u00e0 une petite falaise, le long de la route qui va du ...<br \/><div class=\"pt-cv-rmwrap\"><a href=\"https:\/\/www.reveeveille.net\/candelhospitalet\/laven-de-la-remise\/\" class=\"_self pt-cv-readmore btn btn-success\" target=\"_self\">Lire<\/a><\/div><\/div><\/div><\/div>\n<div class=\"col-md-6 col-sm-6 col-xs-12 pt-cv-content-item pt-cv-1-col\" ><div class='pt-cv-ifield'><a href=\"https:\/\/www.reveeveille.net\/candelhospitalet\/aven-de-la-borie\/\" class=\"_self pt-cv-href-thumbnail pt-cv-thumb-default\" target=\"_self\" ><img loading=\"lazy\" decoding=\"async\" width=\"150\" height=\"150\" src=\"https:\/\/www.reveeveille.net\/candelhospitalet\/wp-content\/uploads\/2021\/07\/20110123_aven_de_la_borie_04-150x150.jpg\" class=\"pt-cv-thumbnail\" alt=\"\" \/><\/a>\n<h4 class=\"pt-cv-title\"><a href=\"https:\/\/www.reveeveille.net\/candelhospitalet\/aven-de-la-borie\/\" class=\"_self\" target=\"_self\" >Aven de la Borie<\/a><\/h4>\n<div class=\"pt-cv-content\">Cet aven s'ouvre \u00e0 environ 15m de d\u00e9nivel\u00e9 au dessus de la route qui descend de la can vers l'Hospitalet, ...<br \/><div class=\"pt-cv-rmwrap\"><a href=\"https:\/\/www.reveeveille.net\/candelhospitalet\/aven-de-la-borie\/\" class=\"_self pt-cv-readmore btn btn-success\" target=\"_self\">Lire<\/a><\/div><\/div><\/div><\/div>\n<div class=\"col-md-6 col-sm-6 col-xs-12 pt-cv-content-item pt-cv-1-col\" ><div class='pt-cv-ifield'><a href=\"https:\/\/www.reveeveille.net\/candelhospitalet\/grotte-du-col-du-rey-n3\/\" class=\"_self pt-cv-href-thumbnail pt-cv-thumb-default\" target=\"_self\" ><img loading=\"lazy\" decoding=\"async\" width=\"150\" height=\"150\" src=\"https:\/\/www.reveeveille.net\/candelhospitalet\/wp-content\/uploads\/2021\/07\/20101004_grottes_du_col_du_rey_01-150x150.jpg\" class=\"pt-cv-thumbnail\" alt=\"\" \/><\/a>\n<h4 class=\"pt-cv-title\"><a href=\"https:\/\/www.reveeveille.net\/candelhospitalet\/grotte-du-col-du-rey-n3\/\" class=\"_self\" target=\"_self\" >Grotte du col du Rey n\u00b03<\/a><\/h4>\n<div class=\"pt-cv-content\">La grotte du col du Rey n\u00b03 s'ouvre au pied de la m\u00eame falaise que les grottes 1 et 2 ...<br \/><div class=\"pt-cv-rmwrap\"><a href=\"https:\/\/www.reveeveille.net\/candelhospitalet\/grotte-du-col-du-rey-n3\/\" class=\"_self pt-cv-readmore btn btn-success\" target=\"_self\">Lire<\/a><\/div><\/div><\/div><\/div><\/div><\/div><\/div>\n","protected":false},"excerpt":{"rendered":"<p>Les sites \u00ab\u00a0A surveiller\u00a0\u00bb&nbsp; ne sont ni des grottes ni des avens av\u00e9r\u00e9s. Il s&rsquo;agit de tous ces effondrements, dolines et autres ponors actuellement imp\u00e9n\u00e9trables mais qui pourraient bien, un&hellip; <\/p>\n","protected":false},"author":3,"featured_media":2373,"comment_status":"open","ping_status":"open","sticky":false,"template":"","format":"standard","meta":{"_monsterinsights_skip_tracking":false,"_monsterinsights_sitenote_active":false,"_monsterinsights_sitenote_note":"","_monsterinsights_sitenote_category":0,"footnotes":""},"categories":[2],"tags":[],"class_list":["post-2372","post","type-post","status-publish","format-standard","has-post-thumbnail","hentry","category-grotte"],"_links":{"self":[{"href":"https:\/\/www.reveeveille.net\/candelhospitalet\/wp-json\/wp\/v2\/posts\/2372","targetHints":{"allow":["GET"]}}],"collection":[{"href":"https:\/\/www.reveeveille.net\/candelhospitalet\/wp-json\/wp\/v2\/posts"}],"about":[{"href":"https:\/\/www.reveeveille.net\/candelhospitalet\/wp-json\/wp\/v2\/types\/post"}],"author":[{"embeddable":true,"href":"https:\/\/www.reveeveille.net\/candelhospitalet\/wp-json\/wp\/v2\/users\/3"}],"replies":[{"embeddable":true,"href":"https:\/\/www.reveeveille.net\/candelhospitalet\/wp-json\/wp\/v2\/comments?post=2372"}],"version-history":[{"count":1,"href":"https:\/\/www.reveeveille.net\/candelhospitalet\/wp-json\/wp\/v2\/posts\/2372\/revisions"}],"predecessor-version":[{"id":2375,"href":"https:\/\/www.reveeveille.net\/candelhospitalet\/wp-json\/wp\/v2\/posts\/2372\/revisions\/2375"}],"wp:featuredmedia":[{"embeddable":true,"href":"https:\/\/www.reveeveille.net\/candelhospitalet\/wp-json\/wp\/v2\/media\/2373"}],"wp:attachment":[{"href":"https:\/\/www.reveeveille.net\/candelhospitalet\/wp-json\/wp\/v2\/media?parent=2372"}],"wp:term":[{"taxonomy":"category","embeddable":true,"href":"https:\/\/www.reveeveille.net\/candelhospitalet\/wp-json\/wp\/v2\/categories?post=2372"},{"taxonomy":"post_tag","embeddable":true,"href":"https:\/\/www.reveeveille.net\/candelhospitalet\/wp-json\/wp\/v2\/tags?post=2372"}],"curies":[{"name":"wp","href":"https:\/\/api.w.org\/{rel}","templated":true}]}}