{"id":2335,"date":"2022-10-02T14:58:10","date_gmt":"2022-10-02T14:58:10","guid":{"rendered":"https:\/\/www.reveeveille.net\/candelhospitalet\/?p=2335"},"modified":"2022-10-02T15:02:53","modified_gmt":"2022-10-02T15:02:53","slug":"aven-rebouche-de-la-ferme-de-montgros","status":"publish","type":"post","link":"https:\/\/www.reveeveille.net\/candelhospitalet\/aven-rebouche-de-la-ferme-de-montgros\/","title":{"rendered":"Aven rebouch\u00e9 de la ferme de Montgros"},"content":{"rendered":"\n<p>En 2007, l&rsquo;exploitant agricole du secteur de Montgros a racont\u00e9 \u00e0 Raymond Lefillatre que quelques ann\u00e9es auparavant, un aven s&rsquo;est ouvert \u00e0 proximit\u00e9 de la ferme (sans plus de pr\u00e9cision), jusqu&rsquo;\u00e0 une profondeur d&rsquo;environ 6 m\u00e8tres. Il a creus\u00e9 \u00e0 la pelle m\u00e9canique et a d\u00e9gag\u00e9 des vestiges de murs, puis a rebouch\u00e9 l&rsquo;ensemble. Ces vestiges pourraient \u00eatre les restes d&rsquo;une vo\u00fbte ancienne destin\u00e9e \u00e0 reboucher l&rsquo;aven par le pass\u00e9 ? Ou cet aven serait en fait une cavit\u00e9 artificielle ? Que de questions passionnantes et sans r\u00e9ponses !<\/p>\n\n\n\n<p>En 2005, un effondrement s&rsquo;est produit \u00e0 environ 200 m\u00e8tres \u00e0 l&rsquo;ouest de l&rsquo;entr\u00e9e de la ferme. Celui-l\u00e0 je peux le d\u00e9crire pr\u00e9cis\u00e9ment car je l&rsquo;ai vu : il formait un tube de terre de forme parfaitement circulaire, d&rsquo;environ 70 centim\u00e8tres de large sur 3 m\u00e8tres de profondeur environ. On apercevait au fonds des roches en vrac. A ma connaissance personne n&rsquo;est descendu y voir de plus pr\u00e8s.<\/p>\n\n\n\n<p>Son ouverture a \u00e9t\u00e9 brutale car au moment des foins il para\u00eet que l&rsquo;un des moissonneurs est tomb\u00e9 dedans jusqu&rsquo;aux bras ! Les agents de terrain du Parc National sont venus jeter un coup d&rsquo;oeil, et ont demand\u00e9 \u00e0 l&rsquo;agriculteur de ne pas reboucher le trou pour observer son \u00e9volution&#8230; H\u00e9las, quelques mois plus tard il \u00e9tait rebouch\u00e9&#8230; mais il pourrait se rouvrir, soyons vigilants ! Etait-ce une r\u00e9ouverture de l&rsquo;aven pr\u00e9c\u00e9demment d\u00e9crit, ou un nouveau trou ?<\/p>\n\n\n\n<p>A 50 m\u00e8tres au nord-ouest de la ferme, \u00e0 l&rsquo;or\u00e9e de la for\u00eat, une cavit\u00e9 s&rsquo;ouvre sous un rocher&#8230; Elle est de faibles dimensions, mais sa forme ronde est \u00e9tonnante, et le fait qu&rsquo;elle ne se rebouche pas avec le temps peut indiquer un soutirement permanent, et donc peut-\u00eatre une suite&#8230; A creuser ! D\u00e9cid\u00e9ment, les environs de la ferme de Montgros sont riches de surprises !<\/p>\n\n\n\n<iframe loading=\"lazy\" src=\"https:\/\/www.reveeveille.net\/geoportail\/cartepublique.aspx?idecrit=1343\" width=\"100%\" height=\"400\"><\/iframe>\n","protected":false},"excerpt":{"rendered":"<p>En 2007, l&rsquo;exploitant agricole du secteur de Montgros a racont\u00e9 \u00e0 Raymond Lefillatre que quelques ann\u00e9es auparavant, un aven s&rsquo;est ouvert \u00e0 proximit\u00e9 de la ferme (sans plus de pr\u00e9cision),&hellip; <\/p>\n","protected":false},"author":3,"featured_media":2210,"comment_status":"open","ping_status":"open","sticky":false,"template":"","format":"standard","meta":{"_monsterinsights_skip_tracking":false,"_monsterinsights_sitenote_active":false,"_monsterinsights_sitenote_note":"","_monsterinsights_sitenote_category":0,"footnotes":""},"categories":[79],"tags":[44],"class_list":["post-2335","post","type-post","status-publish","format-standard","has-post-thumbnail","hentry","category-prospection-speleo","tag-can-de-lhospitalet"],"_links":{"self":[{"href":"https:\/\/www.reveeveille.net\/candelhospitalet\/wp-json\/wp\/v2\/posts\/2335","targetHints":{"allow":["GET"]}}],"collection":[{"href":"https:\/\/www.reveeveille.net\/candelhospitalet\/wp-json\/wp\/v2\/posts"}],"about":[{"href":"https:\/\/www.reveeveille.net\/candelhospitalet\/wp-json\/wp\/v2\/types\/post"}],"author":[{"embeddable":true,"href":"https:\/\/www.reveeveille.net\/candelhospitalet\/wp-json\/wp\/v2\/users\/3"}],"replies":[{"embeddable":true,"href":"https:\/\/www.reveeveille.net\/candelhospitalet\/wp-json\/wp\/v2\/comments?post=2335"}],"version-history":[{"count":3,"href":"https:\/\/www.reveeveille.net\/candelhospitalet\/wp-json\/wp\/v2\/posts\/2335\/revisions"}],"predecessor-version":[{"id":3856,"href":"https:\/\/www.reveeveille.net\/candelhospitalet\/wp-json\/wp\/v2\/posts\/2335\/revisions\/3856"}],"wp:featuredmedia":[{"embeddable":true,"href":"https:\/\/www.reveeveille.net\/candelhospitalet\/wp-json\/wp\/v2\/media\/2210"}],"wp:attachment":[{"href":"https:\/\/www.reveeveille.net\/candelhospitalet\/wp-json\/wp\/v2\/media?parent=2335"}],"wp:term":[{"taxonomy":"category","embeddable":true,"href":"https:\/\/www.reveeveille.net\/candelhospitalet\/wp-json\/wp\/v2\/categories?post=2335"},{"taxonomy":"post_tag","embeddable":true,"href":"https:\/\/www.reveeveille.net\/candelhospitalet\/wp-json\/wp\/v2\/tags?post=2335"}],"curies":[{"name":"wp","href":"https:\/\/api.w.org\/{rel}","templated":true}]}}