{"id":2330,"date":"2022-01-06T14:54:30","date_gmt":"2022-01-06T14:54:30","guid":{"rendered":"https:\/\/www.reveeveille.net\/candelhospitalet\/?p=2330"},"modified":"2022-10-02T16:29:26","modified_gmt":"2022-10-02T16:29:26","slug":"geologie-et-geomorphologie-de-la-can-de-lhospitalet","status":"publish","type":"post","link":"https:\/\/www.reveeveille.net\/candelhospitalet\/geologie-et-geomorphologie-de-la-can-de-lhospitalet\/","title":{"rendered":"G\u00e9ologie et g\u00e9omorphologie de la can de l&rsquo;Hospitalet"},"content":{"rendered":"\n<p>L&rsquo;aspect des paysages de la can de l&rsquo;Hospitalet et des alentours se comprend facilement d\u00e8s lors que l&rsquo;on a les bases d&rsquo;information sur la mani\u00e8re dont elle s&rsquo;est form\u00e9e. Il y a&nbsp;5 millions d&rsquo;ann\u00e9es, \u00e0 la fin des processus de s\u00e9dimentation qui ont d\u00e9pos\u00e9 les calcaires, la can formait un seul et m\u00eame plateau avec le causse M\u00e9jean. Puis les processus d&rsquo;\u00e9rosion se sont mis en marche. En s&rsquo;enfon\u00e7ant le Tarnon a creus\u00e9 jusqu&rsquo;au schiste sous-jacent et un peu au del\u00e0 une profonde vall\u00e9e qui a s\u00e9par\u00e9 la can du Causse. C\u00f4t\u00e9 c\u00e9venol, l&rsquo;\u00e9rosion a enti\u00e8rement d\u00e9cap\u00e9 le calcaire, et la can repose&nbsp;sur les sommets des&nbsp;cr\u00eates schisteuses. La can constitue donc ce que l&rsquo;on appelle en g\u00e9ologie une \u00ab\u00a0butte-t\u00e9moin\u00a0\u00bb, c&rsquo;est \u00e0 dire le fragment d&rsquo;une couche plus large ayant maintenant disparu.<\/p>\n\n\n\n<p>L&rsquo;\u00e9rosion qui est \u00e0 l&rsquo;origine de l&rsquo;individualisation de la can a fonctionn\u00e9 de mani\u00e8re \u00ab\u00a0diff\u00e9rentielle\u00a0\u00bb, ce qui signifie de mani\u00e8re&nbsp;assez compr\u00e9hensible&nbsp;qu&rsquo;elle a attaqu\u00e9 de mani\u00e8re diff\u00e9rente les couches rocheuses selon leur r\u00e9sistance. Les couches les plus meubles (marnes, gr\u00e8s,&nbsp;calcaires tendres) sont&nbsp;en quelque sorte en&nbsp;\u00e9boulement perp\u00e9tuel,&nbsp;et donnent naissance \u00e0 des pentes&nbsp;assez faibles.<\/p>\n\n\n\n<p>Les couches les plus solides (schiste sous-jacent, certains calcaires plus durs)&nbsp;donnent naissance \u00e0 des replats, que l&rsquo;on peut par exemple facilement observer tout autour de la can&nbsp;et&nbsp;du causse M\u00e9jean, \u00e0 mi-pente des versants. On les appelle des&nbsp;\u00ab\u00a0ress\u00e8s\u00a0\u00bb.&nbsp;Ces replats sont importants pour l&rsquo;homme \u00e0 plus d&rsquo;un \u00e9gard. Le terrain plat a permis d&rsquo;y installer des hameaux, des cultures, des voies de communication&#8230; c&rsquo;est souvent l\u00e0 aussi que sortent les sources, chass\u00e9es de sous terre par des couches g\u00e9ologiques imperm\u00e9ables.<\/p>\n\n\n\n<p>Certaines couches de calcaire ont une composition chimique particuli\u00e8re : les ions calcium ont \u00e9t\u00e9 remplac\u00e9s par des ions de Magn\u00e9sium (ne me demandez fichtre pas pourquoi) pour donner un calcaire sp\u00e9cial appel\u00e9 \u00ab\u00a0dolomie\u00a0\u00bb, qui pr\u00e9sente la particularit\u00e9 d&rsquo;\u00eatre moins soluble que la calcite des calcaires ordinaires.&nbsp;Cette particularit\u00e9 donne naissance \u00e0 des reliefs tr\u00e8s particuliers, les reliefs dolomitiques, \u00e0 la fois arrondis et dress\u00e9s vers le ciel, que l&rsquo;on peut par exemple observer&nbsp;dans les&nbsp;chaos de N\u00eemes et Montpellier le vieux sur les Causses, et aux alentours de l&rsquo;Hospitalet sur la can. De nombreuses falaises de bordure de plateau sont \u00e9galement dolomitiques, comme par exemple au dessu de la Baume Dolente pour ce qui concerne la can de l&rsquo;Hospitalet.<\/p>\n\n\n\n<p>Dolomitiques ou pas, les sommets des versants sont assez syst\u00e9matiquement surplomb\u00e9s de falaises terminales appel\u00e9es les&nbsp;\u00ab\u00a0couronnes\u00a0\u00bb, qui donnent aux plateaux vus d&rsquo;en bas leur allure de forteresse bien caract\u00e9ristique.<\/p>\n\n\n\n<p>En certains endroits affleure une couche de \u00ab\u00a0calcaire \u00e0 chailles\u00a0\u00bb (les <a href=\"https:\/\/www.reveeveille.net\/candelhospitalet\/?p=2282\">chailles<\/a> sont une sorte de silex), qui pr\u00e9sente la particularit\u00e9 tout \u00e0 fait \u00e9tonnante pour un calcaire, g\u00e9n\u00e9ralement neutre du point de vue chimique, d&rsquo;\u00eatre l\u00e9g\u00e8rement acide. Ces zones sous souvent mat\u00e9rialis\u00e9es dans le paysage par la pr\u00e9sence gen\u00eats purgatifs, esp\u00e8ce mes milieux plut\u00f4t acides en principe absente des plateaux calcaires. L&rsquo;agriculture a exploit\u00e9 cette diff\u00e9rence car les calcaires \u00e0 Chailles semblent meilleurs pour le Seigle, et les calcaires ordinaires accueillent bien le bl\u00e9.<\/p>\n\n\n\n<p>Coraux fossiles, traces de dinosaures, captures de rivi\u00e8res, filon de microgranite baladeur&#8230; La can de l&rsquo;Hospitalet est riche de nombreuses autres curiosit\u00e9s g\u00e9ologiques et g\u00e9omorphologiques !<\/p>\n\n\n\n<iframe loading=\"lazy\" src=\"https:\/\/www.reveeveille.net\/geoportail\/cartepublique.aspx?idrubric=92\" width=\"100%\" height=\"400\"><\/iframe>\n\n\n<div class=\"pt-cv-wrapper\"><div class=\"pt-cv-view pt-cv-grid pt-cv-colsys\" id=\"pt-cv-view-5f8f45dg94\"><div data-id=\"pt-cv-page-1\" class=\"pt-cv-page\" data-cvc=\"1\"><div class=\"col-md-12 col-sm-12 col-xs-12 pt-cv-content-item pt-cv-2-col\" ><div class='pt-cv-ifield'><a href=\"https:\/\/www.reveeveille.net\/candelhospitalet\/les-fossiles-de-la-can-de-lhospitalet\/\" class=\"_self pt-cv-href-thumbnail pt-cv-thumb-left\" target=\"_self\" ><img loading=\"lazy\" decoding=\"async\" width=\"150\" height=\"150\" src=\"https:\/\/www.reveeveille.net\/candelhospitalet\/wp-content\/uploads\/2021\/08\/20060612_fossiles_can_01-150x150.jpg\" class=\"pt-cv-thumbnail pull-left\" alt=\"\" \/><\/a>\n<h4 class=\"pt-cv-title\"><a href=\"https:\/\/www.reveeveille.net\/candelhospitalet\/les-fossiles-de-la-can-de-lhospitalet\/\" class=\"_self\" target=\"_self\" >Les fossiles de la can de l&rsquo;Hospitalet<\/a><\/h4>\n<div class=\"pt-cv-content\">Je ne suis pas, mais alors pas du tout sp\u00e9cialiste des fossiles. Je ne sais pas les identifier, tout au ...<br \/><div class=\"pt-cv-rmwrap\"><a href=\"https:\/\/www.reveeveille.net\/candelhospitalet\/les-fossiles-de-la-can-de-lhospitalet\/\" class=\"_self pt-cv-readmore btn btn-success\" target=\"_self\">Lire<\/a><\/div><\/div><\/div><\/div>\n<div class=\"col-md-12 col-sm-12 col-xs-12 pt-cv-content-item pt-cv-2-col\" ><div class='pt-cv-ifield'><a href=\"https:\/\/www.reveeveille.net\/candelhospitalet\/les-cornichons-de-mer\/\" class=\"_self pt-cv-href-thumbnail pt-cv-thumb-left\" target=\"_self\" ><img loading=\"lazy\" decoding=\"async\" width=\"150\" height=\"150\" src=\"https:\/\/www.reveeveille.net\/candelhospitalet\/wp-content\/uploads\/2025\/07\/20070930_coraux_fossiles_03-150x150.jpg\" class=\"pt-cv-thumbnail pull-left\" alt=\"\" \/><\/a>\n<h4 class=\"pt-cv-title\"><a href=\"https:\/\/www.reveeveille.net\/candelhospitalet\/les-cornichons-de-mer\/\" class=\"_self\" target=\"_self\" >Les cornichons de mer<\/a><\/h4>\n<div class=\"pt-cv-content\">Les \"cornichons de mer\" sont en fait des cucumaria, un genre faisant partie de la classe des Holothuries. Ils existent ...<br \/><div class=\"pt-cv-rmwrap\"><a href=\"https:\/\/www.reveeveille.net\/candelhospitalet\/les-cornichons-de-mer\/\" class=\"_self pt-cv-readmore btn btn-success\" target=\"_self\">Lire<\/a><\/div><\/div><\/div><\/div>\n<div class=\"col-md-12 col-sm-12 col-xs-12 pt-cv-content-item pt-cv-2-col\" ><div class='pt-cv-ifield'><a href=\"https:\/\/www.reveeveille.net\/candelhospitalet\/les-coraux-fossiles-de-la-can-de-lhospitalet\/\" class=\"_self pt-cv-href-thumbnail pt-cv-thumb-left\" target=\"_self\" ><img loading=\"lazy\" decoding=\"async\" width=\"150\" height=\"150\" src=\"https:\/\/www.reveeveille.net\/candelhospitalet\/wp-content\/uploads\/2021\/07\/20070605_montgros_avec_ml_corail_1-150x150.jpg\" class=\"pt-cv-thumbnail pull-left\" alt=\"\" \/><\/a>\n<h4 class=\"pt-cv-title\"><a href=\"https:\/\/www.reveeveille.net\/candelhospitalet\/les-coraux-fossiles-de-la-can-de-lhospitalet\/\" class=\"_self\" target=\"_self\" >Les coraux fossiles de la can de l&rsquo;Hospitalet<\/a><\/h4>\n<div class=\"pt-cv-content\">La can de l'Hospitalet, comme tous les causses, est constitu\u00e9e de calcaire. Ce calcaire est form\u00e9 par l'accumulation de squelettes ...<br \/><div class=\"pt-cv-rmwrap\"><a href=\"https:\/\/www.reveeveille.net\/candelhospitalet\/les-coraux-fossiles-de-la-can-de-lhospitalet\/\" class=\"_self pt-cv-readmore btn btn-success\" target=\"_self\">Lire<\/a><\/div><\/div><\/div><\/div>\n<div class=\"col-md-12 col-sm-12 col-xs-12 pt-cv-content-item pt-cv-2-col\" ><div class='pt-cv-ifield'><a href=\"https:\/\/www.reveeveille.net\/candelhospitalet\/le-resses\/\" class=\"_self pt-cv-href-thumbnail pt-cv-thumb-left\" target=\"_self\" ><img loading=\"lazy\" decoding=\"async\" width=\"150\" height=\"150\" src=\"https:\/\/www.reveeveille.net\/candelhospitalet\/wp-content\/uploads\/2023\/01\/20181130_Mont-Gargo_04-150x150.jpg\" class=\"pt-cv-thumbnail pull-left\" alt=\"\" \/><\/a>\n<h4 class=\"pt-cv-title\"><a href=\"https:\/\/www.reveeveille.net\/candelhospitalet\/le-resses\/\" class=\"_self\" target=\"_self\" >Le ress\u00e8s<\/a><\/h4>\n<div class=\"pt-cv-content\">Le terme \"ress\u00e8s\" d\u00e9signe un replat plus ou moins horizontal m\u00e9nag\u00e9 dans les pentes du causse ou de la can ...<br \/><div class=\"pt-cv-rmwrap\"><a href=\"https:\/\/www.reveeveille.net\/candelhospitalet\/le-resses\/\" class=\"_self pt-cv-readmore btn btn-success\" target=\"_self\">Lire<\/a><\/div><\/div><\/div><\/div>\n<div class=\"col-md-12 col-sm-12 col-xs-12 pt-cv-content-item pt-cv-2-col\" ><div class='pt-cv-ifield'><a href=\"https:\/\/www.reveeveille.net\/candelhospitalet\/les-tetines-de-balmegouse\/\" class=\"_self pt-cv-href-thumbnail pt-cv-thumb-left\" target=\"_self\" ><img loading=\"lazy\" decoding=\"async\" width=\"150\" height=\"150\" src=\"https:\/\/www.reveeveille.net\/candelhospitalet\/wp-content\/uploads\/2021\/12\/20211101_vallon_du_briancon_et_balmegouse_16-150x150.jpg\" class=\"pt-cv-thumbnail pull-left\" alt=\"\" \/><\/a>\n<h4 class=\"pt-cv-title\"><a href=\"https:\/\/www.reveeveille.net\/candelhospitalet\/les-tetines-de-balmegouse\/\" class=\"_self\" target=\"_self\" >Les t\u00e9tines de Balmegouse<\/a><\/h4>\n<div class=\"pt-cv-content\">Quelques dizaines de m\u00e8tres au dessus de la ferme de Balmegouse, au pied du versant sud de la can des ...<br \/><div class=\"pt-cv-rmwrap\"><a href=\"https:\/\/www.reveeveille.net\/candelhospitalet\/les-tetines-de-balmegouse\/\" class=\"_self pt-cv-readmore btn btn-success\" target=\"_self\">Lire<\/a><\/div><\/div><\/div><\/div>\n<div class=\"col-md-12 col-sm-12 col-xs-12 pt-cv-content-item pt-cv-2-col\" ><div class='pt-cv-ifield'><a href=\"https:\/\/www.reveeveille.net\/candelhospitalet\/canaule\/\" class=\"_self pt-cv-href-thumbnail pt-cv-thumb-left\" target=\"_self\" ><img loading=\"lazy\" decoding=\"async\" width=\"150\" height=\"150\" src=\"https:\/\/www.reveeveille.net\/candelhospitalet\/wp-content\/uploads\/2022\/01\/20061014_prepa_jeu_piste_nils_meandres-150x150.jpg\" class=\"pt-cv-thumbnail pull-left\" alt=\"\" \/><\/a>\n<h4 class=\"pt-cv-title\"><a href=\"https:\/\/www.reveeveille.net\/candelhospitalet\/canaule\/\" class=\"_self\" target=\"_self\" >Canaule<\/a><\/h4>\n<div class=\"pt-cv-content\">Si vous arpentez les vastes espaces d\u00e9nud\u00e9s de la can de l'Hospitalet, vous apercevrez certainement de longues d\u00e9pressions qui serpentent ...<br \/><div class=\"pt-cv-rmwrap\"><a href=\"https:\/\/www.reveeveille.net\/candelhospitalet\/canaule\/\" class=\"_self pt-cv-readmore btn btn-success\" target=\"_self\">Lire<\/a><\/div><\/div><\/div><\/div>\n<div class=\"col-md-12 col-sm-12 col-xs-12 pt-cv-content-item pt-cv-2-col\" ><div class='pt-cv-ifield'><a href=\"https:\/\/www.reveeveille.net\/candelhospitalet\/les-terra-rossa-ou-terres-rouges\/\" class=\"_self pt-cv-href-thumbnail pt-cv-thumb-left\" target=\"_self\" ><img loading=\"lazy\" decoding=\"async\" width=\"150\" height=\"150\" src=\"https:\/\/www.reveeveille.net\/candelhospitalet\/wp-content\/uploads\/2021\/08\/19000101_site_cevennes_rivieres_causses-150x150.jpg\" class=\"pt-cv-thumbnail pull-left\" alt=\"\" srcset=\"https:\/\/www.reveeveille.net\/candelhospitalet\/wp-content\/uploads\/2021\/08\/19000101_site_cevennes_rivieres_causses-150x150.jpg 150w, https:\/\/www.reveeveille.net\/candelhospitalet\/wp-content\/uploads\/2021\/08\/19000101_site_cevennes_rivieres_causses-298x300.jpg 298w, https:\/\/www.reveeveille.net\/candelhospitalet\/wp-content\/uploads\/2021\/08\/19000101_site_cevennes_rivieres_causses.jpg 536w\" sizes=\"auto, (max-width: 150px) 100vw, 150px\" \/><\/a>\n<h4 class=\"pt-cv-title\"><a href=\"https:\/\/www.reveeveille.net\/candelhospitalet\/les-terra-rossa-ou-terres-rouges\/\" class=\"_self\" target=\"_self\" >Les terra rossa, ou \u00ab\u00a0Terres rouges\u00a0\u00bb<\/a><\/h4>\n<div class=\"pt-cv-content\">Au moment des labours sur les causses et la can de l'Hospitalet, la terre rouge\u00e2tre qui permet la culture attire ...<br \/><div class=\"pt-cv-rmwrap\"><a href=\"https:\/\/www.reveeveille.net\/candelhospitalet\/les-terra-rossa-ou-terres-rouges\/\" class=\"_self pt-cv-readmore btn btn-success\" target=\"_self\">Lire<\/a><\/div><\/div><\/div><\/div>\n<div class=\"col-md-12 col-sm-12 col-xs-12 pt-cv-content-item pt-cv-2-col\" ><div class='pt-cv-ifield'><a href=\"https:\/\/www.reveeveille.net\/candelhospitalet\/la-capture-du-valat-de-baumoleiro\/\" class=\"_self pt-cv-href-thumbnail pt-cv-thumb-left\" target=\"_self\" ><img loading=\"lazy\" decoding=\"async\" width=\"150\" height=\"150\" src=\"https:\/\/www.reveeveille.net\/candelhospitalet\/wp-content\/uploads\/2021\/07\/20060424_le_barret_vallon_de_baumoleiro-150x150.jpg\" class=\"pt-cv-thumbnail pull-left\" alt=\"\" \/><\/a>\n<h4 class=\"pt-cv-title\"><a href=\"https:\/\/www.reveeveille.net\/candelhospitalet\/la-capture-du-valat-de-baumoleiro\/\" class=\"_self\" target=\"_self\" >La capture du Valat de Baumole\u00efro<\/a><\/h4>\n<div class=\"pt-cv-content\">A environ 500 m\u00e8tres au nord de l'Hospitalet, la route longe \u00e0 main droite une d\u00e9pression peu profonde. C'est le ...<br \/><div class=\"pt-cv-rmwrap\"><a href=\"https:\/\/www.reveeveille.net\/candelhospitalet\/la-capture-du-valat-de-baumoleiro\/\" class=\"_self pt-cv-readmore btn btn-success\" target=\"_self\">Lire<\/a><\/div><\/div><\/div><\/div>\n<div class=\"col-md-12 col-sm-12 col-xs-12 pt-cv-content-item pt-cv-2-col\" ><div class='pt-cv-ifield'><a href=\"https:\/\/www.reveeveille.net\/candelhospitalet\/la-quille-de-saint-laurent-de-treves\/\" class=\"_self pt-cv-href-thumbnail pt-cv-thumb-left\" target=\"_self\" ><img loading=\"lazy\" decoding=\"async\" width=\"150\" height=\"150\" src=\"https:\/\/www.reveeveille.net\/candelhospitalet\/wp-content\/uploads\/2021\/09\/20031231_saint_laurent_neige_et_soleil_01-150x150.jpg\" class=\"pt-cv-thumbnail pull-left\" alt=\"\" \/><\/a>\n<h4 class=\"pt-cv-title\"><a href=\"https:\/\/www.reveeveille.net\/candelhospitalet\/la-quille-de-saint-laurent-de-treves\/\" class=\"_self\" target=\"_self\" >La quille de Saint Laurent de Tr\u00e8ves<\/a><\/h4>\n<div class=\"pt-cv-content\">Le village de Saint Laurent est install\u00e9 sur un long \u00e9paulement rocheux qui se d\u00e9tache de la Can \u00e0 proximit\u00e9 ...<br \/><div class=\"pt-cv-rmwrap\"><a href=\"https:\/\/www.reveeveille.net\/candelhospitalet\/la-quille-de-saint-laurent-de-treves\/\" class=\"_self pt-cv-readmore btn btn-success\" target=\"_self\">Lire<\/a><\/div><\/div><\/div><\/div>\n<div class=\"col-md-12 col-sm-12 col-xs-12 pt-cv-content-item pt-cv-2-col\" ><div class='pt-cv-ifield'><a href=\"https:\/\/www.reveeveille.net\/candelhospitalet\/sols-polygonaux-sur-la-can-de-lhospitalet\/\" class=\"_self pt-cv-href-thumbnail pt-cv-thumb-left\" target=\"_self\" ><img loading=\"lazy\" decoding=\"async\" width=\"150\" height=\"150\" src=\"https:\/\/www.reveeveille.net\/candelhospitalet\/wp-content\/uploads\/2021\/07\/20080520_fau_florit_01-150x150.jpg\" class=\"pt-cv-thumbnail pull-left\" alt=\"\" \/><\/a>\n<h4 class=\"pt-cv-title\"><a href=\"https:\/\/www.reveeveille.net\/candelhospitalet\/sols-polygonaux-sur-la-can-de-lhospitalet\/\" class=\"_self\" target=\"_self\" >Sols polygonaux sur la Can de L&rsquo;Hospitalet<\/a><\/h4>\n<div class=\"pt-cv-content\">En 1960, P. Marcelin et P. Rutten signalent l'existence, sur la Can de l'Hospitalet, de sols polygonaux, ou polygones de ...<br \/><div class=\"pt-cv-rmwrap\"><a href=\"https:\/\/www.reveeveille.net\/candelhospitalet\/sols-polygonaux-sur-la-can-de-lhospitalet\/\" class=\"_self pt-cv-readmore btn btn-success\" target=\"_self\">Lire<\/a><\/div><\/div><\/div><\/div>\n<div class=\"col-md-12 col-sm-12 col-xs-12 pt-cv-content-item pt-cv-2-col\" ><div class='pt-cv-ifield'><a href=\"https:\/\/www.reveeveille.net\/candelhospitalet\/la-can-de-schiste\/\" class=\"_self pt-cv-href-thumbnail pt-cv-thumb-left\" target=\"_self\" ><img loading=\"lazy\" decoding=\"async\" width=\"150\" height=\"150\" src=\"https:\/\/www.reveeveille.net\/candelhospitalet\/wp-content\/uploads\/2021\/08\/20080613_tartabisac_2_03-150x150.jpg\" class=\"pt-cv-thumbnail pull-left\" alt=\"\" \/><\/a>\n<h4 class=\"pt-cv-title\"><a href=\"https:\/\/www.reveeveille.net\/candelhospitalet\/la-can-de-schiste\/\" class=\"_self\" target=\"_self\" >La can de schiste<\/a><\/h4>\n<div class=\"pt-cv-content\">La can de l'Hospitalet est, par d\u00e9finition m\u00eame, un plateau constitu\u00e9 de calcaire, pos\u00e9 sur le schiste sous-jacent. Effectivement, pour ...<br \/><div class=\"pt-cv-rmwrap\"><a href=\"https:\/\/www.reveeveille.net\/candelhospitalet\/la-can-de-schiste\/\" class=\"_self pt-cv-readmore btn btn-success\" target=\"_self\">Lire<\/a><\/div><\/div><\/div><\/div>\n<div class=\"col-md-12 col-sm-12 col-xs-12 pt-cv-content-item pt-cv-2-col\" ><div class='pt-cv-ifield'><a href=\"https:\/\/www.reveeveille.net\/candelhospitalet\/le-filon-de-micro-granite-du-nord-de-laigoual\/\" class=\"_self pt-cv-href-thumbnail pt-cv-thumb-left\" target=\"_self\" ><img loading=\"lazy\" decoding=\"async\" width=\"150\" height=\"150\" src=\"https:\/\/www.reveeveille.net\/candelhospitalet\/wp-content\/uploads\/2021\/08\/20061103_crete_mazilhou_mur_de_granite_detail-150x150.jpg\" class=\"pt-cv-thumbnail pull-left\" alt=\"\" \/><\/a>\n<h4 class=\"pt-cv-title\"><a href=\"https:\/\/www.reveeveille.net\/candelhospitalet\/le-filon-de-micro-granite-du-nord-de-laigoual\/\" class=\"_self\" target=\"_self\" >Le filon de micro-granite du nord de l&rsquo;Aigoual<\/a><\/h4>\n<div class=\"pt-cv-content\">A force de parcourir ce site, vous l'aurez d\u00e9finitivement compris : la can de l'Hospitalet est une plaque de calcaire ...<br \/><div class=\"pt-cv-rmwrap\"><a href=\"https:\/\/www.reveeveille.net\/candelhospitalet\/le-filon-de-micro-granite-du-nord-de-laigoual\/\" class=\"_self pt-cv-readmore btn btn-success\" target=\"_self\">Lire<\/a><\/div><\/div><\/div><\/div>\n<div class=\"col-md-12 col-sm-12 col-xs-12 pt-cv-content-item pt-cv-2-col\" ><div class='pt-cv-ifield'><a href=\"https:\/\/www.reveeveille.net\/candelhospitalet\/la-mer-de-chailles\/\" class=\"_self pt-cv-href-thumbnail pt-cv-thumb-left\" target=\"_self\" ><img loading=\"lazy\" decoding=\"async\" width=\"150\" height=\"150\" src=\"https:\/\/www.reveeveille.net\/candelhospitalet\/wp-content\/uploads\/2021\/08\/20080619_aventure_oiseau_28-150x150.jpg\" class=\"pt-cv-thumbnail pull-left\" alt=\"\" \/><\/a>\n<h4 class=\"pt-cv-title\"><a href=\"https:\/\/www.reveeveille.net\/candelhospitalet\/la-mer-de-chailles\/\" class=\"_self\" target=\"_self\" >La mer de chailles<\/a><\/h4>\n<div class=\"pt-cv-content\">Les chailles sont des rognons siliceux proches du silex. En l'absence de v\u00e9ritable silex elles ont parfois \u00e9t\u00e9 utilis\u00e9es par ...<br \/><div class=\"pt-cv-rmwrap\"><a href=\"https:\/\/www.reveeveille.net\/candelhospitalet\/la-mer-de-chailles\/\" class=\"_self pt-cv-readmore btn btn-success\" target=\"_self\">Lire<\/a><\/div><\/div><\/div><\/div>\n<div class=\"col-md-12 col-sm-12 col-xs-12 pt-cv-content-item pt-cv-2-col\" ><div class='pt-cv-ifield'><a href=\"https:\/\/www.reveeveille.net\/candelhospitalet\/les-chailles-silex-du-pauvre\/\" class=\"_self pt-cv-href-thumbnail pt-cv-thumb-left\" target=\"_self\" ><img loading=\"lazy\" decoding=\"async\" width=\"150\" height=\"150\" src=\"https:\/\/www.reveeveille.net\/candelhospitalet\/wp-content\/uploads\/2021\/08\/20070119_chaille_can_noire_chaille_et_genet-150x150.jpg\" class=\"pt-cv-thumbnail pull-left\" alt=\"\" \/><\/a>\n<h4 class=\"pt-cv-title\"><a href=\"https:\/\/www.reveeveille.net\/candelhospitalet\/les-chailles-silex-du-pauvre\/\" class=\"_self\" target=\"_self\" >Les chailles, silex du pauvre<\/a><\/h4>\n<div class=\"pt-cv-content\">Photo d'en-t\u00eate :Des blocs de chaille \u00e0 c\u00f4t\u00e9 d'un gen\u00eat purgatif,qui t\u00e9moigne de l'acidit\u00e9 relative du sol malgr\u00e9 le calcaire ...<br \/><div class=\"pt-cv-rmwrap\"><a href=\"https:\/\/www.reveeveille.net\/candelhospitalet\/les-chailles-silex-du-pauvre\/\" class=\"_self pt-cv-readmore btn btn-success\" target=\"_self\">Lire<\/a><\/div><\/div><\/div><\/div>\n<div class=\"col-md-12 col-sm-12 col-xs-12 pt-cv-content-item pt-cv-2-col\" ><div class='pt-cv-ifield'><a href=\"https:\/\/www.reveeveille.net\/candelhospitalet\/arche-de-gres-au-dessus-de-la-plaine-du-pesquie\/\" class=\"_self pt-cv-href-thumbnail pt-cv-thumb-left\" target=\"_self\" ><img loading=\"lazy\" decoding=\"async\" width=\"150\" height=\"150\" src=\"https:\/\/www.reveeveille.net\/candelhospitalet\/wp-content\/uploads\/2021\/07\/20060510_pied_du_causset_linteau_naturel-150x150.jpg\" class=\"pt-cv-thumbnail pull-left\" alt=\"\" \/><\/a>\n<h4 class=\"pt-cv-title\"><a href=\"https:\/\/www.reveeveille.net\/candelhospitalet\/arche-de-gres-au-dessus-de-la-plaine-du-pesquie\/\" class=\"_self\" target=\"_self\" >Arche de gr\u00e8s au dessus de la plaine du Pesqui\u00e9<\/a><\/h4>\n<div class=\"pt-cv-content\">Petite curiosit\u00e9 g\u00e9ologique, cette arche est situ\u00e9e dans les premi\u00e8res couches de gr\u00e8s pos\u00e9es sur le schiste de la plaine ...<br \/><div class=\"pt-cv-rmwrap\"><a href=\"https:\/\/www.reveeveille.net\/candelhospitalet\/arche-de-gres-au-dessus-de-la-plaine-du-pesquie\/\" class=\"_self pt-cv-readmore btn btn-success\" target=\"_self\">Lire<\/a><\/div><\/div><\/div><\/div>\n<div class=\"col-md-12 col-sm-12 col-xs-12 pt-cv-content-item pt-cv-2-col\" ><div class='pt-cv-ifield'><a href=\"https:\/\/www.reveeveille.net\/candelhospitalet\/joli-plissement-geologique-dans-la-combe-au-dessus-de-loultre\/\" class=\"_self pt-cv-href-thumbnail pt-cv-thumb-left\" target=\"_self\" ><img loading=\"lazy\" decoding=\"async\" width=\"150\" height=\"150\" src=\"https:\/\/www.reveeveille.net\/candelhospitalet\/wp-content\/uploads\/2021\/07\/20070416_can_oultre_plissement_2-150x150.jpg\" class=\"pt-cv-thumbnail pull-left\" alt=\"\" \/><\/a>\n<h4 class=\"pt-cv-title\"><a href=\"https:\/\/www.reveeveille.net\/candelhospitalet\/joli-plissement-geologique-dans-la-combe-au-dessus-de-loultre\/\" class=\"_self\" target=\"_self\" >Joli plissement g\u00e9ologique dans la combe au dessus de l&rsquo;Oultre<\/a><\/h4>\n<div class=\"pt-cv-content\">Dans le bel ordonnancement des couches de calcaire, sagement et horizontalement empil\u00e9es sur le rebord du vallon, il y a ...<br \/><div class=\"pt-cv-rmwrap\"><a href=\"https:\/\/www.reveeveille.net\/candelhospitalet\/joli-plissement-geologique-dans-la-combe-au-dessus-de-loultre\/\" class=\"_self pt-cv-readmore btn btn-success\" target=\"_self\">Lire<\/a><\/div><\/div><\/div><\/div>\n<div class=\"col-md-12 col-sm-12 col-xs-12 pt-cv-content-item pt-cv-2-col\" ><div class='pt-cv-ifield'><a href=\"https:\/\/www.reveeveille.net\/candelhospitalet\/les-limonites-et-les-nodules-ferreux-de-la-can-de-lhospitalet\/\" class=\"_self pt-cv-href-thumbnail pt-cv-thumb-left\" target=\"_self\" ><img loading=\"lazy\" decoding=\"async\" width=\"150\" height=\"150\" src=\"https:\/\/www.reveeveille.net\/candelhospitalet\/wp-content\/uploads\/2021\/07\/20060803_cailloux_can_limonites-150x150.jpg\" class=\"pt-cv-thumbnail pull-left\" alt=\"\" \/><\/a>\n<h4 class=\"pt-cv-title\"><a href=\"https:\/\/www.reveeveille.net\/candelhospitalet\/les-limonites-et-les-nodules-ferreux-de-la-can-de-lhospitalet\/\" class=\"_self\" target=\"_self\" >Les limonites et les nodules ferreux de la can de l&rsquo;Hospitalet<\/a><\/h4>\n<div class=\"pt-cv-content\">Les sols calcaires de la can de l'Hospitalet sont relativement riches en fer. Ce fait est connu depuis tr\u00e8s longtemps ...<br \/><div class=\"pt-cv-rmwrap\"><a href=\"https:\/\/www.reveeveille.net\/candelhospitalet\/les-limonites-et-les-nodules-ferreux-de-la-can-de-lhospitalet\/\" class=\"_self pt-cv-readmore btn btn-success\" target=\"_self\">Lire<\/a><\/div><\/div><\/div><\/div>\n<div class=\"col-md-12 col-sm-12 col-xs-12 pt-cv-content-item pt-cv-2-col\" ><div class='pt-cv-ifield'><a href=\"https:\/\/www.reveeveille.net\/candelhospitalet\/la-karstification\/\" class=\"_self pt-cv-href-thumbnail pt-cv-thumb-left\" target=\"_self\" ><img loading=\"lazy\" decoding=\"async\" width=\"150\" height=\"150\" src=\"https:\/\/www.reveeveille.net\/candelhospitalet\/wp-content\/uploads\/2021\/07\/20140222_malaval_09-150x150.jpg\" class=\"pt-cv-thumbnail pull-left\" alt=\"\" \/><\/a>\n<h4 class=\"pt-cv-title\"><a href=\"https:\/\/www.reveeveille.net\/candelhospitalet\/la-karstification\/\" class=\"_self\" target=\"_self\" >La karstification<\/a><\/h4>\n<div class=\"pt-cv-content\">Le terme de karst d\u00e9signe une structure g\u00e9omorphologique qui r\u00e9sulte de l'\u00e9rosion hydrochimique et hydraulique de roches solubles, et en ...<br \/><div class=\"pt-cv-rmwrap\"><a href=\"https:\/\/www.reveeveille.net\/candelhospitalet\/la-karstification\/\" class=\"_self pt-cv-readmore btn btn-success\" target=\"_self\">Lire<\/a><\/div><\/div><\/div><\/div>\n<div class=\"col-md-12 col-sm-12 col-xs-12 pt-cv-content-item pt-cv-2-col\" ><div class='pt-cv-ifield'><a href=\"https:\/\/www.reveeveille.net\/candelhospitalet\/la-formation-de-la-can-de-lhospitalet\/\" class=\"_self pt-cv-href-thumbnail pt-cv-thumb-left\" target=\"_self\" ><img loading=\"lazy\" decoding=\"async\" width=\"150\" height=\"150\" src=\"https:\/\/www.reveeveille.net\/candelhospitalet\/wp-content\/uploads\/2021\/08\/19000101_site_cevennes_rivieres_causses-150x150.jpg\" class=\"pt-cv-thumbnail pull-left\" alt=\"\" srcset=\"https:\/\/www.reveeveille.net\/candelhospitalet\/wp-content\/uploads\/2021\/08\/19000101_site_cevennes_rivieres_causses-150x150.jpg 150w, https:\/\/www.reveeveille.net\/candelhospitalet\/wp-content\/uploads\/2021\/08\/19000101_site_cevennes_rivieres_causses-298x300.jpg 298w, https:\/\/www.reveeveille.net\/candelhospitalet\/wp-content\/uploads\/2021\/08\/19000101_site_cevennes_rivieres_causses.jpg 536w\" sizes=\"auto, (max-width: 150px) 100vw, 150px\" \/><\/a>\n<h4 class=\"pt-cv-title\"><a href=\"https:\/\/www.reveeveille.net\/candelhospitalet\/la-formation-de-la-can-de-lhospitalet\/\" class=\"_self\" target=\"_self\" >La formation des causses et de la can de l&rsquo;Hospitalet<\/a><\/h4>\n<div class=\"pt-cv-content\">A quelle \u00e9poque le plateau des cans s'est-il form\u00e9 ? La question est moins \u00e9vidente qu'il n'y para\u00eet, car les ...<br \/><div class=\"pt-cv-rmwrap\"><a href=\"https:\/\/www.reveeveille.net\/candelhospitalet\/la-formation-de-la-can-de-lhospitalet\/\" class=\"_self pt-cv-readmore btn btn-success\" target=\"_self\">Lire<\/a><\/div><\/div><\/div><\/div><\/div><\/div><\/div>\n","protected":false},"excerpt":{"rendered":"<p>L&rsquo;aspect des paysages de la can de l&rsquo;Hospitalet et des alentours se comprend facilement d\u00e8s lors que l&rsquo;on a les bases d&rsquo;information sur la mani\u00e8re dont elle s&rsquo;est form\u00e9e. Il&hellip; <\/p>\n","protected":false},"author":3,"featured_media":1872,"comment_status":"open","ping_status":"open","sticky":false,"template":"","format":"standard","meta":{"_monsterinsights_skip_tracking":false,"_monsterinsights_sitenote_active":false,"_monsterinsights_sitenote_note":"","_monsterinsights_sitenote_category":0,"footnotes":""},"categories":[15],"tags":[],"class_list":["post-2330","post","type-post","status-publish","format-standard","has-post-thumbnail","hentry","category-nature"],"_links":{"self":[{"href":"https:\/\/www.reveeveille.net\/candelhospitalet\/wp-json\/wp\/v2\/posts\/2330","targetHints":{"allow":["GET"]}}],"collection":[{"href":"https:\/\/www.reveeveille.net\/candelhospitalet\/wp-json\/wp\/v2\/posts"}],"about":[{"href":"https:\/\/www.reveeveille.net\/candelhospitalet\/wp-json\/wp\/v2\/types\/post"}],"author":[{"embeddable":true,"href":"https:\/\/www.reveeveille.net\/candelhospitalet\/wp-json\/wp\/v2\/users\/3"}],"replies":[{"embeddable":true,"href":"https:\/\/www.reveeveille.net\/candelhospitalet\/wp-json\/wp\/v2\/comments?post=2330"}],"version-history":[{"count":5,"href":"https:\/\/www.reveeveille.net\/candelhospitalet\/wp-json\/wp\/v2\/posts\/2330\/revisions"}],"predecessor-version":[{"id":3922,"href":"https:\/\/www.reveeveille.net\/candelhospitalet\/wp-json\/wp\/v2\/posts\/2330\/revisions\/3922"}],"wp:featuredmedia":[{"embeddable":true,"href":"https:\/\/www.reveeveille.net\/candelhospitalet\/wp-json\/wp\/v2\/media\/1872"}],"wp:attachment":[{"href":"https:\/\/www.reveeveille.net\/candelhospitalet\/wp-json\/wp\/v2\/media?parent=2330"}],"wp:term":[{"taxonomy":"category","embeddable":true,"href":"https:\/\/www.reveeveille.net\/candelhospitalet\/wp-json\/wp\/v2\/categories?post=2330"},{"taxonomy":"post_tag","embeddable":true,"href":"https:\/\/www.reveeveille.net\/candelhospitalet\/wp-json\/wp\/v2\/tags?post=2330"}],"curies":[{"name":"wp","href":"https:\/\/api.w.org\/{rel}","templated":true}]}}